{"id":31392,"date":"2022-05-24T10:37:58","date_gmt":"2022-05-24T13:37:58","guid":{"rendered":"https:\/\/awf.world\/awf-news\/linnovation-dans-les-missions-hommes-daffaires-et-professionnels\/"},"modified":"2022-11-04T13:44:37","modified_gmt":"2022-11-04T16:44:37","slug":"linnovation-dans-les-missions-hommes-daffaires-et-professionnels","status":"publish","type":"awf-news","link":"https:\/\/awf.world\/fr\/awf-news\/linnovation-dans-les-missions-hommes-daffaires-et-professionnels\/","title":{"rendered":"L\u2019Innovation dans les Missions: Hommes d\u2019Affaires et Professionnels"},"content":{"rendered":"<h3 style=\"text-align: justify;\">Le premier Congr\u00e8s International des Affaires et des Missions de l\u2019UMA s\u2019est tenu au Chili en avril 2022. Poursuivant des projets de collaboration qui enverront sp\u00e9cifiquement des professionnels du march\u00e9 d\u2019Am\u00e9rique latine, l\u2019Alliance Chr\u00e9tienne et Missionnaire continue de travailler \u00e0 l\u2019union des efforts pour inclure les hommes d\u2019affaires et les professionnels dans les missions. Si vous souhaitez vous impliquer, veuillez contacter <a href=\"mailto:office@awf.world\" target=\"_blank\" rel=\"noopener\">office@awf.world<\/a>.<\/h3>\n<p>Au cours des <a href=\"https:\/\/awf.world\/fr\/awf-news\/fin-de-la-tache-qui-dois-je-envoyer-qui-ira-pour-nous\/\" target=\"_blank\" rel=\"noopener\">ateliers de la Quadriennale de l\u2019UMA 2021 \u00e0 Guayaquil<\/a>, l\u2019un des th\u00e8mes centraux \u00e9tait la mani\u00e8re d\u2019accro\u00eetre la mobilisation et l\u2019engagement actuel dans les entreprises et sur le march\u00e9. Les discussions ont d\u00e9bouch\u00e9 sur les prochaines \u00e9tapes pratiques pour poursuivre les conversations sur la fa\u00e7on de commencer les partenariats et la collaboration. L\u2019objectif est de renforcer le capital social des professionnels et des entrepreneurs de la r\u00e9gion d\u2019Am\u00e9rique latine, ainsi que de concevoir de nouvelles actions conjointes pour mettre en \u0153uvre de nouveaux projets commerciaux au niveau international.<\/p>\n<p><img loading=\"lazy\" decoding=\"async\" class=\"alignright size-medium wp-image-31385\" src=\"https:\/\/awf.world\/wp-content\/uploads\/2022\/05\/Chile_Professionals-and-Businessmen-Workshop_2022-0442-300x200.jpg\" alt=\"\" width=\"300\" height=\"200\" srcset=\"https:\/\/awf.world\/wp-content\/uploads\/2022\/05\/Chile_Professionals-and-Businessmen-Workshop_2022-0442-300x200.jpg 300w, https:\/\/awf.world\/wp-content\/uploads\/2022\/05\/Chile_Professionals-and-Businessmen-Workshop_2022-0442-1024x683.jpg 1024w, https:\/\/awf.world\/wp-content\/uploads\/2022\/05\/Chile_Professionals-and-Businessmen-Workshop_2022-0442-768x512.jpg 768w, https:\/\/awf.world\/wp-content\/uploads\/2022\/05\/Chile_Professionals-and-Businessmen-Workshop_2022-0442-391x260.jpg 391w, https:\/\/awf.world\/wp-content\/uploads\/2022\/05\/Chile_Professionals-and-Businessmen-Workshop_2022-0442-1536x1024.jpg 1536w\" sizes=\"auto, (max-width: 300px) 100vw, 300px\" \/><\/p>\n<p>Le premier Congr\u00e8s International des Affaires et des Missions de l\u2019UMA a \u00e9t\u00e9 organis\u00e9 par le D\u00e9partement des Missions de l\u2019Alliance chilienne en raison de son int\u00e9r\u00eat \u00e0 r\u00e9unir des dirigeants confessionnels, des pasteurs et des hommes d\u2019affaires pour promouvoir une culture de l\u2019entrepreneuriat parmi les travailleurs interculturels. Cela leur permettra de construire des soci\u00e9t\u00e9s et des entreprises en tant que plate-forme pour les missions. De nombreux hommes d\u2019affaires de l\u2019Alliance du Chili d\u00e9veloppent activement des mod\u00e8les commerciaux pouvant \u00eatre mis en \u0153uvre dans diff\u00e9rents pays.<\/p>\n<p>Dans les pays o\u00f9 l\u2019acc\u00e8s \u00e0 l\u2019\u00e9vangile est restreint, il est n\u00e9cessaire de disposer de nouvelles plates-formes qui permettent aux missions d\u2019avoir une entr\u00e9e l\u00e9gitime et d\u2019obtenir des ressources \u00e9conomiques qui permettent \u00e9galement de financer les missions.<\/p>\n<p><img loading=\"lazy\" decoding=\"async\" class=\"alignleft size-medium wp-image-31382\" src=\"https:\/\/awf.world\/wp-content\/uploads\/2022\/05\/Chile_Professionals-and-Businessmen-Workshop_2022-0445-300x200.jpg\" alt=\"\" width=\"300\" height=\"200\" srcset=\"https:\/\/awf.world\/wp-content\/uploads\/2022\/05\/Chile_Professionals-and-Businessmen-Workshop_2022-0445-300x200.jpg 300w, https:\/\/awf.world\/wp-content\/uploads\/2022\/05\/Chile_Professionals-and-Businessmen-Workshop_2022-0445-1024x683.jpg 1024w, https:\/\/awf.world\/wp-content\/uploads\/2022\/05\/Chile_Professionals-and-Businessmen-Workshop_2022-0445-768x512.jpg 768w, https:\/\/awf.world\/wp-content\/uploads\/2022\/05\/Chile_Professionals-and-Businessmen-Workshop_2022-0445-391x260.jpg 391w, https:\/\/awf.world\/wp-content\/uploads\/2022\/05\/Chile_Professionals-and-Businessmen-Workshop_2022-0445-1536x1024.jpg 1536w\" sizes=\"auto, (max-width: 300px) 100vw, 300px\" \/><\/p>\n<p>Le pasteur Iv\u00e1n Bonilla, directeur des missions de l\u2019Alliance colombienne, a pr\u00e9sent\u00e9 le projet \u00ab \u00c9cole Missionnaire de Barista \u00bb. Il vise \u00e0 cr\u00e9er un programme de barista pour les travailleurs internationaux de l\u2019Alliance du monde entier qui souhaitent entrer dans des pays \u00e0 acc\u00e8s restreint avec un visa d\u2019affaires ou en tant que travailleurs experts dans la pr\u00e9paration de boissons \u00e0 base de caf\u00e9.<\/p>\n<p>Les professionnels et les entrepreneurs ont \u00e9t\u00e9 encourag\u00e9s \u00e0 continuer \u00e0 utiliser leurs dons, leurs talents, leurs comp\u00e9tences et leurs ressources pour faire partie de la mobilisation missionnaire visant \u00e0 \u00e9tendre le Royaume de Dieu.<\/p>\n<p>Prions pour que le Seigneur guide et donne la sagesse \u00e0 nos fr\u00e8res et s\u0153urs pour qu\u2019ils continuent \u00e0 d\u00e9velopper leur minist\u00e8re de mission commerciale et professionnelle. Priez \u00e9galement pour les prochaines \u00e9tapes et les partenariats qu\u2019ils entreprendront. Que le Seigneur les aide \u00e0 solidifier ce minist\u00e8re. Si vous souhaitez vous impliquer, veuillez contacter <a href=\"mailto:office@awf.world\" target=\"_blank\" rel=\"noopener\">office@awf.world<\/a>.<\/p>\n","protected":false},"author":24,"featured_media":31380,"template":"","meta":{"inline_featured_image":false,"ngg_post_thumbnail":0,"_EventAllDay":false,"_EventTimezone":"","_EventStartDate":"","_EventEndDate":"","_EventStartDateUTC":"","_EventEndDateUTC":"","_EventShowMap":false,"_EventShowMapLink":false,"_EventURL":"","_EventCost":"","_EventCostDescription":"","_EventCurrencySymbol":"","_EventCurrencyCode":"","_EventCurrencyPosition":"","_EventDateTimeSeparator":"","_EventTimeRangeSeparator":"","_EventOrganizerID":[],"_EventVenueID":[],"_OrganizerEmail":"","_OrganizerPhone":"","_OrganizerWebsite":"","_VenueAddress":"","_VenueCity":"","_VenueCountry":"","_VenueProvince":"","_VenueState":"","_VenueZip":"","_VenuePhone":"","_VenueURL":"","_VenueStateProvince":"","_VenueLat":"","_VenueLng":"","_VenueShowMap":false,"_VenueShowMapLink":false},"categories":[152,33],"tags":[208,353,663],"class_list":["post-31392","awf-news","type-awf-news","status-publish","has-post-thumbnail","hentry","category-latin-america-fr","category-news-fr","tag-amerique-latine","tag-chili","tag-chili-fr"],"_links":{"self":[{"href":"https:\/\/awf.world\/fr\/wp-json\/wp\/v2\/awf-news\/31392","targetHints":{"allow":["GET"]}}],"collection":[{"href":"https:\/\/awf.world\/fr\/wp-json\/wp\/v2\/awf-news"}],"about":[{"href":"https:\/\/awf.world\/fr\/wp-json\/wp\/v2\/types\/awf-news"}],"author":[{"embeddable":true,"href":"https:\/\/awf.world\/fr\/wp-json\/wp\/v2\/users\/24"}],"wp:featuredmedia":[{"embeddable":true,"href":"https:\/\/awf.world\/fr\/wp-json\/wp\/v2\/media\/31380"}],"wp:attachment":[{"href":"https:\/\/awf.world\/fr\/wp-json\/wp\/v2\/media?parent=31392"}],"wp:term":[{"taxonomy":"category","embeddable":true,"href":"https:\/\/awf.world\/fr\/wp-json\/wp\/v2\/categories?post=31392"},{"taxonomy":"post_tag","embeddable":true,"href":"https:\/\/awf.world\/fr\/wp-json\/wp\/v2\/tags?post=31392"}],"curies":[{"name":"wp","href":"https:\/\/api.w.org\/{rel}","templated":true}]}}