{"id":31377,"date":"2022-05-23T17:01:31","date_gmt":"2022-05-23T20:01:31","guid":{"rendered":"https:\/\/awf.world\/awf-news\/des-partenariats-fructueux-pour-leternite-entre-la-cote-divoire-et-le-mali\/"},"modified":"2022-11-04T13:52:11","modified_gmt":"2022-11-04T16:52:11","slug":"des-partenariats-fructueux-pour-leternite-entre-la-cote-divoire-et-le-mali","status":"publish","type":"awf-news","link":"https:\/\/awf.world\/fr\/awf-news\/des-partenariats-fructueux-pour-leternite-entre-la-cote-divoire-et-le-mali\/","title":{"rendered":"Des Partenariats Fructueux pour l\u2019\u00c9ternit\u00e9 entre la C\u00f4te d\u2019Ivoire et le Mali"},"content":{"rendered":"<h3 style=\"text-align: justify;\">Les avanc\u00e9es de l\u2019Alliance Chr\u00e9tienne et Missionnaire de C\u00f4te d\u2019Ivoire \u00e0 Papara renforcent la foi des fr\u00e8res des 12 villages plus proches de la fronti\u00e8re du Mali. Prions pour qu\u2019ils puissent continuer \u00e0 les atteindre avec l\u2019\u00e9vangile.<\/h3>\n<p>Papara est une r\u00e9gion situ\u00e9e \u00e0 l\u2019extr\u00eame nord de la C\u00f4te d\u2019Ivoire. C\u2019est \u00e9galement le chef-lieu du canton de Nafanan. Le canton comprend 12 villages. Sa population est compos\u00e9e d\u2019autochtones s\u00e9noufo-nafanais, de Maliens, de Burkinab\u00e9s et d\u2019autres groupes ethniques venus en C\u00f4te d\u2019Ivoire principalement pour l\u2019orpaillage ill\u00e9gal. Les Senoufo-Nafanan sont des agriculteurs, et leurs principales cultures sont l\u2019anacarde, le coton, le riz, le ma\u00efs et l\u2019arachide.<\/p>\n<p>L\u2019\u00e9glise CMA de C\u00f4te d\u2019Ivoire a entam\u00e9 une campagne d\u2019\u00e9vang\u00e9lisation qui a d\u00e9bouch\u00e9 sur la fondation d\u2019une \u00e9glise \u00e0 Papara en 2014. Un an plus tard, trois autres communaut\u00e9s chr\u00e9tiennes ont \u00e9t\u00e9 fond\u00e9es dans les villages de Kokari, Iribasso, et Doubasso en partenariat avec le district de Yamoussoukro-N\u2019zu\u00e9ssi.<\/p>\n<p>Apr\u00e8s quatre ann\u00e9es de formation th\u00e9ologique \u00e0 l\u2019Institut Biblique CMA de Yamoussoukro, le pasteur Konan Bruno Kouame a \u00e9t\u00e9 affect\u00e9 comme missionnaire \u00e0 Papara en septembre 2019. Lorsque lui, son \u00e9pouse Akissi Bernadette Kouadio et leurs quatre enfants y sont arriv\u00e9s, ils ont trouv\u00e9 une \u00e9glise d\u2019une soixantaine de personnes. Cette congr\u00e9gation \u00e9tait instable en raison des nombreux d\u00e9placements caus\u00e9s par l\u2019orpaillage clandestin. Dans les trois autres villages, les \u00e9glises \u00e9taient principalement constitu\u00e9es d\u2019autochtones s\u00e9noufo-nafanais, avec une moyenne de dix personnes chacune, la plupart \u00e9tant des femmes. Les cultes dans ces villages avaient lieu sur les places publiques ou sous les manguiers.<\/p>\n<p>La r\u00e9gion de Papara est proche de la fronti\u00e8re malienne, ce qui offre la possibilit\u00e9 d\u2019atteindre d\u2019autres r\u00e9gions, comme Tchongui et Kadjana. L\u2019\u00e9quipe d\u2019\u00e9vang\u00e9lisation est \u00e0 90% malienne et a \u00e9t\u00e9 motiv\u00e9e par la pr\u00e9dication et l\u2019enseignement \u00e0 partir en mission pour fonder de nouvelles \u00e9glises au Mali. Le R\u00e9v\u00e9rend C\u00e9lestin Koffi, coordinateur de la r\u00e9gion Afrique de l\u2019UMA, a facilit\u00e9 le travail avec les pasteurs de l\u2019\u00e9glise CMA bas\u00e9e \u00e0 Sikasso, au Mali. Les \u00e9changes ont \u00e9t\u00e9 fructueux et instructifs et les ont amen\u00e9s \u00e0 d\u00e9finir les lignes et les perspectives du travail missionnaire pour les ann\u00e9es \u00e0 venir.<\/p>\n<p>Le pasteur Kouam\u00e9 et son \u00e9quipe ont gagn\u00e9 de nombreuses vies pour le Seigneur. Ils ont construit une \u00e9glise pour 200 personnes \u00e0 Papara et des \u00e9glises d\u2019une capacit\u00e9 de 100 personnes dans chacun des autres villages. La construction d\u2019un centre de sant\u00e9 communautaire, d\u2019une \u00e9cole, d\u2019un centre de formation de disciples et l\u2019initiation de projets de d\u00e9veloppement communautaire font partie de la lutte contre la pauvret\u00e9 dans la r\u00e9gion. Ils ont \u00e9galement besoin d\u2019un syst\u00e8me de sonorisation ad\u00e9quat et d\u2019un camion podium pour leurs campagnes d\u2019\u00e9vang\u00e9lisation.<\/p>\n<p>Prions pour le travail missionnaire \u00e0 Papara afin que les Senoufo-Nafanan soient compt\u00e9s parmi les peuples atteints par l\u2019\u00e9vangile dans le monde. Prions aussi pour l\u2019\u00e9glise afin qu\u2019elle continue \u00e0 apporter l\u2019amour et la sollicitude de J\u00e9sus \u00e0 son peuple.<\/p>\n","protected":false},"author":25,"featured_media":31374,"template":"","meta":{"inline_featured_image":false,"ngg_post_thumbnail":0,"_EventAllDay":false,"_EventTimezone":"","_EventStartDate":"","_EventEndDate":"","_EventStartDateUTC":"","_EventEndDateUTC":"","_EventShowMap":false,"_EventShowMapLink":false,"_EventURL":"","_EventCost":"","_EventCostDescription":"","_EventCurrencySymbol":"","_EventCurrencyCode":"","_EventCurrencyPosition":"","_EventDateTimeSeparator":"","_EventTimeRangeSeparator":"","_EventOrganizerID":[],"_EventVenueID":[],"_OrganizerEmail":"","_OrganizerPhone":"","_OrganizerWebsite":"","_VenueAddress":"","_VenueCity":"","_VenueCountry":"","_VenueProvince":"","_VenueState":"","_VenueZip":"","_VenuePhone":"","_VenueURL":"","_VenueStateProvince":"","_VenueLat":"","_VenueLng":"","_VenueShowMap":false,"_VenueShowMapLink":false},"categories":[284,33],"tags":[277,599,708],"class_list":["post-31377","awf-news","type-awf-news","status-publish","has-post-thumbnail","hentry","category-afrique","category-news-fr","tag-afrique","tag-cote-d-ivoire","tag-cote-divoire"],"_links":{"self":[{"href":"https:\/\/awf.world\/fr\/wp-json\/wp\/v2\/awf-news\/31377","targetHints":{"allow":["GET"]}}],"collection":[{"href":"https:\/\/awf.world\/fr\/wp-json\/wp\/v2\/awf-news"}],"about":[{"href":"https:\/\/awf.world\/fr\/wp-json\/wp\/v2\/types\/awf-news"}],"author":[{"embeddable":true,"href":"https:\/\/awf.world\/fr\/wp-json\/wp\/v2\/users\/25"}],"wp:featuredmedia":[{"embeddable":true,"href":"https:\/\/awf.world\/fr\/wp-json\/wp\/v2\/media\/31374"}],"wp:attachment":[{"href":"https:\/\/awf.world\/fr\/wp-json\/wp\/v2\/media?parent=31377"}],"wp:term":[{"taxonomy":"category","embeddable":true,"href":"https:\/\/awf.world\/fr\/wp-json\/wp\/v2\/categories?post=31377"},{"taxonomy":"post_tag","embeddable":true,"href":"https:\/\/awf.world\/fr\/wp-json\/wp\/v2\/tags?post=31377"}],"curies":[{"name":"wp","href":"https:\/\/api.w.org\/{rel}","templated":true}]}}