{"id":31149,"date":"2022-04-25T09:37:15","date_gmt":"2022-04-25T12:37:15","guid":{"rendered":"https:\/\/awf.world\/awf-news\/connaissez-andre-binet-le-nouveau-president-de-lalliance-du-gabon\/"},"modified":"2022-04-25T09:37:15","modified_gmt":"2022-04-25T14:37:15","slug":"connaissez-andre-binet-le-nouveau-president-de-lalliance-du-gabon","status":"publish","type":"awf-news","link":"https:\/\/awf.world\/fr\/awf-news\/connaissez-andre-binet-le-nouveau-president-de-lalliance-du-gabon\/","title":{"rendered":"Connaissez Andr\u00e9 Binet, le Nouveau Pr\u00e9sident de l\u2019Alliance du Gabon"},"content":{"rendered":"<h3 style=\"text-align: justify;\">Le nouveau pr\u00e9sident de l\u2019\u00e9glise ACM du Gabon, le r\u00e9v\u00e9rend Andr\u00e9 Binet, a une vision pour l\u2019\u00e9glise nationale : \u00ab Une \u00e9glise visible, conqu\u00e9rante et humble parre au service pour des r\u00e9sultats r\u00e9els \u00bb. En tant que pr\u00e9sident, le r\u00e9v\u00e9rend Binet veut renforcer et d\u00e9velopper l\u2019Alliance dans tous les domaines.<\/h3>\n<p>Le r\u00e9v\u00e9rend Andr\u00e9 Philibert Binet est n\u00e9 en juin 1966 dans la province de l\u2019Ogoou\u00e9 Maritime, d\u00e9partement d\u2019Etimbou\u00e9, au Gabon. Ses parents \u00e9taient des catholiques pratiquants et lui et ses fr\u00e8res et s\u0153urs ont \u00e9t\u00e9 \u00e9lev\u00e9s dans un foyer religieux. Le r\u00e9v\u00e9rend Binet est mari\u00e9 \u00e0 Juliette depuis 1993 et ils ont trois enfants : Rolia 31 ans, Eliel Andr\u00e9 21 ans et Eliphaz Juliandre 15 ans.<\/p>\n<p>Le r\u00e9v\u00e9rend Binet a accept\u00e9 J\u00e9sus-Christ comme son Seigneur et Sauveur en octobre 1982, \u00e0 l\u2019\u00e2ge de 15 ans. Il a r\u00e9pondu \u00e0 l\u2019invitation d\u2019un jeune \u00e0 participer \u00e0 une r\u00e9union dans son \u00e9cole o\u00f9 l\u2019on parlait de Dieu. La pr\u00e9dication de l\u2019\u00e9vangile \u00e9tait diff\u00e9rente de celle qu\u2019il \u00e9coutait \u00e0 l\u2019\u00e9glise catholique qu\u2019il fr\u00e9quentait. Il servait un Dieu qu\u2019il ne connaissait pas, et ce jour-l\u00e0, il a compris la n\u00e9cessit\u00e9 de donner sa vie \u00e0 J\u00e9sus.<\/p>\n<p>Le r\u00e9v\u00e9rend Binet a fr\u00e9quent\u00e9 l\u2019Institut Biblique Bethel \u00e0 Libreville et a poursuivi ses \u00e9tudes en suivant des cours en ligne pour obtenir un dipl\u00f4me. Son minist\u00e8re pastoral \u00e0 l\u2019\u00e9glise de l\u2019<a href=\"https:\/\/awf.world\/fr\/country-description\/gabon\/\" target=\"_blank\" rel=\"noopener\">Alliance Chr\u00e9tienne et Missionnaire du Gabon<\/a> a commenc\u00e9 en 1996 \u00e0 Ombou\u00e9. Depuis, il a travaill\u00e9 dans tout le pays, servant pendant 12 ans dans les r\u00e9gions synodales, enseignant dans l\u2019\u00e9cole biblique et l\u2019\u00e9vang\u00e9lisation.<\/p>\n<p>\u00c9lu pr\u00e9sident en juillet 2021 pour un mandat de quatre ans, le r\u00e9v\u00e9rend Binet a une vision pour l\u2019\u00e9glise nationale : \u00ab Une \u00e9glise visible, conqu\u00e9rante et humble parre au service pour des r\u00e9sultats r\u00e9els \u00bb. Une \u00e9glise visible qui changera sa fa\u00e7on de communiquer avec l\u2019ext\u00e9rieur en cr\u00e9ant une station de radio et de t\u00e9l\u00e9vision. Une \u00e9glise qui renforcera la pr\u00e9sence de l\u2019\u00e9vangile, en revitalisant la mission et en atteignant les villages ferm\u00e9s \u00e0 l\u2019\u00e9vangile. Une \u00e9glise qui sert les communaut\u00e9s, en offrant une \u00e9ducation sup\u00e9rieure. En partenariat avec une \u00e9glise s\u0153ur, elle vient d\u2019ouvrir la premi\u00e8re \u00e9cole chr\u00e9tienne d\u2019agronomie et d\u2019ing\u00e9nierie.<\/p>\n<p>Le r\u00e9v\u00e9rend Binet nous demande de prier pour qu\u2019il ait la sagesse de diriger le peuple de Dieu dans la r\u00e9alisation de la vision. Il nous demande \u00e9galement de prier pour sa famille afin qu\u2019elle reste fid\u00e8le au Seigneur.<\/p>\n","protected":false},"author":24,"featured_media":31146,"template":"","meta":{"inline_featured_image":false,"ngg_post_thumbnail":0,"_EventAllDay":false,"_EventTimezone":"","_EventStartDate":"","_EventEndDate":"","_EventStartDateUTC":"","_EventEndDateUTC":"","_EventShowMap":false,"_EventShowMapLink":false,"_EventURL":"","_EventCost":"","_EventCostDescription":"","_EventCurrencySymbol":"","_EventCurrencyCode":"","_EventCurrencyPosition":"","_EventDateTimeSeparator":"","_EventTimeRangeSeparator":"","_EventOrganizerID":[],"_EventVenueID":[],"_OrganizerEmail":"","_OrganizerPhone":"","_OrganizerWebsite":"","_VenueAddress":"","_VenueCity":"","_VenueCountry":"","_VenueProvince":"","_VenueState":"","_VenueZip":"","_VenuePhone":"","_VenueURL":"","_VenueStateProvince":"","_VenueLat":"","_VenueLng":"","_VenueShowMap":false,"_VenueShowMapLink":false},"categories":[284,33],"tags":[277,195,413],"class_list":["post-31149","awf-news","type-awf-news","status-publish","has-post-thumbnail","hentry","category-afrique","category-news-fr","tag-afrique","tag-biography-fr","tag-gabon-fr"],"_links":{"self":[{"href":"https:\/\/awf.world\/fr\/wp-json\/wp\/v2\/awf-news\/31149","targetHints":{"allow":["GET"]}}],"collection":[{"href":"https:\/\/awf.world\/fr\/wp-json\/wp\/v2\/awf-news"}],"about":[{"href":"https:\/\/awf.world\/fr\/wp-json\/wp\/v2\/types\/awf-news"}],"author":[{"embeddable":true,"href":"https:\/\/awf.world\/fr\/wp-json\/wp\/v2\/users\/24"}],"wp:featuredmedia":[{"embeddable":true,"href":"https:\/\/awf.world\/fr\/wp-json\/wp\/v2\/media\/31146"}],"wp:attachment":[{"href":"https:\/\/awf.world\/fr\/wp-json\/wp\/v2\/media?parent=31149"}],"wp:term":[{"taxonomy":"category","embeddable":true,"href":"https:\/\/awf.world\/fr\/wp-json\/wp\/v2\/categories?post=31149"},{"taxonomy":"post_tag","embeddable":true,"href":"https:\/\/awf.world\/fr\/wp-json\/wp\/v2\/tags?post=31149"}],"curies":[{"name":"wp","href":"https:\/\/api.w.org\/{rel}","templated":true}]}}