{"id":30975,"date":"2022-04-18T12:37:30","date_gmt":"2022-04-18T15:37:30","guid":{"rendered":"https:\/\/awf.world\/?post_type=awf-news&#038;p=30975"},"modified":"2022-04-18T12:45:55","modified_gmt":"2022-04-18T17:45:55","slug":"connaissez-aristides-flores-le-nouveau-president-de-lalliance-espagnole","status":"publish","type":"awf-news","link":"https:\/\/awf.world\/fr\/awf-news\/connaissez-aristides-flores-le-nouveau-president-de-lalliance-espagnole\/","title":{"rendered":"Connaissez Ar\u00edstides Flores, le Nouveau Pr\u00e9sident de l\u2019Alliance Espagnole"},"content":{"rendered":"<h3 style=\"text-align: justify;\">Le R\u00e9v\u00e9rend Ar\u00edstides Flores a ouvert son c\u0153ur au Seigneur \u00e0 l\u2019\u00e2ge de 15 ans et a maintenant plus de 18 ans d\u2019exp\u00e9rience dans le minist\u00e8re. En tant que pr\u00e9sident, le R\u00e9v\u00e9rend Flores veut consolider l\u2019Alliance en Espagne en une seule famille et, par le biais de l\u2019Institut Biblique INFORMA, former davantage de leaders pour l\u2019implantation d\u2019\u00e9glises.<\/h3>\n<p>N\u00e9 en 1967 \u00e0 Valencia, Carabobo, Venezuela, Ar\u00edstides Rafael Flores Tovar est le nouveau pr\u00e9sident de l\u2019<a href=\"https:\/\/awf.world\/fr\/country-description\/espagne\/\" target=\"_blank\" rel=\"noopener\">Alliance Chr\u00e9tienne et Missionnaire d\u2019Espagne<\/a> (FIACME). Ses parents, Jos\u00e9 et Nancy, et ses six fr\u00e8res \u00e9taient catholiques. Le R\u00e9v\u00e9rend Flores a donn\u00e9 sa vie \u00e0 J\u00e9sus lorsqu\u2019on lui a diagnostiqu\u00e9 un probl\u00e8me cardiaque \u00e0 l\u2019\u00e2ge de 15 ans. Il est mari\u00e9 \u00e0 Milagro P\u00e9rez depuis 1991 et ils ont deux enfants, Raquel (30 ans) et Misael (28 ans), qui vivent et travaillent en Angleterre.<\/p>\n<p>Le R\u00e9v\u00e9rend Flores a \u00e9tudi\u00e9 la th\u00e9ologie \u00e0 Global University (Etats-Unis), et a obtenu une licence de minist\u00e8re pastoral \u00e0 The Bible Faith Coll\u00e8ge en Indiana, Etats-Unis. Il a d\u00e9but\u00e9 dans l\u2019Alliance en tant que missionnaire ; il y a 18 ans, arrivant aux \u00celes Canaries en tant que pionnier de l\u2019implantation d\u2019\u00e9glises et pasteur. Avec d\u2019autres fr\u00e8res de la d\u00e9nomination, il a pu implanter une \u00e9glise sur chacune des sept \u00eeles.<\/p>\n<p>\u00c9lu pr\u00e9sident de la FIACME en f\u00e9vrier 2022, le R\u00e9v\u00e9rend Flores servira l\u2019Alliance espagnole pendant les trois prochaines ann\u00e9es.<\/p>\n<p>En tant que nouveau pr\u00e9sident, il veut consolider les \u00e9glises de l\u2019Alliance en Espagne en tant que famille, pour servir ensemble, \u00e9quiper et former davantage des implanteurs d\u2019\u00e9glises par le biais de l\u2019Institut Biblique INFORMA. Il pr\u00e9voit \u00e9galement de lancer sept points de mission suppl\u00e9mentaires dans les \u00celes Canaries.<\/p>\n<p>Le R\u00e9v\u00e9rend Flores nous demande de prier pour les \u00e9glises de la FIACME afin qu\u2019elles puissent encourager les nouvelles g\u00e9n\u00e9rations \u00e0 servir Dieu en Espagne. Priez \u00e9galement pour sa famille qui adh\u00e8re \u00e0 la vision et \u00e0 la mission de cette nouvelle responsabilit\u00e9.<\/p>\n","protected":false},"author":24,"featured_media":30972,"template":"","meta":{"inline_featured_image":false,"ngg_post_thumbnail":0,"_EventAllDay":false,"_EventTimezone":"","_EventStartDate":"","_EventEndDate":"","_EventStartDateUTC":"","_EventEndDateUTC":"","_EventShowMap":false,"_EventShowMapLink":false,"_EventURL":"","_EventCost":"","_EventCostDescription":"","_EventCurrencySymbol":"","_EventCurrencyCode":"","_EventCurrencyPosition":"","_EventDateTimeSeparator":"","_EventTimeRangeSeparator":"","_EventOrganizerID":[],"_EventVenueID":[],"_OrganizerEmail":"","_OrganizerPhone":"","_OrganizerWebsite":"","_VenueAddress":"","_VenueCity":"","_VenueCountry":"","_VenueProvince":"","_VenueState":"","_VenueZip":"","_VenuePhone":"","_VenueURL":"","_VenueStateProvince":"","_VenueLat":"","_VenueLng":"","_VenueShowMap":false,"_VenueShowMapLink":false},"categories":[145,33],"tags":[195,200,235,690],"class_list":["post-30975","awf-news","type-awf-news","status-publish","has-post-thumbnail","hentry","category-europe-middle-east","category-news-fr","tag-biography-fr","tag-emerald-fr","tag-espagne","tag-europe-et-moyen-orient"],"_links":{"self":[{"href":"https:\/\/awf.world\/fr\/wp-json\/wp\/v2\/awf-news\/30975","targetHints":{"allow":["GET"]}}],"collection":[{"href":"https:\/\/awf.world\/fr\/wp-json\/wp\/v2\/awf-news"}],"about":[{"href":"https:\/\/awf.world\/fr\/wp-json\/wp\/v2\/types\/awf-news"}],"author":[{"embeddable":true,"href":"https:\/\/awf.world\/fr\/wp-json\/wp\/v2\/users\/24"}],"wp:featuredmedia":[{"embeddable":true,"href":"https:\/\/awf.world\/fr\/wp-json\/wp\/v2\/media\/30972"}],"wp:attachment":[{"href":"https:\/\/awf.world\/fr\/wp-json\/wp\/v2\/media?parent=30975"}],"wp:term":[{"taxonomy":"category","embeddable":true,"href":"https:\/\/awf.world\/fr\/wp-json\/wp\/v2\/categories?post=30975"},{"taxonomy":"post_tag","embeddable":true,"href":"https:\/\/awf.world\/fr\/wp-json\/wp\/v2\/tags?post=30975"}],"curies":[{"name":"wp","href":"https:\/\/api.w.org\/{rel}","templated":true}]}}