{"id":30633,"date":"2022-02-02T02:00:49","date_gmt":"2022-02-02T05:00:49","guid":{"rendered":"https:\/\/awf.world\/?post_type=awf-news&#038;p=30633"},"modified":"2022-02-02T07:57:32","modified_gmt":"2022-02-02T12:57:32","slug":"the-alliance-church-in-burkina-faso-faith-in-actionleglise-de-lalliance-au-burkina-faso-foi-en-action","status":"publish","type":"awf-news","link":"https:\/\/awf.world\/fr\/awf-news\/the-alliance-church-in-burkina-faso-faith-in-actionleglise-de-lalliance-au-burkina-faso-foi-en-action\/","title":{"rendered":"L\u2019\u00c9glise de l\u2019Alliance au Burkina Faso : Foi en Action"},"content":{"rendered":"<h3 style=\"text-align: justify;\">Dans le cadre du programme de R\u00e9ponse Mondiale de l\u2019UMA au COVID-19, l\u2019\u00e9quipe du Burkina Faso continue de fournir des activit\u00e9s g\u00e9n\u00e9ratrices de revenus, une formation des agriculteurs et des installations sanitaires pour les familles, les aidant \u00e0 se prot\u00e9ger et \u00e0 prosp\u00e9rer.<\/h3>\n<p>Le Burkina Faso est aux prises avec la pand\u00e9mie actuelle de VIH\/SIDA et la crise du COVID-19. Le Bureau de D\u00e9veloppement de l\u2019\u00c9glise de l\u2019Alliance Chr\u00e9tienne (ACCEDES) au Burkina Faso s\u2019est associ\u00e9 \u00e0 l\u2019UMA pour continuer \u00e0 soutenir les gens contre les effets de cette double pand\u00e9mie.<\/p>\n<p>Dans un village situ\u00e9 \u00e0 une 20 de kilom\u00e8tres de la capitale \u00e9conomique, une \u00e9glise brille comme un mod\u00e8le de foi en action. Le pasteur Sanou Daniel m\u00e8ne sa congr\u00e9gation dans la bataille contre ces pand\u00e9mies ; il coordonne une multitude de projets qui renforcent la r\u00e9ponse au COVID-19.<\/p>\n<p>\u00ab Je suis content qu\u2019on ne produise plus de produits mara\u00eechers qui pourraient avoir des effets n\u00e9fastes sur la sant\u00e9 d\u2019autrui, car on n\u2019utilise plus d\u2019engrais chimiques et de pesticides. Gr\u00e2ce aux connaissances que j\u2019ai acquises, notre production de tomates est en hausse et notre jardin mara\u00eecher s\u2019agrandit \u00bb, se r\u00e9jouit le pasteur Sanou.<\/p>\n<p>Apr\u00e8s avoir re\u00e7u une formation formelle sur la fabrication de compost et d\u2019engrais liquide, le pasteur Sanou a commenc\u00e9 \u00e0 travailler. Avec l\u2019aide de sa famille, il a fabriqu\u00e9 les produits et les a distribu\u00e9s, am\u00e9liorant ainsi les rendements des agriculteurs de la r\u00e9gion.<\/p>\n<figure id=\"attachment_30628\" aria-describedby=\"caption-attachment-30628\" style=\"width: 300px\" class=\"wp-caption alignleft\"><img loading=\"lazy\" decoding=\"async\" class=\"wp-image-30628 size-medium\" src=\"https:\/\/awf.world\/wp-content\/uploads\/2022\/02\/AWF-RD-News_Burkina-Faso_Faith-in-Action_2022-01-27_HEMA-Andassi-300x200.jpeg\" alt=\"\" width=\"300\" height=\"200\" srcset=\"https:\/\/awf.world\/wp-content\/uploads\/2022\/02\/AWF-RD-News_Burkina-Faso_Faith-in-Action_2022-01-27_HEMA-Andassi-300x200.jpeg 300w, https:\/\/awf.world\/wp-content\/uploads\/2022\/02\/AWF-RD-News_Burkina-Faso_Faith-in-Action_2022-01-27_HEMA-Andassi-1024x683.jpeg 1024w, https:\/\/awf.world\/wp-content\/uploads\/2022\/02\/AWF-RD-News_Burkina-Faso_Faith-in-Action_2022-01-27_HEMA-Andassi-768x512.jpeg 768w, https:\/\/awf.world\/wp-content\/uploads\/2022\/02\/AWF-RD-News_Burkina-Faso_Faith-in-Action_2022-01-27_HEMA-Andassi-391x260.jpeg 391w, https:\/\/awf.world\/wp-content\/uploads\/2022\/02\/AWF-RD-News_Burkina-Faso_Faith-in-Action_2022-01-27_HEMA-Andassi-272x182.jpeg 272w, https:\/\/awf.world\/wp-content\/uploads\/2022\/02\/AWF-RD-News_Burkina-Faso_Faith-in-Action_2022-01-27_HEMA-Andassi.jpeg 1080w\" sizes=\"auto, (max-width: 300px) 100vw, 300px\" \/><figcaption id=\"caption-attachment-30628\" class=\"wp-caption-text\">Mme Hema<\/figcaption><\/figure>\n<p>Mme Hema, l\u2019une des b\u00e9n\u00e9ficiaires, a souri largement en remerciant l\u2019\u00e9glise. \u00ab L\u2019aide que j\u2019ai re\u00e7ue m\u2019a permis d\u2019acheter trois truies et un verrat \u00bb, dit-elle. \u00ab A ce jour, j\u2019ai neuf porcs et je suis content de voir mon \u00e9levage se d\u00e9velopper \u00e0 un rythme satisfaisant. J\u2019envisage de vendre quelques t\u00eates en fin d\u2019ann\u00e9e, ce qui me permettra de faire un bon chiffre d\u2019affaires que je pourrai r\u00e9investir dans mon activit\u00e9. Je tiens \u00e0 vous remercier, car c\u2019est gr\u00e2ce \u00e0 vous que mon entreprise a repris vie \u00bb.<\/p>\n<p>&nbsp;<\/p>\n<p>&nbsp;<\/p>\n<figure id=\"attachment_30626\" aria-describedby=\"caption-attachment-30626\" style=\"width: 300px\" class=\"wp-caption alignright\"><img loading=\"lazy\" decoding=\"async\" class=\"size-medium wp-image-30626\" src=\"https:\/\/awf.world\/wp-content\/uploads\/2022\/02\/AWF-RD-News_Burkina-Faso_Faith-in-Action_2022-01-27_PARE-Desire-300x225.jpeg\" alt=\"\" width=\"300\" height=\"225\" srcset=\"https:\/\/awf.world\/wp-content\/uploads\/2022\/02\/AWF-RD-News_Burkina-Faso_Faith-in-Action_2022-01-27_PARE-Desire-300x225.jpeg 300w, https:\/\/awf.world\/wp-content\/uploads\/2022\/02\/AWF-RD-News_Burkina-Faso_Faith-in-Action_2022-01-27_PARE-Desire-1024x767.jpeg 1024w, https:\/\/awf.world\/wp-content\/uploads\/2022\/02\/AWF-RD-News_Burkina-Faso_Faith-in-Action_2022-01-27_PARE-Desire-768x575.jpeg 768w, https:\/\/awf.world\/wp-content\/uploads\/2022\/02\/AWF-RD-News_Burkina-Faso_Faith-in-Action_2022-01-27_PARE-Desire.jpeg 1080w\" sizes=\"auto, (max-width: 300px) 100vw, 300px\" \/><figcaption id=\"caption-attachment-30626\" class=\"wp-caption-text\">M. Pare D\u00e9sir\u00e9<\/figcaption><\/figure>\n<p>Dans une ferme, nous avons rencontr\u00e9 Pare D\u00e9sir\u00e9, 53 ans, mari\u00e9 et p\u00e8re de 12 enfants. Au d\u00e9but, nous dit-il, il \u00e9tait \u00ab tr\u00e8s content que vous soyez ici aujourd\u2019hui parce que vous pourrez voir avec moi les changements qui se sont produits ici. Ce champ que vous voyez \u00bb, dit-il, \u00ab est le r\u00e9sultat de votre enseignement. Je cultive ce champ depuis plusieurs ann\u00e9es, mais il n\u2019a jamais ressembl\u00e9 \u00e0 \u00e7a. La formation que j\u2019ai re\u00e7ue \u00e0 la fabrication de compost et d\u2019engrais liquide, ainsi qu\u2019\u00e0 l\u2019accompagnement des semences, sont les secrets de cette am\u00e9lioration \u00bb. M. Par\u00e9 poursuit : \u00ab J\u2019ai mis en pratique ce que j\u2019ai appris et vous voyez le r\u00e9sultat. Mon travail est termin\u00e9 et j\u2019attends avec impatience la r\u00e9colte. L\u2019ann\u00e9e derni\u00e8re, j\u2019ai pu obtenir environ 40 kg de c\u00e9r\u00e9ales de ce champ, mais cette ann\u00e9e, je pr\u00e9vois de doubler la r\u00e9colte \u00bb.<\/p>\n<p>Plus tard, M. Pare rapporta que sa r\u00e9colte \u00e9tait de 200 kg de ma\u00efs du champ de 0,25 hectares ! Cette quadruple am\u00e9lioration est intervenue malgr\u00e9 une s\u00e9cheresse prolong\u00e9e subie par le village.<\/p>\n<p>Les r\u00e9cits de l\u2019\u0153uvre de Dieu au Burkina Faso au cours de l\u2019ann\u00e9e \u00e9coul\u00e9e se poursuivent. Les personnes qui ont re\u00e7u des pr\u00eats ont g\u00e9n\u00e9r\u00e9 des revenus pour leurs familles. Les m\u00e9nages ont connu une r\u00e9duction des cas de maladies gr\u00e2ce \u00e0 l\u2019am\u00e9lioration de l\u2019assainissement. Ce projet a renforc\u00e9 et autonomis\u00e9 la population malgr\u00e9 les deux pand\u00e9mies.<\/p>\n<p>Les relations entre la communaut\u00e9 et l\u2019\u00e9glise ne peuvent \u00eatre sous-estim\u00e9es. Les chr\u00e9tiens se sont sentis encourag\u00e9s et soutenus \u00e0 travers ce projet. Cela a \u00e9t\u00e9 une entreprise r\u00e9ussie !<\/p>\n<p>Louons Dieu et continuons \u00e0 prier pour l\u2019Alliance Chr\u00e9tienne et Missionnaire du Burkina Faso alors qu\u2019ils tendent la main \u00e0 leur communaut\u00e9 et mettent en \u0153uvre des programmes de foi en action !<\/p>\n","protected":false},"author":25,"featured_media":30623,"template":"","meta":{"inline_featured_image":false,"ngg_post_thumbnail":0,"_EventAllDay":false,"_EventTimezone":"","_EventStartDate":"","_EventEndDate":"","_EventStartDateUTC":"","_EventEndDateUTC":"","_EventShowMap":false,"_EventShowMapLink":false,"_EventURL":"","_EventCost":"","_EventCostDescription":"","_EventCurrencySymbol":"","_EventCurrencyCode":"","_EventCurrencyPosition":"","_EventDateTimeSeparator":"","_EventTimeRangeSeparator":"","_EventOrganizerID":[],"_EventVenueID":[],"_OrganizerEmail":"","_OrganizerPhone":"","_OrganizerWebsite":"","_VenueAddress":"","_VenueCity":"","_VenueCountry":"","_VenueProvince":"","_VenueState":"","_VenueZip":"","_VenuePhone":"","_VenueURL":"","_VenueStateProvince":"","_VenueLat":"","_VenueLng":"","_VenueShowMap":false,"_VenueShowMapLink":false},"categories":[284,33,954],"tags":[277,411],"class_list":["post-30633","awf-news","type-awf-news","status-publish","has-post-thumbnail","hentry","category-afrique","category-news-fr","category-secours-developpement","tag-afrique","tag-burkina-faso-fr"],"_links":{"self":[{"href":"https:\/\/awf.world\/fr\/wp-json\/wp\/v2\/awf-news\/30633","targetHints":{"allow":["GET"]}}],"collection":[{"href":"https:\/\/awf.world\/fr\/wp-json\/wp\/v2\/awf-news"}],"about":[{"href":"https:\/\/awf.world\/fr\/wp-json\/wp\/v2\/types\/awf-news"}],"author":[{"embeddable":true,"href":"https:\/\/awf.world\/fr\/wp-json\/wp\/v2\/users\/25"}],"wp:featuredmedia":[{"embeddable":true,"href":"https:\/\/awf.world\/fr\/wp-json\/wp\/v2\/media\/30623"}],"wp:attachment":[{"href":"https:\/\/awf.world\/fr\/wp-json\/wp\/v2\/media?parent=30633"}],"wp:term":[{"taxonomy":"category","embeddable":true,"href":"https:\/\/awf.world\/fr\/wp-json\/wp\/v2\/categories?post=30633"},{"taxonomy":"post_tag","embeddable":true,"href":"https:\/\/awf.world\/fr\/wp-json\/wp\/v2\/tags?post=30633"}],"curies":[{"name":"wp","href":"https:\/\/api.w.org\/{rel}","templated":true}]}}