{"id":30580,"date":"2022-02-01T13:42:15","date_gmt":"2022-02-01T18:42:15","guid":{"rendered":"https:\/\/awf.world\/?post_type=awf-news&p=30580"},"modified":"2022-02-01T13:42:15","modified_gmt":"2022-02-01T18:42:15","slug":"lalliance-uruguayenne-un-lieu-de-croissance","status":"publish","type":"awf-news","link":"https:\/\/awf.world\/fr\/awf-news\/lalliance-uruguayenne-un-lieu-de-croissance\/","title":{"rendered":"L\u2019Alliance Uruguayenne, un Lieu de Croissance"},"content":{"rendered":"<h3 style=\"text-align: justify;\">L\u2019Alliance en Uruguay a commenc\u00e9 dans les ann\u00e9es 1960. Aujourd\u2019hui, c\u2019est une \u00e9glise florissante avec de nombreux minist\u00e8res actifs. Nous demandons \u00e0 Dieu de les b\u00e9nir et de les guider dans leur croissance et dans leur d\u00e9veloppement.<\/h3>\n<p>L\u2019histoire de l\u2019Alliance Chr\u00e9tienne et Missionnaire d\u2019Uruguay commence dans les ann\u00e9es 1960 lorsque la CMA argentine a envoy\u00e9 deux missionnaires, le pasteur Francisco et sa femme Ester P\u00e9rez. Au d\u00e9but des ann\u00e9es 1970, l\u2019Alliance uruguayenne a commenc\u00e9 son minist\u00e8re national et indig\u00e8ne de mani\u00e8re ind\u00e9pendante.<\/p>\n<p>Gr\u00e2ce au travail acharn\u00e9 et aux conseils et \u00e0 la providence de Dieu, l\u2019\u00e9glise uruguayenne compte maintenant 11 congr\u00e9gations organis\u00e9es, avec deux nouvelles congr\u00e9gations en cours de construction et 11 pasteurs nationaux ordonn\u00e9s. Ils sont \u00e9galement en train de restructurer leur Institut de Formation Minist\u00e9rielle.<\/p>\n<p>L\u2019Alliance uruguayenne compte aujourd\u2019hui de nombreux minist\u00e8res actifs. Les femmes ont l\u2019Association \u00c9vang\u00e9lique des Dames de l\u2019Alliance de l\u2019Uruguay (AEDA). Il y a l\u2019Institut Biblique et le Centre d\u2019\u00c9ducation Th\u00e9ologique de l\u2019Alliance (CETAU). L\u2019\u00e9glise a \u00e9galement un D\u00e9partement des Missions qui promeut et sensibilise et contribue \u00e0 notre vision missionnaire en tant que famille mondiale.<\/p>\n<p>Merci de prier pour les dirigeants de l\u2019\u00e9glise et les d\u00e9cisions qu\u2019ils doivent prendre pour organiser la communaut\u00e9. Nous demandons \u00e0 Dieu de continuer \u00e0 leur donner un c\u0153ur passionn\u00e9 pour les missions. Puissent-ils \u00eatre fortifi\u00e9s par la pr\u00e9sence de notre Seigneur afin qu\u2019ils puissent \u00eatre une b\u00e9n\u00e9diction encore plus grande pour leur pays.<\/p>\n","protected":false},"author":24,"featured_media":29432,"template":"","meta":{"inline_featured_image":false,"ngg_post_thumbnail":0,"_EventAllDay":false,"_EventTimezone":"","_EventStartDate":"","_EventEndDate":"","_EventStartDateUTC":"","_EventEndDateUTC":"","_EventShowMap":false,"_EventShowMapLink":false,"_EventURL":"","_EventCost":"","_EventCostDescription":"","_EventCurrencySymbol":"","_EventCurrencyCode":"","_EventCurrencyPosition":"","_EventDateTimeSeparator":"","_EventTimeRangeSeparator":"","_EventOrganizerID":[],"_EventVenueID":[],"_OrganizerEmail":"","_OrganizerPhone":"","_OrganizerWebsite":"","_VenueAddress":"","_VenueCity":"","_VenueCountry":"","_VenueProvince":"","_VenueState":"","_VenueZip":"","_VenuePhone":"","_VenueURL":"","_VenueStateProvince":"","_VenueLat":"","_VenueLng":"","_VenueShowMap":false,"_VenueShowMapLink":false},"categories":[152,33],"tags":[208,228,229,266,206,230],"class_list":["post-30580","awf-news","type-awf-news","status-publish","has-post-thumbnail","hentry","category-latin-america-fr","category-news-fr","tag-amerique-latine","tag-cla-fr","tag-education-theologique","tag-femmes-ministere","tag-missions-fr","tag-uruguay-fr"],"_links":{"self":[{"href":"https:\/\/awf.world\/fr\/wp-json\/wp\/v2\/awf-news\/30580","targetHints":{"allow":["GET"]}}],"collection":[{"href":"https:\/\/awf.world\/fr\/wp-json\/wp\/v2\/awf-news"}],"about":[{"href":"https:\/\/awf.world\/fr\/wp-json\/wp\/v2\/types\/awf-news"}],"author":[{"embeddable":true,"href":"https:\/\/awf.world\/fr\/wp-json\/wp\/v2\/users\/24"}],"wp:featuredmedia":[{"embeddable":true,"href":"https:\/\/awf.world\/fr\/wp-json\/wp\/v2\/media\/29432"}],"wp:attachment":[{"href":"https:\/\/awf.world\/fr\/wp-json\/wp\/v2\/media?parent=30580"}],"wp:term":[{"taxonomy":"category","embeddable":true,"href":"https:\/\/awf.world\/fr\/wp-json\/wp\/v2\/categories?post=30580"},{"taxonomy":"post_tag","embeddable":true,"href":"https:\/\/awf.world\/fr\/wp-json\/wp\/v2\/tags?post=30580"}],"curies":[{"name":"wp","href":"https:\/\/api.w.org\/{rel}","templated":true}]}}