{"id":30499,"date":"2022-01-26T08:11:42","date_gmt":"2022-01-26T13:11:42","guid":{"rendered":"https:\/\/awf.world\/awf-news\/ministeres-des-femmes-de-luma-la-prochaine-etape-pour-remplir-la-grande-commission\/"},"modified":"2022-10-27T16:57:31","modified_gmt":"2022-10-27T19:57:31","slug":"ministeres-des-femmes-de-luma-la-prochaine-etape-pour-remplir-la-grande-commission","status":"publish","type":"awf-news","link":"https:\/\/awf.world\/fr\/awf-news\/ministeres-des-femmes-de-luma-la-prochaine-etape-pour-remplir-la-grande-commission\/","title":{"rendered":"Minist\u00e8res des Femmes de l\u2019UMA : La Prochaine \u00c9tape pour Remplir la Grande Commission"},"content":{"rendered":"<h3 style=\"text-align: justify;\">Les Minist\u00e8res des Femmes de l\u2019UMA continuent d\u2019\u00eatre une b\u00e9n\u00e9diction pour nos femmes dans le monde entier. Form\u00e9 par le Pr\u00e9sident Jura Yanagihara pour pr\u00e9parer des ateliers pour la Convocation Quadriennale de l\u2019UMA 2021, ce minist\u00e8re a cherch\u00e9 \u00e0 connecter la famille de l\u2019Alliance dans le monde entier par le biais des minist\u00e8res des femmes. Cette ann\u00e9e, les dirigeantes de ce minist\u00e8re franchissent une nouvelle \u00e9tape dans le plan de Dieu pour mener \u00e0 bien la Grande Commission.<\/h3>\n<p>Depuis sa cr\u00e9ation en 2020, les\u00a0<a href=\"https:\/\/awf.world\/fr\/awf-news\/le-reseau-mondial-des-femmes-de-lalliance-de-luma-connecte-les-femmes-du-monde-entier-pour-etendre-le-royaume-de-dieu\/\" target=\"_blank\" rel=\"noopener\">Minist\u00e8res des Femmes de l\u2019UMA<\/a> ont travaill\u00e9 avec diligence pour r\u00e9aliser le plan de Dieu pour les femmes de l\u2019Alliance. Repr\u00e9sentant les cinq r\u00e9gions de notre famille mondiale, elles se r\u00e9unissent une fois par mois sur Zoom pour prier, partager la Parole de Dieu et discuter des actions futures.<\/p>\n<p>R\u00e9cemment, notre Seigneur a montr\u00e9 \u00e0 l\u2019\u00e9quipe des Minist\u00e8res des Femmes de l\u2019UMA la prochaine \u00e9tape : d\u00e9marrer des minist\u00e8res pour former et pr\u00e9parer les femmes de l\u2019Alliance dans le monde entier pour la Grande Commission.<\/p>\n<p>Avec des c\u0153urs pr\u00eats \u00e0 ob\u00e9ir \u00e0 cet appel, ces femmes pieuses ont con\u00e7u quatre minist\u00e8res sous une vision, une mission. \u00ab Nous envisageons les femmes de l\u2019Alliance vivant une relation satisfaisante avec Dieu, se connectant les unes aux autres, utilisant leurs dons et r\u00e9pandant l\u2019\u00e9vangile dans le monde \u00bb, d\u00e9clare Eunice Lumawag, leader et animatrice du minist\u00e8re.<\/p>\n<p>La mission est d\u2019autonomiser, de former, d\u2019am\u00e9liorer et de renforcer les femmes de la famille de l\u2019UMA. Ils en apprendront davantage sur Dieu et leurs dons pour r\u00e9pandre l\u2019\u00e9vangile dans toutes les nations et tous les peuples de toutes les r\u00e9gions.<\/p>\n<p>Ensemble, elles dirigeront quatre minist\u00e8res sur le leadership, la pri\u00e8re et les missions, le professionnel et la carri\u00e8re, et les \u00e9pouses de pasteurs.<\/p>\n<p>Restez \u00e0 l\u2019\u00e9coute pour plus de mises \u00e0 jour sur ces minist\u00e8res et comment participer !<\/p>\n<p>Que Dieu continue de b\u00e9nir nos femmes de l\u2019Alliance et de les utiliser pour sa gloire et l\u2019extension de son royaume.<\/p>\n","protected":false},"author":24,"featured_media":29090,"template":"","meta":{"inline_featured_image":false,"ngg_post_thumbnail":0,"_EventAllDay":false,"_EventTimezone":"","_EventStartDate":"","_EventEndDate":"","_EventStartDateUTC":"","_EventEndDateUTC":"","_EventShowMap":false,"_EventShowMapLink":false,"_EventURL":"","_EventCost":"","_EventCostDescription":"","_EventCurrencySymbol":"","_EventCurrencyCode":"","_EventCurrencyPosition":"","_EventDateTimeSeparator":"","_EventTimeRangeSeparator":"","_EventOrganizerID":[],"_EventVenueID":[],"_OrganizerEmail":"","_OrganizerPhone":"","_OrganizerWebsite":"","_VenueAddress":"","_VenueCity":"","_VenueCountry":"","_VenueProvince":"","_VenueState":"","_VenueZip":"","_VenuePhone":"","_VenueURL":"","_VenueStateProvince":"","_VenueLat":"","_VenueLng":"","_VenueShowMap":false,"_VenueShowMapLink":false},"categories":[929,33],"tags":[277,328,208,196,652,228,200,690,204,266,206,251],"class_list":["post-30499","awf-news","type-awf-news","status-publish","has-post-thumbnail","hentry","category-ministeres-de-la-femme","category-news-fr","tag-afrique","tag-amerique-du-nord","tag-amerique-latine","tag-apac-fr","tag-asie-pacifique","tag-cla-fr","tag-emerald-fr","tag-europe-et-moyen-orient","tag-leadership-fr","tag-femmes-ministere","tag-missions-fr","tag-pastorale"],"_links":{"self":[{"href":"https:\/\/awf.world\/fr\/wp-json\/wp\/v2\/awf-news\/30499","targetHints":{"allow":["GET"]}}],"collection":[{"href":"https:\/\/awf.world\/fr\/wp-json\/wp\/v2\/awf-news"}],"about":[{"href":"https:\/\/awf.world\/fr\/wp-json\/wp\/v2\/types\/awf-news"}],"author":[{"embeddable":true,"href":"https:\/\/awf.world\/fr\/wp-json\/wp\/v2\/users\/24"}],"wp:featuredmedia":[{"embeddable":true,"href":"https:\/\/awf.world\/fr\/wp-json\/wp\/v2\/media\/29090"}],"wp:attachment":[{"href":"https:\/\/awf.world\/fr\/wp-json\/wp\/v2\/media?parent=30499"}],"wp:term":[{"taxonomy":"category","embeddable":true,"href":"https:\/\/awf.world\/fr\/wp-json\/wp\/v2\/categories?post=30499"},{"taxonomy":"post_tag","embeddable":true,"href":"https:\/\/awf.world\/fr\/wp-json\/wp\/v2\/tags?post=30499"}],"curies":[{"name":"wp","href":"https:\/\/api.w.org\/{rel}","templated":true}]}}