{"id":29079,"date":"2021-11-17T05:00:26","date_gmt":"2021-11-17T08:00:26","guid":{"rendered":"https:\/\/awf.world\/?post_type=awf-news&#038;p=29079"},"modified":"2023-09-14T12:39:02","modified_gmt":"2023-09-14T15:39:02","slug":"diaspora-et-missions","status":"publish","type":"awf-news","link":"https:\/\/awf.world\/fr\/awf-news\/diaspora-et-missions\/","title":{"rendered":"Diaspora et Missions : La Famille de l\u2019Alliance en Mission !"},"content":{"rendered":"<p style=\"text-align: justify;\"><strong>Tout au long de l\u2019histoire du monde, Dieu a dispers\u00e9 son peuple pour ses desseins, pour faire avancer son Royaume. L\u2019\u00e9glise, par sa nature m\u00eame, est une communaut\u00e9 de la diaspora. La migration de masse nous offre une fen\u00eatre d\u2019occasion pour nous engager et vivre pour \u00eatre l\u2019\u00e9glise qui est le digne instrument de la passion de Dieu pour racheter le monde. L\u2019atelier du minist\u00e8re de la diaspora \u00e9tait l\u2019un des principaux ateliers de la Quadriennale de l\u2019UMA en \u00c9quateur.<\/strong><\/p>\n<p>L\u2019\u00e9glise, par sa nature m\u00eame, est une communaut\u00e9 de la diaspora et les peuples de la diaspora sont les missionnaires de l\u2019avenir et d\u2019aujourd\u2019hui. Le comit\u00e9 de l\u2019atelier du minist\u00e8re de la diaspora, compos\u00e9 de nombreux praticiens cl\u00e9s de la diaspora et de th\u00e9ologiens de la famille Alliance du monde entier, a travaill\u00e9 pendant plus de deux ans pour mener \u00e0 bien les plans de l\u2019atelier. Les principaux objectifs de l\u2019atelier \u00e9taient de :<\/p>\n<ol>\n<li>Construire une compr\u00e9hension commune du minist\u00e8re de la diaspora<\/li>\n<li>Sensibiliser notre famille Alliance au minist\u00e8re de la diaspora<\/li>\n<li>Attendez-vous \u00e0 des opportunit\u00e9s \u00e0 l\u2019avenir<\/li>\n<\/ol>\n<p>Les praticiens de la diaspora ont \u00e9t\u00e9 encourag\u00e9s \u00e0 partager leurs id\u00e9es, leurs pens\u00e9es et leurs r\u00eaves, \u00e0 apprendre les uns des autres et \u00e0 regarder vers l\u2019avenir.<\/p>\n<p>Les conf\u00e9renciers ont construit une compr\u00e9hension commune du minist\u00e8re de la diaspora gr\u00e2ce \u00e0 un aper\u00e7u historique \u00e9clairant du Dr &nbsp;TV Thomas, suivi d\u2019une pr\u00e9sentation sur les le\u00e7ons apprises et la f\u00e9condit\u00e9 du minist\u00e8re de la diaspora. En 2020, le nombre de personnes vivant en dehors de leur pays d\u2019origine \u00e9tait de 281 millions et en augmentation. La premi\u00e8re session s\u2019est termin\u00e9e par une histoire inspirante d\u2019espoir d\u2019un ouvrier de l\u2019Alliance fran\u00e7aise travaillant parmi les maghr\u00e9bins en France.<\/p>\n<p>En se concentrant sur le r\u00e9cit de la diaspora et sur les d\u00e9fis \u00e0 relever, Lorajoy Tira-Dimangondayao a partag\u00e9 son histoire personnelle d\u2019\u00eatre membre de la diaspora. Elle a \u00e9galement partag\u00e9 les d\u00e9fis du minist\u00e8re de la diaspora dans un monde multiculturel en constante \u00e9volution. Le R\u00e9v\u00e9rend Lai Ka Lai, secr\u00e9taire g\u00e9n\u00e9ral des Missions de l\u2019Alliance de Hong Kong, a partag\u00e9 une histoire d\u2019espoir tir\u00e9e de l\u2019exp\u00e9rience de sa mission de diaspora. Les participants ont discut\u00e9 et r\u00e9pondu \u00e0 quelques questions principales :<\/p>\n<ul>\n<li>Quels d\u00e9fis avez-vous d\u00e9couverts dans vos minist\u00e8res ? Comment les avez-vous surmont\u00e9s ?<\/li>\n<li>Quels signes d\u2019esp\u00e9rance r\u00e9demptrice voyez-vous ?<\/li>\n<li>Comment voyez-vous Dieu \u00e0 l\u2019\u0153uvre au milieu des d\u00e9fis ?<\/li>\n<\/ul>\n<p>Sonia Paredes, coordinatrice des missions de la CLA de l\u2019UMA, s\u2019est concentr\u00e9e sur l\u2019anticipation pleine d\u2019espoir des occasions pour l\u2019avenir. Elle a pr\u00e9sent\u00e9 les projections futures et la d\u00e9mographie des peuples de la diaspora, en demandant :<\/p>\n<ul>\n<li>\u00c0 la lumi\u00e8re de ces points de donn\u00e9es actuels et de l\u2019orientation future, comment cela affecte-t-il et informe-t-il notre minist\u00e8re ?<\/li>\n<li>De quelles mani\u00e8res pouvez-vous continuer \u00e0 r\u00e9seauter avec d\u2019autres praticiens de la diaspora dans votre r\u00e9gion ?<\/li>\n<\/ul>\n<p>Le Dr. Tite Tienou (Professeur de Recherche, Th\u00e9ologie de la Mission, \u00c9cole de Divinit\u00e9 \u00c9vang\u00e9lique de la Trinit\u00e9) a lanc\u00e9 le d\u00e9fi de r\u00e9aliser que la nature m\u00eame du christianisme est l\u2019histoire de la dispersion et de la diaspora et que le minist\u00e8re de la diaspora est au c\u0153ur m\u00eame de l\u2019ADN de la famille de l\u2019Alliance.<\/p>\n<p>L\u2019atelier a \u00e9t\u00e9 confront\u00e9 \u00e0 des v\u00e9rit\u00e9s inconfortables. Le plus grand obstacle au minist\u00e8re de la diaspora est le pr\u00e9jug\u00e9, dans nos propres c\u0153urs et dans nos \u00e9glises. Nous avons appris que nous, en tant que croyants et nos \u00e9glises, devons \u00eatre impr\u00e9gn\u00e9s de la culture de J\u00e9sus pour fournir une famille et une appartenance \u00e0 tous, quelle que soit la nation, la tribu ou la langue d\u2019o\u00f9 ils viennent.<\/p>\n<p>Les s\u00e9ances en petits groupes ont produit quelques \u00e9tapes simples pour faire avancer le d\u00e9veloppement du minist\u00e8re de la diaspora pour la gloire de Dieu :<\/p>\n<ul>\n<li>Donner aux personnes de la diaspora un r\u00f4le dans l\u2019\u00e9glise locale pour leur donner un sentiment d\u2019appartenance.<\/li>\n<li>Avoir une direction de l\u2019\u00e9glise qui refl\u00e8te la composition de la diaspora de l\u2019\u00e9glise locale.<\/li>\n<li>Encourager nos \u00e9glises \u00e0 s\u2019impr\u00e9gner de la culture de J\u00e9sus afin qu\u2019elles puissent fournir une famille et une appartenance \u00e0 tous.<\/li>\n<li>Inclure les praticiens de la diaspora et les missions de la diaspora comme points focaux cl\u00e9s dans toutes les futures conf\u00e9rences de l\u2019Alliance et des missions.<\/li>\n<\/ul>\n<p>Merci, famille Alliance, d\u2019\u00eatre l\u2019instrument digne de la passion de Dieu pour racheter le monde.<\/p>\n","protected":false},"author":24,"featured_media":29070,"template":"","meta":{"inline_featured_image":false,"ngg_post_thumbnail":0,"_EventAllDay":false,"_EventTimezone":"","_EventStartDate":"","_EventEndDate":"","_EventStartDateUTC":"","_EventEndDateUTC":"","_EventShowMap":false,"_EventShowMapLink":false,"_EventURL":"","_EventCost":"","_EventCostDescription":"","_EventCurrencySymbol":"","_EventCurrencyCode":"","_EventCurrencyPosition":"","_EventDateTimeSeparator":"","_EventTimeRangeSeparator":"","_EventOrganizerID":[],"_EventVenueID":[],"_OrganizerEmail":"","_OrganizerPhone":"","_OrganizerWebsite":"","_VenueAddress":"","_VenueCity":"","_VenueCountry":"","_VenueProvince":"","_VenueState":"","_VenueZip":"","_VenuePhone":"","_VenueURL":"","_VenueStateProvince":"","_VenueLat":"","_VenueLng":"","_VenueShowMap":false,"_VenueShowMapLink":false},"categories":[33],"tags":[256],"class_list":["post-29079","awf-news","type-awf-news","status-publish","has-post-thumbnail","hentry","category-news-fr","tag-diaspora-fr"],"_links":{"self":[{"href":"https:\/\/awf.world\/fr\/wp-json\/wp\/v2\/awf-news\/29079","targetHints":{"allow":["GET"]}}],"collection":[{"href":"https:\/\/awf.world\/fr\/wp-json\/wp\/v2\/awf-news"}],"about":[{"href":"https:\/\/awf.world\/fr\/wp-json\/wp\/v2\/types\/awf-news"}],"author":[{"embeddable":true,"href":"https:\/\/awf.world\/fr\/wp-json\/wp\/v2\/users\/24"}],"wp:featuredmedia":[{"embeddable":true,"href":"https:\/\/awf.world\/fr\/wp-json\/wp\/v2\/media\/29070"}],"wp:attachment":[{"href":"https:\/\/awf.world\/fr\/wp-json\/wp\/v2\/media?parent=29079"}],"wp:term":[{"taxonomy":"category","embeddable":true,"href":"https:\/\/awf.world\/fr\/wp-json\/wp\/v2\/categories?post=29079"},{"taxonomy":"post_tag","embeddable":true,"href":"https:\/\/awf.world\/fr\/wp-json\/wp\/v2\/tags?post=29079"}],"curies":[{"name":"wp","href":"https:\/\/api.w.org\/{rel}","templated":true}]}}