{"id":29067,"date":"2021-11-16T12:55:13","date_gmt":"2021-11-16T15:55:13","guid":{"rendered":"https:\/\/awf.world\/awf-news\/fin-de-la-tache-qui-dois-je-envoyer-qui-ira-pour-nous\/"},"modified":"2021-11-16T12:55:13","modified_gmt":"2021-11-16T17:55:13","slug":"fin-de-la-tache-qui-dois-je-envoyer-qui-ira-pour-nous","status":"publish","type":"awf-news","link":"https:\/\/awf.world\/fr\/awf-news\/fin-de-la-tache-qui-dois-je-envoyer-qui-ira-pour-nous\/","title":{"rendered":"Fin de la T\u00e2che : \u00ab Qui dois-je envoyer ? Qui ira pour nous ? \u00bb"},"content":{"rendered":"<h3 style=\"text-align: justify;\">Cela fait plus de deux mille ans que J\u00e9sus est revenu s\u2019asseoir \u00e0 la droite du P\u00e8re. Vous \u00eates-vous d\u00e9j\u00e0 demand\u00e9 pourquoi il n\u2019est pas revenu ? J\u00e9sus a dit dans Matthieu 24 : 14 : \u00ab Et cet \u00e9vangile du royaume sera pr\u00each\u00e9 dans le monde entier comme un t\u00e9moignage \u00e0 toutes les nations, et alors viendra la fin \u00bb. Malgr\u00e9 tous les progr\u00e8s de la technologie, des voyages et des ressources, la recherche montre que plus de 6 500 groupes de personnes, comprenant plus de deux milliards de personnes, n\u2019ont toujours pas acc\u00e8s \u00e0 J\u00e9sus. Cela soul\u00e8ve la question : voulons-nous vraiment que le roi J\u00e9sus revienne ? Si oui, que sommes-nous pr\u00eats \u00e0 faire ?<\/h3>\n<p>Avant la Convocation Quadriennale de l\u2019UMA \u00e0 Milagro, en \u00c9quateur, le pr\u00e9sident de l\u2019UMA, Jura Yanagihara, avait r\u00e9uni des chefs de mission CMA pour collaborer \u00e0 l\u2019\u00e9ducation de la prochaine g\u00e9n\u00e9ration de missionnaires, ou \u00ab Travailleurs Internationaux \u00bb (TIs), en particulier des \u00e9glises du sud global et en particulier des \u00e9glises latines de la CMA. Les deux r\u00e9alit\u00e9s et besoins suivants ont \u00e9t\u00e9 le moteur et l\u2019impulsion de ce travail :<\/p>\n<ol>\n<li>La plupart des groupes les moins touch\u00e9s et les moins engag\u00e9s se trouvent dans des endroits complexes et restrictifs qui ne fournissent pas de visas \u00ab missionnaires \u00bb et qui limitent l\u2019entr\u00e9e des travailleurs religieux. Beaucoup de ces nations et groupes de peuples se trouvent dans ce que l\u2019UMA appelle la \u00ab sixi\u00e8me \u00bb r\u00e9gion (Afrique du Nord, Moyen-Orient et Asie centrale et du Sud-Est). Cela seul a cr\u00e9\u00e9 des d\u00e9fis et soulev\u00e9 des obstacles importants pour que la CMA d\u00e9ploie des TIs traditionnels dans ces endroits.<\/li>\n<li>En raison de la r\u00e9alit\u00e9 \u00e9conomique des pays, nos \u00e9glises nationales CMA suivent, principalement dans les pays du Sud, le mod\u00e8le traditionnel d\u2019envoi d\u2019 TIs \u00ab financ\u00e9s \u00bb. Cela limite leur capacit\u00e9 \u00e0 envoyer et \u00e0 maintenir des IWs dans ces pays. Par cons\u00e9quent, il n\u2019est pas viable \u00e0 long terme.<\/li>\n<\/ol>\n<p>Pour relever ces d\u00e9fis, nous avons mis en place une \u00e9quipe \u00ab March\u00e9 \u00bb et \u00ab Entreprise de Transformation \u00bb (B4T), ou \u00ab Entreprise comme Mission \u00bb (BAM). Leur objectif est de rechercher et d\u2019examiner les occasions de collaboration dans des endroits, en particulier dans la sixi\u00e8me r\u00e9gion, o\u00f9 diverses \u00e9quipes de mission de la CMA et TIs travaillent d\u00e9j\u00e0. Nous discutons et poursuivons actuellement des projets de collaboration qui enverront et recevront des professionnels sp\u00e9cifiquement latins du march\u00e9. Ces TIs pourront chercher un emploi r\u00e9mun\u00e9r\u00e9 dans ces endroits.<\/p>\n<p>Nous discutons et recherchons \u00e9galement des occasions commerciales collaboratives dans la sixi\u00e8me r\u00e9gion et dans d\u2019autres endroits pr\u00e9cis\u00e9ment pour \u00ab ouvrir des portes \u00bb. Les entreprises commerciales peuvent s\u2019\u00e9tablir et devenir des pipelines pour poursuivre et d\u00e9velopper des relations de mission intentionnelles. De cette fa\u00e7on, nous faciliterons les dialogues sur l\u2019\u00e9vangile et assisterons \u00e0 l\u2019implantation d\u2019\u00e9glises parmi les groupes les moins touch\u00e9s et engag\u00e9s.<\/p>\n<p><img loading=\"lazy\" decoding=\"async\" class=\"alignright size-medium wp-image-29060\" src=\"https:\/\/awf.world\/wp-content\/uploads\/2021\/11\/Professionals-Workshop1-300x225.jpg\" alt=\"\" width=\"300\" height=\"225\" srcset=\"https:\/\/awf.world\/wp-content\/uploads\/2021\/11\/Professionals-Workshop1-300x225.jpg 300w, https:\/\/awf.world\/wp-content\/uploads\/2021\/11\/Professionals-Workshop1-768x576.jpg 768w, https:\/\/awf.world\/wp-content\/uploads\/2021\/11\/Professionals-Workshop1.jpg 1024w\" sizes=\"auto, (max-width: 300px) 100vw, 300px\" \/><\/p>\n<p>Lors de la r\u00e9cente Quadriennale de l\u2019UMA, un atelier de trois jours \u00ab Professionnels et entreprises en mission \u00bb a \u00e9t\u00e9 offert. Environ 30 personnes, des pr\u00e9sidents d\u2019\u00e9glises nationales CMA, des pasteurs, des professionnels et des hommes d\u2019affaires ont assist\u00e9 \u00e0 cet atelier.<\/p>\n<p>Le premier jour, Bill Dunham, Directeur des Minist\u00e8res du March\u00e9 am\u00e9ricain, a pr\u00e9sent\u00e9 le cadre biblique, th\u00e9ologique et missiologique pour les minist\u00e8res du march\u00e9 et des entreprises.<\/p>\n<p>Le deuxi\u00e8me jour, Raul Santos, d\u00e9veloppeur r\u00e9gional canadien pour l\u2019Europe, la ceinture persane et turque et le Moyen-Orient, a partag\u00e9 des histoires \u00e0 travers des vid\u00e9os et une interview en personne en direct de professionnels et d\u2019hommes d\u2019affaires actuels engageant les peuples les moins touch\u00e9s dans leur pays de service et r\u00e9sidence. Les participants \u00e0 l\u2019atelier ont \u00e9galement \u00e9t\u00e9 divis\u00e9s en trois groupes de discussion : (1) les pasteurs et les dirigeants nationaux, (2) les professionnels et (3) les hommes d\u2019affaires. Chaque groupe a discut\u00e9 de la fa\u00e7on dont ils peuvent augmenter leur mobilisation et leur engagement actuel dans les affaires ou sur le march\u00e9.<\/p>\n<p><img loading=\"lazy\" decoding=\"async\" class=\"alignleft size-medium wp-image-29063\" src=\"https:\/\/awf.world\/wp-content\/uploads\/2021\/11\/Professionals-Workshop2-300x225.jpg\" alt=\"\" width=\"300\" height=\"225\" srcset=\"https:\/\/awf.world\/wp-content\/uploads\/2021\/11\/Professionals-Workshop2-300x225.jpg 300w, https:\/\/awf.world\/wp-content\/uploads\/2021\/11\/Professionals-Workshop2-768x576.jpg 768w, https:\/\/awf.world\/wp-content\/uploads\/2021\/11\/Professionals-Workshop2.jpg 1024w\" sizes=\"auto, (max-width: 300px) 100vw, 300px\" \/><\/p>\n<p>Le troisi\u00e8me jour, Jorge Barra, directeur de mission pour la CMA au Chili, a pr\u00e9sent\u00e9 d\u2019autres exemples vid\u00e9o du march\u00e9 de la CMA et des minist\u00e8res des affaires existants. Il a amen\u00e9 les participants \u00e0 discuter des prochaines \u00e9tapes pratiques pour poursuivre cette conversation et de la mani\u00e8re de commencer des partenariats et des collaborations. \u00c0 la fin de cet atelier de trois jours, nous avons conclu que chacun des trois groupes de discussion doit continuer \u00e0 se r\u00e9unir afin qu\u2019ils puissent commencer \u00e0 mettre en place des plans. Nous esp\u00e9rons voir plus de personnes recrut\u00e9es et d\u00e9ploy\u00e9es pour servir sur le march\u00e9 et d\u00e9marrer de nouvelles entreprises ou \u00e9largir les opportunit\u00e9s existantes parmi les moins touch\u00e9es et engag\u00e9es.<\/p>\n<p>Nous sommes si reconnaissants que Dieu ait appel\u00e9 son \u00e9glise pour pr\u00e9parer le chemin afin que le roi J\u00e9sus puisse revenir. Lorsque l\u2019\u00e9glise est n\u00e9e, J\u00e9sus appelait d\u00e9j\u00e0 tout le monde, quel que soit leur \u00ab travail \u00bb ou la fa\u00e7on dont ils \u00e9taient employ\u00e9s. Cela a toujours inclus ceux qui travaillent dans le cadre de leur profession, de leur m\u00e9tier et de leur entreprise. Si nous voulons vraiment voir les plus de deux milliards de personnes les moins touch\u00e9es entendre l\u2019\u00e9vangile, faire l\u2019exp\u00e9rience de la mis\u00e9ricorde et du pardon de J\u00e9sus et entrer dans une relation salvatrice avec lui, nous devons tous \u00eatre pr\u00eats \u00e0 dire : \u00ab Me voici. Envoyez-moi \u00bb (Esa\u00efe 6 : 8, NVI). Dans le monde d\u2019aujourd\u2019hui, o\u00f9 se trouvent la plupart de ces personnes les moins touch\u00e9es et les moins engag\u00e9es, la seule fa\u00e7on de vivre et de servir est de travailler sur le march\u00e9 local en utilisant sa profession et son entreprise. Plus de 2 000 ans apr\u00e8s que J\u00e9sus a quitt\u00e9 la plan\u00e8te Terre pour retourner s\u2019asseoir \u00e0 la droite de son P\u00e8re, la question de Dieu \u00e0 son \u00e9pouse, son \u00e9glise, n\u2019a pas chang\u00e9. Cela continue d\u2019\u00eatre : \u00ab Qui enverrai-je ? Qui ira pour nous ? \u00bb (\u00c9sa\u00efe 6 : 8, NVI). La question est, sommes-nous pr\u00eats ? Quand tous auront entendu, J\u00e9sus peut revenir !<\/p>\n","protected":false},"author":24,"featured_media":29058,"template":"","meta":{"inline_featured_image":false,"ngg_post_thumbnail":0,"_EventAllDay":false,"_EventTimezone":"","_EventStartDate":"","_EventEndDate":"","_EventStartDateUTC":"","_EventEndDateUTC":"","_EventShowMap":false,"_EventShowMapLink":false,"_EventURL":"","_EventCost":"","_EventCostDescription":"","_EventCurrencySymbol":"","_EventCurrencyCode":"","_EventCurrencyPosition":"","_EventDateTimeSeparator":"","_EventTimeRangeSeparator":"","_EventOrganizerID":[],"_EventVenueID":[],"_OrganizerEmail":"","_OrganizerPhone":"","_OrganizerWebsite":"","_VenueAddress":"","_VenueCity":"","_VenueCountry":"","_VenueProvince":"","_VenueState":"","_VenueZip":"","_VenuePhone":"","_VenueURL":"","_VenueStateProvince":"","_VenueLat":"","_VenueLng":"","_VenueShowMap":false,"_VenueShowMapLink":false},"categories":[33],"tags":[382,381,206],"class_list":["post-29067","awf-news","type-awf-news","status-publish","has-post-thumbnail","hentry","category-news-fr","tag-convocation-quadriennale","tag-ecuador-fr","tag-missions-fr"],"_links":{"self":[{"href":"https:\/\/awf.world\/fr\/wp-json\/wp\/v2\/awf-news\/29067","targetHints":{"allow":["GET"]}}],"collection":[{"href":"https:\/\/awf.world\/fr\/wp-json\/wp\/v2\/awf-news"}],"about":[{"href":"https:\/\/awf.world\/fr\/wp-json\/wp\/v2\/types\/awf-news"}],"author":[{"embeddable":true,"href":"https:\/\/awf.world\/fr\/wp-json\/wp\/v2\/users\/24"}],"wp:featuredmedia":[{"embeddable":true,"href":"https:\/\/awf.world\/fr\/wp-json\/wp\/v2\/media\/29058"}],"wp:attachment":[{"href":"https:\/\/awf.world\/fr\/wp-json\/wp\/v2\/media?parent=29067"}],"wp:term":[{"taxonomy":"category","embeddable":true,"href":"https:\/\/awf.world\/fr\/wp-json\/wp\/v2\/categories?post=29067"},{"taxonomy":"post_tag","embeddable":true,"href":"https:\/\/awf.world\/fr\/wp-json\/wp\/v2\/tags?post=29067"}],"curies":[{"name":"wp","href":"https:\/\/api.w.org\/{rel}","templated":true}]}}