{"id":28877,"date":"2021-10-29T12:43:06","date_gmt":"2021-10-29T17:43:06","guid":{"rendered":"https:\/\/awf.world\/awf-news\/aller-plus-loin-en-christ-aller-au-dela-de-la-mission-et-aller-ensemble-en-tant-que-famille-de-dieu\/"},"modified":"2021-11-09T08:29:42","modified_gmt":"2021-11-09T13:29:42","slug":"aller-plus-loin-en-christ-aller-au-dela-de-la-mission-et-aller-ensemble-en-tant-que-famille-de-dieu","status":"publish","type":"awf-news","link":"https:\/\/awf.world\/fr\/awf-news\/aller-plus-loin-en-christ-aller-au-dela-de-la-mission-et-aller-ensemble-en-tant-que-famille-de-dieu\/","title":{"rendered":"Aller Plus Loin en Christ, Aller Au-del\u00e0 de la Mission et Aller Ensemble en tant que Famille de Dieu"},"content":{"rendered":"<h3 style=\"text-align: justify;\">La premi\u00e8re Convocation Quadriennale de l\u2019UMA au milieu d\u2019une pand\u00e9mie mondiale a eu lieu \u00e0 Milagro, en \u00c9quateur. Environ 300 d\u00e9l\u00e9gu\u00e9s inscrits ont \u00e9t\u00e9 accueillis par plus de 200 volontaires de l\u2019\u00c9glise Centrale de l\u2019Alliance de Milagro et de la CMA \u00e9quatorien pour former une belle expression de la famille mondiale de l\u2019Alliance. Nous avons pu faire l\u2019exp\u00e9rience de la richesse d\u2019\u00eatre un, form\u00e9 par de nombreuses races, langues et couleurs, unis en J\u00e9sus-Christ, notre Sauveur, Sanctificateur, Gu\u00e9risseur et Roi \u00e0 Venir. L\u2019unit\u00e9 dans la diversit\u00e9. L\u2019unit\u00e9 de l\u2019Esprit vient de la sanctification. L\u2019unit\u00e9 qui mobilise la famille de l\u2019Alliance \u00e0 la mission de Dieu. Ce fut une exp\u00e9rience merveilleuse.<\/h3>\n<p>Tous ceux qui sont venus en \u00c9quateur sont devenus convaincus qu\u2019il n\u2019y a pas de substitut \u00e0 une Convocation Quadriennale en personne. Cela \u00e9tait particuli\u00e8rement vrai en raison de l\u2019\u00e9tonnante expression d\u2019amour et d\u2019attention manifest\u00e9e par nos fr\u00e8res \u00e9quatoriens. La r\u00e9ception de bienvenue chaque matin \u00e0 l\u2019arriv\u00e9e des d\u00e9l\u00e9gations sur le site, la provision infinie de fruits d\u00e9licieux, l\u2019atmosph\u00e8re douce o\u00f9 les gens pouvaient s\u2019asseoir, parler, prier et rire ont rendu cette Quadriennale tr\u00e8s sp\u00e9ciale.<\/p>\n<p>Les services du matin et du soir \u00e9taient remplis de joie et de gratitude envers Dieu alors que toute la congr\u00e9gation chantait de nombreux hymnes, en particulier les classiques \u00e9crits par A. B. Simpson. Les orateurs que Dieu a choisis pour \u00eatre pr\u00e9sents dans la Quadriennale ont parl\u00e9 avec passion d\u2019aller plus profond\u00e9ment en J\u00e9sus et d\u2019aller au-del\u00e0 de la mission. Les messages \u00e9taient rafra\u00eechissants, stimulants, stimulants et unificateurs. Dieu a fourni un moment sp\u00e9cial de r\u00e9flexion et de brisement lorsque notre conf\u00e9rencier COM (Croyant d\u2019Origine Musulmane) a pr\u00e9sent\u00e9 les d\u00e9fis auxquels il \u00e9tait confront\u00e9 alors qu\u2019il devenait un disciple de J\u00e9sus-Christ.<\/p>\n<p>Cette Quadriennale a \u00e9t\u00e9 la premi\u00e8re \u00e0 \u00eatre rationalis\u00e9e en deux langues \u00e0 l\u2019aide des canaux de m\u00e9dias sociaux. Bien que beaucoup n\u2019aient pas pu venir en raison des diff\u00e9rents types de restrictions pos\u00e9es par la pand\u00e9mie, des milliers de personnes ont particip\u00e9 aux services, dans des interactions anim\u00e9es venant des cinq r\u00e9gions de l\u2019UMA. Des vid\u00e9os avec les sept services sont disponibles sur nos plateformes de m\u00e9dias sociaux accessibles via notre <a href=\"https:\/\/awf.world\/fr\/\" target=\"_blank\" rel=\"noopener\">site web<\/a>. Le c\u0153ur de l\u2019effort de communication a \u00e9t\u00e9 r\u00e9alis\u00e9 par l\u2019\u00e9quipe de la CMA Colombie, avec l\u2019aide de l\u2019\u00e9quipe de la CMA \u00c9quateur et de professionnels chr\u00e9tiens.<\/p>\n<p>Les s\u00e9ances d\u2019affaires se sont d\u00e9roul\u00e9es dans une atmosph\u00e8re f\u00e9d\u00e9ratrice et toutes les propositions ont \u00e9t\u00e9 approuv\u00e9es telles que pr\u00e9sent\u00e9es. Les ateliers ont \u00e9t\u00e9 men\u00e9s avec enthousiasme et ont g\u00e9n\u00e9r\u00e9 de nombreuses discussions et recommandations fructueuses. Ces sessions n\u2019\u00e9taient pas rationalis\u00e9es. Le r\u00e9sum\u00e9 des d\u00e9cisions des sessions d\u2019affaires ainsi que les discussions et conclusions des ateliers seront disponibles prochainement.<\/p>\n<p>L\u2019Alliance Chr\u00e9tienne et Missionnaire de l\u2019\u00c9quateur et l\u2019\u00c9glise Centrale de l\u2019Alliance de Milagro, sous la direction du R\u00e9v\u00e9rend David Muthre, ont \u00e9tabli une nouvelle r\u00e9f\u00e9rence pour la Convocation Quadriennale. La nourriture d\u00e9licieuse a \u00e9t\u00e9 pr\u00e9par\u00e9e par une \u00e9quipe dirig\u00e9e par un chef professionnel. Des centaines de b\u00e9n\u00e9voles ont travaill\u00e9 sans rel\u00e2che pour pr\u00e9parer le lieu et accueillir les participants. Des proc\u00e9dures de bios\u00e9curit\u00e9 ont \u00e9t\u00e9 adopt\u00e9es et, jusqu\u2019\u00e0 pr\u00e9sent, aucun cas d\u2019infection de COVID-19 n\u2019a \u00e9t\u00e9 signal\u00e9.<\/p>\n<p>Nous vous remercions pour vos pri\u00e8res et votre participation. Nous avons demand\u00e9 \u00e0 Dieu de rassembler un groupe priant de centaines de personnes remplies du Saint-Esprit pour coop\u00e9rer et mobiliser six millions de personnes pour accomplir la Grande Commission avec audace et cr\u00e9ativit\u00e9. C\u2019est ce que nous attendions pour cette Convocation Quadriennale de l\u2019UMA et c\u2019est ce que nous commen\u00e7ons \u00e0 exp\u00e9rimenter.<\/p>\n<p>Nous sommes pr\u00eats \u00e0 aller plus loin en Christ, \u00e0 aller au-del\u00e0 de la mission et \u00e0 aller ensemble en famille.<\/p>\n","protected":false},"author":24,"featured_media":28870,"template":"","meta":{"inline_featured_image":false,"ngg_post_thumbnail":0,"_EventAllDay":false,"_EventTimezone":"","_EventStartDate":"","_EventEndDate":"","_EventStartDateUTC":"","_EventEndDateUTC":"","_EventShowMap":false,"_EventShowMapLink":false,"_EventURL":"","_EventCost":"","_EventCostDescription":"","_EventCurrencySymbol":"","_EventCurrencyCode":"","_EventCurrencyPosition":"","_EventDateTimeSeparator":"","_EventTimeRangeSeparator":"","_EventOrganizerID":[],"_EventVenueID":[],"_OrganizerEmail":"","_OrganizerPhone":"","_OrganizerWebsite":"","_VenueAddress":"","_VenueCity":"","_VenueCountry":"","_VenueProvince":"","_VenueState":"","_VenueZip":"","_VenuePhone":"","_VenueURL":"","_VenueStateProvince":"","_VenueLat":"","_VenueLng":"","_VenueShowMap":false,"_VenueShowMapLink":false},"categories":[152,371,33],"tags":[382,381,682],"class_list":["post-28877","awf-news","type-awf-news","status-publish","has-post-thumbnail","hentry","category-latin-america-fr","category-editorial-fr","category-news-fr","tag-convocation-quadriennale","tag-ecuador-fr","tag-famille-de-lalliance-mondiale"],"_links":{"self":[{"href":"https:\/\/awf.world\/fr\/wp-json\/wp\/v2\/awf-news\/28877","targetHints":{"allow":["GET"]}}],"collection":[{"href":"https:\/\/awf.world\/fr\/wp-json\/wp\/v2\/awf-news"}],"about":[{"href":"https:\/\/awf.world\/fr\/wp-json\/wp\/v2\/types\/awf-news"}],"author":[{"embeddable":true,"href":"https:\/\/awf.world\/fr\/wp-json\/wp\/v2\/users\/24"}],"wp:featuredmedia":[{"embeddable":true,"href":"https:\/\/awf.world\/fr\/wp-json\/wp\/v2\/media\/28870"}],"wp:attachment":[{"href":"https:\/\/awf.world\/fr\/wp-json\/wp\/v2\/media?parent=28877"}],"wp:term":[{"taxonomy":"category","embeddable":true,"href":"https:\/\/awf.world\/fr\/wp-json\/wp\/v2\/categories?post=28877"},{"taxonomy":"post_tag","embeddable":true,"href":"https:\/\/awf.world\/fr\/wp-json\/wp\/v2\/tags?post=28877"}],"curies":[{"name":"wp","href":"https:\/\/api.w.org\/{rel}","templated":true}]}}