{"id":27084,"date":"2021-07-15T14:40:21","date_gmt":"2021-07-15T19:40:21","guid":{"rendered":"http:\/\/awf.world\/awf-news\/lalliance-au-mali-la-croissance-et-la-benediction-continues\/"},"modified":"2021-07-15T14:40:21","modified_gmt":"2021-07-15T19:40:21","slug":"lalliance-au-mali-la-croissance-et-la-benediction-continues","status":"publish","type":"awf-news","link":"https:\/\/awf.world\/fr\/awf-news\/lalliance-au-mali-la-croissance-et-la-benediction-continues\/","title":{"rendered":"L\u2019Alliance au Mali : la Croissance et la B\u00e9n\u00e9diction Continues"},"content":{"rendered":"<h3 style=\"text-align: justify;\">L\u2019\u00c9glise de l\u2019Alliance au Mali continue de grandir et de b\u00e9nir. Le minist\u00e8re a touch\u00e9 de nombreuses vies, et ils continuent \u00e0 tendre la main \u00e0 leurs communaut\u00e9s sous la direction de Dieu. Ils c\u00e9l\u00e9breront bient\u00f4t leur centenaire. Priez que le Seigneur continue d\u2019utiliser nos fr\u00e8res et s\u0153urs maliens pour faire briller sa lumi\u00e8re au Mali.<\/h3>\n<p>Gr\u00e2ce aux efforts missionnaires de l\u2019Alliance Chr\u00e9tienne et Missionnaire, la premi\u00e8re \u00e9glise CMA du Mali a vu le jour en 1923. \u00c0 l\u2019\u00e9poque, le pays \u00e9tait connu sous le nom Soudan fran\u00e7ais et le premier \u00e9tablissement de l\u2019\u00e9glise \u00eates dans la ville de Sikasso. Peu de temps apr\u00e8s, des \u00e9tablissements ont \u00e9t\u00e9 ouverts dans d\u2019autres villes et villages, tels que San Tombouctou, Gao, Koutiala, Sangha et Sanekuy. Beaucoup de gens de diff\u00e9rents groupes ethniques ont entendu l\u2019\u00e9vangile et se sont convertis \u00e0 notre Seigneur J\u00e9sus-Christ.<\/p>\n<p>En 1963, quelques ann\u00e9es apr\u00e8s l\u2019ind\u00e9pendance du Mali, les dirigeants de la CMA ont vu que le meilleur moyen de maintenir l\u2019\u00e9glise en vie de mani\u00e8re durable \u00e9tait d\u2019autonomiser les nationaux. Et c\u2019est ainsi que la direction nationale de l\u2019Alliance du Mali a \u00e9t\u00e9 cr\u00e9\u00e9e. Ils ont pris en charge la croissance \u00e9conomique, physique et spirituelle de l\u2019\u00e9glise. Le 2 avril 1963, l\u2019\u00e9glise est officiellement reconnue par le gouvernement sous le nom d\u2019\u00ab \u00c9glise Chr\u00e9tienne \u00c9vang\u00e9lique au Mali \u00bb. Plus tard, en 1974, ils ont chang\u00e9 leur nom en \u00c9glise Chr\u00e9tienne \u00c9vang\u00e9lique du Mali.<\/p>\n<p>Gr\u00e2ce \u00e0 la direction de Dieu, l\u2019Alliance au Mali a de nombreux minist\u00e8res. Ils sont membres fondateurs de l\u2019Association des Groupements d\u2019\u00c9glises et Missions Protestantes au Mali (AGEMPEM). L\u2019\u00e9glise compte huit d\u00e9partements et est pr\u00e9sente dans 19 districts. Ils ont un d\u00e9partement d\u2019\u00e9vang\u00e9lisation et de missions, des d\u00e9partements d\u2019\u00e9ducation de la jeunesse, des femmes et des enfants, un d\u00e9partement de pri\u00e8re et bien d\u2019autres. Ils souhaitent toucher le plus de personnes possibles, apportant l\u2019amour et la lumi\u00e8re de Dieu \u00e0 tous.<\/p>\n<p>A travers d\u2019une gu\u00e9rison physique et spirituelle et une vision holistique, l\u2019\u00e9glise de l\u2019Alliance au Mali vient en aide \u00e0 la population malienne au Centre Protestant d\u2019Assistance M\u00e9dicale. Ils ont \u00e9galement l\u2019h\u00f4pital pour femmes et enfants, la troisi\u00e8me la plus grande r\u00e9f\u00e9rence du pays dans la lutte contre la mortalit\u00e9 n\u00e9onatale et infantile. Dieu a rendu tout cela possible gr\u00e2ce \u00e0 leurs efforts et leurs partenariats avec des \u00e9glises et des organisations am\u00e9ricaines, canadiennes et europ\u00e9ennes.<\/p>\n<p>Veuillez prier pour que leur minist\u00e8re continue de toucher, de gu\u00e9rir et d\u2019atteindre beaucoup plus de personnes. Ils nous demandent \u00e9galement de prier pour leur leadership, leurs efforts missionnaires, leur expansion et leur soutien. Ils c\u00e9l\u00e9breront le 100e anniversaire de l\u2019\u00e9glise nationale en 2023 et construisent un nouveau si\u00e8ge \u00e0 Bamako. Que notre Seigneur et Sauveur continue d\u2019utiliser nos fr\u00e8res et s\u0153urs du Mali pour b\u00e9nir d\u2019innombrables vies.<\/p>\n","protected":false},"author":24,"featured_media":27081,"template":"","meta":{"inline_featured_image":false,"ngg_post_thumbnail":0,"_EventAllDay":false,"_EventTimezone":"","_EventStartDate":"","_EventEndDate":"","_EventStartDateUTC":"","_EventEndDateUTC":"","_EventShowMap":false,"_EventShowMapLink":false,"_EventURL":"","_EventCost":"","_EventCostDescription":"","_EventCurrencySymbol":"","_EventCurrencyCode":"","_EventCurrencyPosition":"","_EventDateTimeSeparator":"","_EventTimeRangeSeparator":"","_EventOrganizerID":[],"_EventVenueID":[],"_OrganizerEmail":"","_OrganizerPhone":"","_OrganizerWebsite":"","_VenueAddress":"","_VenueCity":"","_VenueCountry":"","_VenueProvince":"","_VenueState":"","_VenueZip":"","_VenuePhone":"","_VenueURL":"","_VenueStateProvince":"","_VenueLat":"","_VenueLng":"","_VenueShowMap":false,"_VenueShowMapLink":false},"categories":[284,33],"tags":[277,609],"class_list":["post-27084","awf-news","type-awf-news","status-publish","has-post-thumbnail","hentry","category-afrique","category-news-fr","tag-afrique","tag-mali-fr-2"],"_links":{"self":[{"href":"https:\/\/awf.world\/fr\/wp-json\/wp\/v2\/awf-news\/27084","targetHints":{"allow":["GET"]}}],"collection":[{"href":"https:\/\/awf.world\/fr\/wp-json\/wp\/v2\/awf-news"}],"about":[{"href":"https:\/\/awf.world\/fr\/wp-json\/wp\/v2\/types\/awf-news"}],"author":[{"embeddable":true,"href":"https:\/\/awf.world\/fr\/wp-json\/wp\/v2\/users\/24"}],"wp:featuredmedia":[{"embeddable":true,"href":"https:\/\/awf.world\/fr\/wp-json\/wp\/v2\/media\/27081"}],"wp:attachment":[{"href":"https:\/\/awf.world\/fr\/wp-json\/wp\/v2\/media?parent=27084"}],"wp:term":[{"taxonomy":"category","embeddable":true,"href":"https:\/\/awf.world\/fr\/wp-json\/wp\/v2\/categories?post=27084"},{"taxonomy":"post_tag","embeddable":true,"href":"https:\/\/awf.world\/fr\/wp-json\/wp\/v2\/tags?post=27084"}],"curies":[{"name":"wp","href":"https:\/\/api.w.org\/{rel}","templated":true}]}}