{"id":27075,"date":"2021-07-13T13:14:38","date_gmt":"2021-07-13T18:14:38","guid":{"rendered":"http:\/\/awf.world\/awf-news\/les-inscriptions-sont-maintenant-ouvertes-pour-la-convocation-quadriennale-de-luma-2021\/"},"modified":"2021-11-09T13:57:42","modified_gmt":"2021-11-09T18:57:42","slug":"les-inscriptions-sont-maintenant-ouvertes-pour-la-convocation-quadriennale-de-luma-2021","status":"publish","type":"awf-news","link":"https:\/\/awf.world\/fr\/awf-news\/les-inscriptions-sont-maintenant-ouvertes-pour-la-convocation-quadriennale-de-luma-2021\/","title":{"rendered":"Les inscriptions sont maintenant ouvertes pour la Convocation Quadriennale de l\u2019UMA 2021"},"content":{"rendered":"<p>Vous \u00eates invit\u00e9s \u00e0 vous inscrire \u00e0 la 12e\u00a0<a href=\"https:\/\/awf.world\/fr\/events\/convocation-quadriennale-2020-2\/\" target=\"_blank\" rel=\"noopener\">Convocation Quadriennale<\/a> de l\u2019UMA qui se tiendra \u00e0 l\u2019\u00c9glise de l\u2019Alliance Central de Milagro, une ville voisine de Guayaquil, en \u00c9quateur, du 19 au 24 octobre 2021. Les invit\u00e9s internationaux s\u00e9journeront dans des h\u00f4tels s\u00e9lectionn\u00e9s \u00e0 Guayaquil et utiliseront quotidiennement les navettes de la conf\u00e9rence pour le transport vers\/depuis le campus de l\u2019\u00e9glise.<\/p>\n<p>Le th\u00e8me de la 12e Convocation Quadriennale de l\u2019UMA est \u00ab Aller Plus Loin et Aller Au-del\u00e0 \u00bb. La convocation mettra \u00e9galement l\u2019accent sur la construction et le renforcement des r\u00e9seaux de minist\u00e8res \u00e0 travers l\u2019Alliance mondiale.<\/p>\n<p>Si vous \u00eates passionn\u00e9 par J\u00e9sus-Christ et d\u00e9sireux d\u2019utiliser vos talents, vos comp\u00e9tences et vos dons spirituels pour faire conna\u00eetre Christ d\u2019une mani\u00e8re tr\u00e8s cr\u00e9ative \u00e0 toutes les nations du monde, alors cette convocation est pour vous.<\/p>\n<p>Les frais d\u2019inscription sont de 425 $ US par personne. Il comprend le mat\u00e9riel, les repas et les navettes de conf\u00e9rence de l\u2019h\u00f4tel au campus de l\u2019\u00e9glise. Ne sont pas inclus divers co\u00fbts tels que les autres transports, l\u2019h\u00e9bergement, les exigences en mati\u00e8re de visa et de COVID, etc.<\/p>\n<p>Vous pouvez vous inscrire en <a href=\"https:\/\/cma.ungerboeck.com\/prod\/emc00\/register.aspx?OrgCode=10&amp;EvtID=6124&amp;AppCode=REG&amp;CC=119121103962\" target=\"_blank\" rel=\"noopener\">cliquant ici<\/a>.\u00a0Veuillez avoir votre carte de cr\u00e9dit (Visa ou Mastercard) en main pour proc\u00e9der \u00e0 l\u2019inscription.<\/p>\n","protected":false},"author":24,"featured_media":27076,"template":"","meta":{"inline_featured_image":false,"ngg_post_thumbnail":0,"_EventAllDay":false,"_EventTimezone":"","_EventStartDate":"","_EventEndDate":"","_EventStartDateUTC":"","_EventEndDateUTC":"","_EventShowMap":false,"_EventShowMapLink":false,"_EventURL":"","_EventCost":"","_EventCostDescription":"","_EventCurrencySymbol":"","_EventCurrencyCode":"","_EventCurrencyPosition":"","_EventDateTimeSeparator":"","_EventTimeRangeSeparator":"","_EventOrganizerID":[],"_EventVenueID":[],"_OrganizerEmail":"","_OrganizerPhone":"","_OrganizerWebsite":"","_VenueAddress":"","_VenueCity":"","_VenueCountry":"","_VenueProvince":"","_VenueState":"","_VenueZip":"","_VenuePhone":"","_VenueURL":"","_VenueStateProvince":"","_VenueLat":"","_VenueLng":"","_VenueShowMap":false,"_VenueShowMapLink":false},"categories":[33],"tags":[382,381],"class_list":["post-27075","awf-news","type-awf-news","status-publish","has-post-thumbnail","hentry","category-news-fr","tag-convocation-quadriennale","tag-ecuador-fr"],"_links":{"self":[{"href":"https:\/\/awf.world\/fr\/wp-json\/wp\/v2\/awf-news\/27075","targetHints":{"allow":["GET"]}}],"collection":[{"href":"https:\/\/awf.world\/fr\/wp-json\/wp\/v2\/awf-news"}],"about":[{"href":"https:\/\/awf.world\/fr\/wp-json\/wp\/v2\/types\/awf-news"}],"author":[{"embeddable":true,"href":"https:\/\/awf.world\/fr\/wp-json\/wp\/v2\/users\/24"}],"wp:featuredmedia":[{"embeddable":true,"href":"https:\/\/awf.world\/fr\/wp-json\/wp\/v2\/media\/27076"}],"wp:attachment":[{"href":"https:\/\/awf.world\/fr\/wp-json\/wp\/v2\/media?parent=27075"}],"wp:term":[{"taxonomy":"category","embeddable":true,"href":"https:\/\/awf.world\/fr\/wp-json\/wp\/v2\/categories?post=27075"},{"taxonomy":"post_tag","embeddable":true,"href":"https:\/\/awf.world\/fr\/wp-json\/wp\/v2\/tags?post=27075"}],"curies":[{"name":"wp","href":"https:\/\/api.w.org\/{rel}","templated":true}]}}