{"id":27036,"date":"2021-06-23T13:05:55","date_gmt":"2021-06-23T18:05:55","guid":{"rendered":"http:\/\/awf.world\/awf-news\/le-reseau-mondial-des-femmes-de-lalliance-de-luma-connecte-les-femmes-du-monde-entier-pour-etendre-le-royaume-de-dieu\/"},"modified":"2021-06-23T13:21:35","modified_gmt":"2021-06-23T18:21:35","slug":"le-reseau-mondial-des-femmes-de-lalliance-de-luma-connecte-les-femmes-du-monde-entier-pour-etendre-le-royaume-de-dieu","status":"publish","type":"awf-news","link":"https:\/\/awf.world\/fr\/awf-news\/le-reseau-mondial-des-femmes-de-lalliance-de-luma-connecte-les-femmes-du-monde-entier-pour-etendre-le-royaume-de-dieu\/","title":{"rendered":"Le R\u00e9seau Mondial des Femmes de l\u2019Alliance de l\u2019UMA Connecte les Femmes du Monde Entier pour \u00c9tendre le Royaume de Dieu"},"content":{"rendered":"<h3 style=\"text-align: justify;\">Soixante-quinze femmes de cinq r\u00e9gions de l\u2019UMA ont assist\u00e9 au rassemblement virtuel du R\u00e9seau Mondial des Femmes de l\u2019Alliance de l\u2019UMA le 9 juin 2021. Gr\u00e2ce \u00e0 notre P\u00e8re c\u00e9leste, ce fut un succ\u00e8s et une b\u00e9n\u00e9diction ! Priez pour que ce minist\u00e8re atteigne encore plus de femmes dans notre famille mondiale.<\/h3>\n<figure id=\"attachment_27026\" aria-describedby=\"caption-attachment-27026\" style=\"width: 300px\" class=\"wp-caption alignright\"><img loading=\"lazy\" decoding=\"async\" class=\"wp-image-27026 size-medium\" src=\"http:\/\/awf.world\/wp-content\/uploads\/2021\/06\/2020-06-24-3-300x173.png\" alt=\"\" width=\"300\" height=\"173\" srcset=\"https:\/\/awf.world\/wp-content\/uploads\/2021\/06\/2020-06-24-3-300x173.png 300w, https:\/\/awf.world\/wp-content\/uploads\/2021\/06\/2020-06-24-3-768x442.png 768w, https:\/\/awf.world\/wp-content\/uploads\/2021\/06\/2020-06-24-3-1024x589.png 1024w, https:\/\/awf.world\/wp-content\/uploads\/2021\/06\/2020-06-24-3.png 1500w\" sizes=\"auto, (max-width: 300px) 100vw, 300px\" \/><figcaption id=\"caption-attachment-27026\" class=\"wp-caption-text\">Comit\u00e9 des Femmes de l\u2019Alliance de l&rsquo;UMA<\/figcaption><\/figure>\n<p>Le R\u00e9seau Mondial des Femmes de l\u2019Alliance de l\u2019UMA a d\u00e9but\u00e9 en 2020 lorsque le pr\u00e9sident de l\u2019UMA, Jura Yanagihara, a invit\u00e9 un groupe de femmes dirigeantes nationales et r\u00e9gionales du monde entier \u00e0 pr\u00e9parer des ateliers pour les femmes pour notre\u00a0Convocation Quadriennale de l\u2019UMA 2020.<\/p>\n<p>Initialement, le Comit\u00e9 des Femmes de l\u2019Alliance se r\u00e9unissait une fois par mois via Zoom pour discuter des ateliers. M\u00eame apr\u00e8s le d\u00e9but de la pand\u00e9mie, reportant la <a href=\"https:\/\/awf.world\/fr\/events\/convocation-quadriennale-2020-2\/\" target=\"_blank\" rel=\"noopener\">Quadriennale<\/a>, ces femmes pieuses ont continu\u00e9 \u00e0 travailler dur. Elles ont vu la n\u00e9cessit\u00e9 d\u2019unir les femmes de notre famille mondiale de l\u2019Alliance. En mai 2021, le comit\u00e9 a d\u00e9cid\u00e9 de tendre la main aux femmes d\u2019autres r\u00e9gions et pays.<\/p>\n<p>Le R\u00e9seau Mondial des Femmes de l\u2019Alliance de l\u2019UMA a organis\u00e9 une r\u00e9union en ligne le 9 juin. Le rassemblement a r\u00e9uni 75 femmes des cinq r\u00e9gions de l\u2019UMA. Les femmes sont des leaders dans leurs \u00e9glises locales, leurs minist\u00e8res r\u00e9gionaux et nationaux. Malgr\u00e9 des fuseaux horaires, des lieux, des langues diff\u00e9rents et quelques probl\u00e8mes de connexion Internet, l\u2019\u00e9v\u00e9nement a \u00e9t\u00e9 une perc\u00e9e !<\/p>\n<figure id=\"attachment_27029\" aria-describedby=\"caption-attachment-27029\" style=\"width: 300px\" class=\"wp-caption alignleft\"><img loading=\"lazy\" decoding=\"async\" class=\"wp-image-27029 size-medium\" src=\"http:\/\/awf.world\/wp-content\/uploads\/2021\/06\/Global-Alliance-Women-Network-Meeting_2021-06-094-300x169.png\" alt=\"\" width=\"300\" height=\"169\" srcset=\"https:\/\/awf.world\/wp-content\/uploads\/2021\/06\/Global-Alliance-Women-Network-Meeting_2021-06-094-300x169.png 300w, https:\/\/awf.world\/wp-content\/uploads\/2021\/06\/Global-Alliance-Women-Network-Meeting_2021-06-094-768x432.png 768w, https:\/\/awf.world\/wp-content\/uploads\/2021\/06\/Global-Alliance-Women-Network-Meeting_2021-06-094-1024x576.png 1024w, https:\/\/awf.world\/wp-content\/uploads\/2021\/06\/Global-Alliance-Women-Network-Meeting_2021-06-094.png 1500w\" sizes=\"auto, (max-width: 300px) 100vw, 300px\" \/><figcaption id=\"caption-attachment-27029\" class=\"wp-caption-text\">Nadia Arias<\/figcaption><\/figure>\n<p>S\u0153ur Nadia Aries du Chili leur a lanc\u00e9 un magnifique d\u00e9fi. Elle a dit : \u00ab Nous vivons le temps Kairos ! C\u2019est le temps que Dieu a fait pour nous de jeter des filets et de regarder les champs qui sont pr\u00eats pour la moisson. Ne nous arr\u00eatons pas ! Dieu utilisera chacun de nous pour avoir un impact sur notre ville, notre communaut\u00e9, notre pays, notre r\u00e9gion et au-del\u00e0 ! \u00bb<\/p>\n<p>Les femmes se sentaient motiv\u00e9es et exalt\u00e9es. Deux dames du Canada ont admis avoir manqu\u00e9 de camaraderie parmi les femmes. Une autre \u00e9tait ravie de voir cinq de ses chefs d\u2019\u00e9quipe r\u00e9gionaux participer. Une s\u0153ur a dit que \u00ab par la pri\u00e8re pour les groupes de personnes non atteints et les besoins de chaque r\u00e9gion, Dieu a uni nos c\u0153urs et notre vision dans une mission : \u00eatre t\u00e9moins de l\u2019amour de Dieu pour les autres et partager ce qu\u2019il a fait dans nos vies ! \u00bb<\/p>\n<figure id=\"attachment_27032\" aria-describedby=\"caption-attachment-27032\" style=\"width: 300px\" class=\"wp-caption alignright\"><img loading=\"lazy\" decoding=\"async\" class=\"wp-image-27032 size-medium\" src=\"http:\/\/awf.world\/wp-content\/uploads\/2021\/06\/Global-Alliance-Women-Network-Meeting_2021-06-091-300x169.png\" alt=\"\" width=\"300\" height=\"169\" srcset=\"https:\/\/awf.world\/wp-content\/uploads\/2021\/06\/Global-Alliance-Women-Network-Meeting_2021-06-091-300x169.png 300w, https:\/\/awf.world\/wp-content\/uploads\/2021\/06\/Global-Alliance-Women-Network-Meeting_2021-06-091-768x432.png 768w, https:\/\/awf.world\/wp-content\/uploads\/2021\/06\/Global-Alliance-Women-Network-Meeting_2021-06-091-1024x576.png 1024w, https:\/\/awf.world\/wp-content\/uploads\/2021\/06\/Global-Alliance-Women-Network-Meeting_2021-06-091.png 1500w\" sizes=\"auto, (max-width: 300px) 100vw, 300px\" \/><figcaption id=\"caption-attachment-27032\" class=\"wp-caption-text\">Eunice Lumawag<\/figcaption><\/figure>\n<p>Eunice Lumawag, la responsable de ce r\u00e9seau, a d\u00e9clar\u00e9 : \u00ab Personnellement, je suis motiv\u00e9e et ravie de savoir et de voir ce que Dieu a pr\u00e9par\u00e9 pour nous toutes, les femmes, en partenariat avec les minist\u00e8res de l\u2019UMA. Et, en m\u00eame temps, comment le Seigneur \u00e9tendrait ce minist\u00e8re alors que nous nous connectons les unes a les autres. Peut-\u00eatre que Dieu \u00e9tendra notre territoire pour le travail missionnaire, la pri\u00e8re, les affaires du march\u00e9, les dons, l\u2019\u00e9vang\u00e9lisation et le discipulat, et bien plus encore ! C\u2019est ce sur quoi je me tiens fermement : que Dieu accomplira le dessein qu\u2019il a pour toutes les femmes de l\u2019Alliance. \u00c9ph\u00e9siens 2 : 10 dit : \u2018Car nous sommes l\u2019ouvrage de Dieu, cr\u00e9\u00e9s en J\u00e9sus-Christ pour faire de bonnes \u0153uvres, que Dieu a pr\u00e9par\u00e9es d\u2019avance pour que nous fassions.\u2019 \u00bb<\/p>\n<p>Louez le Seigneur pour cette incroyable opportunit\u00e9 ! Priez pour que ce minist\u00e8re continue d\u2019atteindre beaucoup plus de femmes de l\u2019Alliance.<\/p>\n","protected":false},"author":24,"featured_media":27024,"template":"","meta":{"inline_featured_image":false,"ngg_post_thumbnail":0,"_EventAllDay":false,"_EventTimezone":"","_EventStartDate":"","_EventEndDate":"","_EventStartDateUTC":"","_EventEndDateUTC":"","_EventShowMap":false,"_EventShowMapLink":false,"_EventURL":"","_EventCost":"","_EventCostDescription":"","_EventCurrencySymbol":"","_EventCurrencyCode":"","_EventCurrencyPosition":"","_EventDateTimeSeparator":"","_EventTimeRangeSeparator":"","_EventOrganizerID":[],"_EventVenueID":[],"_OrganizerEmail":"","_OrganizerPhone":"","_OrganizerWebsite":"","_VenueAddress":"","_VenueCity":"","_VenueCountry":"","_VenueProvince":"","_VenueState":"","_VenueZip":"","_VenuePhone":"","_VenueURL":"","_VenueStateProvince":"","_VenueLat":"","_VenueLng":"","_VenueShowMap":false,"_VenueShowMapLink":false},"categories":[929,33],"tags":[277,690],"class_list":["post-27036","awf-news","type-awf-news","status-publish","has-post-thumbnail","hentry","category-ministeres-de-la-femme","category-news-fr","tag-afrique","tag-europe-et-moyen-orient"],"_links":{"self":[{"href":"https:\/\/awf.world\/fr\/wp-json\/wp\/v2\/awf-news\/27036","targetHints":{"allow":["GET"]}}],"collection":[{"href":"https:\/\/awf.world\/fr\/wp-json\/wp\/v2\/awf-news"}],"about":[{"href":"https:\/\/awf.world\/fr\/wp-json\/wp\/v2\/types\/awf-news"}],"author":[{"embeddable":true,"href":"https:\/\/awf.world\/fr\/wp-json\/wp\/v2\/users\/24"}],"wp:featuredmedia":[{"embeddable":true,"href":"https:\/\/awf.world\/fr\/wp-json\/wp\/v2\/media\/27024"}],"wp:attachment":[{"href":"https:\/\/awf.world\/fr\/wp-json\/wp\/v2\/media?parent=27036"}],"wp:term":[{"taxonomy":"category","embeddable":true,"href":"https:\/\/awf.world\/fr\/wp-json\/wp\/v2\/categories?post=27036"},{"taxonomy":"post_tag","embeddable":true,"href":"https:\/\/awf.world\/fr\/wp-json\/wp\/v2\/tags?post=27036"}],"curies":[{"name":"wp","href":"https:\/\/api.w.org\/{rel}","templated":true}]}}