{"id":27020,"date":"2021-06-22T08:50:30","date_gmt":"2021-06-22T13:50:30","guid":{"rendered":"http:\/\/awf.world\/awf-news\/les-missions-latines-avancent-en-temps-de-pandemie\/"},"modified":"2021-06-22T08:50:30","modified_gmt":"2021-06-22T13:50:30","slug":"les-missions-latines-avancent-en-temps-de-pandemie","status":"publish","type":"awf-news","link":"https:\/\/awf.world\/fr\/awf-news\/les-missions-latines-avancent-en-temps-de-pandemie\/","title":{"rendered":"Les Missions Latines Avancent en Temps de Pand\u00e9mie"},"content":{"rendered":"<h3 style=\"text-align: justify;\">La pand\u00e9mie a initialement pr\u00e9sent\u00e9 un d\u00e9fi mena\u00e7ant pour le mouvement missionnaire latino-am\u00e9ricain. Cependant, le Dieu de la mission a guid\u00e9 la CLA \u00e0 prendre des mesures. Malgr\u00e9 la fermeture des \u00e9glises, les missionnaires latins sont rest\u00e9s sur le terrain avec leurs minist\u00e8res virtuels et en personne apportant aide et espoir \u00e0 ceux qui en ont le plus besoin.<\/h3>\n<p>Au d\u00e9but de la pand\u00e9mie de COVID-19, le mouvement missionnaire latino-am\u00e9ricain \u00e9tait menac\u00e9. L\u2019\u00e9quipe consultative de la Mission de la CLA (R\u00e9gion Am\u00e9rique latine) a convoqu\u00e9 une r\u00e9union pour s\u2019unir dans la pri\u00e8re et s\u2019encourager les uns les autres \u00e0 continuer \u00e0 faire confiance \u00e0 Dieu en ces temps difficiles. Ils ont \u00e9galement cr\u00e9\u00e9 un plan d\u2019urgence durable pour garder les missionnaires sur le terrain, car les ramener chez eux ne serait pas la meilleure solution.<\/p>\n<p><img loading=\"lazy\" decoding=\"async\" class=\"alignleft size-medium wp-image-27010\" src=\"http:\/\/awf.world\/wp-content\/uploads\/2021\/06\/Alianza-Ancona_Italia1-300x160.jpg\" alt=\"\" width=\"300\" height=\"160\" srcset=\"https:\/\/awf.world\/wp-content\/uploads\/2021\/06\/Alianza-Ancona_Italia1-300x160.jpg 300w, https:\/\/awf.world\/wp-content\/uploads\/2021\/06\/Alianza-Ancona_Italia1-768x410.jpg 768w, https:\/\/awf.world\/wp-content\/uploads\/2021\/06\/Alianza-Ancona_Italia1-1024x547.jpg 1024w, https:\/\/awf.world\/wp-content\/uploads\/2021\/06\/Alianza-Ancona_Italia1.jpg 1500w\" sizes=\"auto, (max-width: 300px) 100vw, 300px\" \/><\/p>\n<p>La pand\u00e9mie de COVID-19 a paralys\u00e9 le monde pendant une p\u00e9riode consid\u00e9rable, et de nombreuses \u00e9glises sont toujours en train de reprendre leurs activit\u00e9s et leurs minist\u00e8res. Mais l\u2019\u0153uvre missionnaire ne s\u2019est pas arr\u00eat\u00e9e. La plupart des missionnaires latins sont rest\u00e9s sur le terrain en faisant leur travail virtuellement et dans certains cas, en personne. Ils ont saisi l\u2019occasion de montrer concr\u00e8tement l\u2019amour de Dieu, en apportant de la nourriture et de l\u2019aide aux n\u00e9cessiteux et en effectuant d\u2019autres travaux sociaux autoris\u00e9s.<\/p>\n<p><img loading=\"lazy\" decoding=\"async\" class=\"alignright size-medium wp-image-27013\" src=\"http:\/\/awf.world\/wp-content\/uploads\/2021\/06\/Alianza-Ancona_Italia2-300x121.jpg\" alt=\"\" width=\"300\" height=\"121\" srcset=\"https:\/\/awf.world\/wp-content\/uploads\/2021\/06\/Alianza-Ancona_Italia2-300x121.jpg 300w, https:\/\/awf.world\/wp-content\/uploads\/2021\/06\/Alianza-Ancona_Italia2-768x311.jpg 768w, https:\/\/awf.world\/wp-content\/uploads\/2021\/06\/Alianza-Ancona_Italia2-1024x415.jpg 1024w, https:\/\/awf.world\/wp-content\/uploads\/2021\/06\/Alianza-Ancona_Italia2.jpg 1052w\" sizes=\"auto, (max-width: 300px) 100vw, 300px\" \/><\/p>\n<p>L\u2019\u00e9quipe des Missions de la CLA a continu\u00e9 d\u2019accompagner le travail de leurs missionnaires en maintenant une communication plus fluide avec eux et avec les chefs de mission nationaux. Cela leur a permis de cr\u00e9er des cartes de pri\u00e8re virtuelles pour appeler les \u00e9glises \u00e0 prier pour les missionnaires et leurs minist\u00e8res.<\/p>\n<p>Le d\u00e9sir d\u2019envoyer de nouveaux missionnaires dans le domaine interculturel continue de br\u00fbler dans leurs c\u0153urs. Ainsi, certains travailleurs ont d\u00e9j\u00e0 \u00e9t\u00e9 envoy\u00e9s et d\u2019autres sont sur le point de partir.<\/p>\n<p>Le chef de mission de la CMA du P\u00e9rou a d\u00e9clar\u00e9 : \u00ab Dieu merci, aucun missionnaire est revenu du champ. En mati\u00e8re salariale, 90 % ont re\u00e7u le m\u00eame montant que d\u2019habitude ; seulement 10 % ont \u00e9t\u00e9 touch\u00e9s, avec 10 % ou 20 % de leurs revenus diminu\u00e9s. Certains d\u2019entre eux re\u00e7oivent d\u00e9j\u00e0 le m\u00eame montant qu\u2019avant la pand\u00e9mie. L\u2019\u0153uvre en Guin\u00e9e-\u00c9quatoriale fait l\u2019exp\u00e9rience de la puissance du Saint-Esprit. L\u2019\u00e9glise a grandi en 2020 et 2021. Ils baptisent tous les deux mois. Louons Dieu pour cela ! En f\u00e9vrier 2021, deux missionnaires sont all\u00e9s au Moyen-Orient. En juin, nous enverrons une famille en Italie, et une autre partira \u00e0 la fin de cette ann\u00e9e \u00bb.<\/p>\n<p>L\u2019\u00c9quateur et le Chili enverront de nouveaux travailleurs dans la Sixi\u00e8me R\u00e9gion jusqu\u2019\u00e0 la fin de l\u2019ann\u00e9e. L\u2019Argentine est \u00e9galement pr\u00eate \u00e0 envoyer ses missionnaires. Ils n\u2019attendent qu\u2019une meilleure \u00e9conomie d\u2019\u00e9change pour envoyer leurs candidats. Le Br\u00e9sil aussi enverra une famille missionnaire au Portugal cette ann\u00e9e. Nous louons Dieu pour ces rapports encourageants.<\/p>\n<p>Dieu a \u00e9galement fourni une aide financi\u00e8re aux missionnaires des pays d\u2019Am\u00e9rique latine les plus durement touch\u00e9s par la pand\u00e9mie, comme le Br\u00e9sil et l\u2019Argentine. Aux jours les plus \u00e9prouvants, Dieu a ouvert une porte de provision qui a permis \u00e0 nos fr\u00e8res et s\u0153urs latins de soutenir financi\u00e8rement leurs missionnaires. Dans le cas de l\u2019Argentine, ils n\u2019ont pas pu envoyer d\u2019aide puisque tout est rest\u00e9 ferm\u00e9, donc ils ont envoy\u00e9 les fonds de l\u2019\u00c9quateur vers les diff\u00e9rents pays o\u00f9 se trouvent les missionnaires argentins.<\/p>\n<figure id=\"attachment_27016\" aria-describedby=\"caption-attachment-27016\" style=\"width: 300px\" class=\"wp-caption alignleft\"><img loading=\"lazy\" decoding=\"async\" class=\"wp-image-27016 size-medium\" src=\"http:\/\/awf.world\/wp-content\/uploads\/2021\/06\/Con-Talent-Trust-300x240.png\" alt=\"\" width=\"300\" height=\"240\" srcset=\"https:\/\/awf.world\/wp-content\/uploads\/2021\/06\/Con-Talent-Trust-300x240.png 300w, https:\/\/awf.world\/wp-content\/uploads\/2021\/06\/Con-Talent-Trust-768x614.png 768w, https:\/\/awf.world\/wp-content\/uploads\/2021\/06\/Con-Talent-Trust-1024x819.png 1024w, https:\/\/awf.world\/wp-content\/uploads\/2021\/06\/Con-Talent-Trust.png 1500w\" sizes=\"auto, (max-width: 300px) 100vw, 300px\" \/><figcaption id=\"caption-attachment-27016\" class=\"wp-caption-text\">Rencontre avec les repr\u00e9sentants de la compagnie d&rsquo;assurance<\/figcaption><\/figure>\n<p>Actuellement, l\u2019Alliance Chr\u00e9tienne et Missionnaire latino-am\u00e9ricaine cherche des moyens de continuer \u00e0 grandir dans le soin des missionnaires. Veuillez prier pour que Dieu fournisse les fonds n\u00e9cessaires pour la couverture d\u2019assurance, couvrant tout le n\u00e9cessaire pour les moments de crise que leurs travailleurs peuvent traverser.<\/p>\n<p>Sonia Paredes, coordinatrice des Missions de la CLA, d\u00e9clare : \u00ab Nous louons Dieu pour son amour et sa mis\u00e9ricorde infinis envers le mouvement missionnaire latino-am\u00e9ricain. La mission appartient \u00e0 Dieu et il veut utiliser son \u00e9glise pour \u00eatre un instrument dans l\u2019expansion de son royaume \u00bb.<\/p>\n","protected":false},"author":24,"featured_media":27008,"template":"","meta":{"inline_featured_image":false,"ngg_post_thumbnail":0,"_EventAllDay":false,"_EventTimezone":"","_EventStartDate":"","_EventEndDate":"","_EventStartDateUTC":"","_EventEndDateUTC":"","_EventShowMap":false,"_EventShowMapLink":false,"_EventURL":"","_EventCost":"","_EventCostDescription":"","_EventCurrencySymbol":"","_EventCurrencyCode":"","_EventCurrencyPosition":"","_EventDateTimeSeparator":"","_EventTimeRangeSeparator":"","_EventOrganizerID":[],"_EventVenueID":[],"_OrganizerEmail":"","_OrganizerPhone":"","_OrganizerWebsite":"","_VenueAddress":"","_VenueCity":"","_VenueCountry":"","_VenueProvince":"","_VenueState":"","_VenueZip":"","_VenuePhone":"","_VenueURL":"","_VenueStateProvince":"","_VenueLat":"","_VenueLng":"","_VenueShowMap":false,"_VenueShowMapLink":false},"categories":[152,33],"tags":[208,405,691,663,228,381,206,602],"class_list":["post-27020","awf-news","type-awf-news","status-publish","has-post-thumbnail","hentry","category-latin-america-fr","category-news-fr","tag-amerique-latine","tag-argentine","tag-bresil-fr","tag-chili-fr","tag-cla-fr","tag-ecuador-fr","tag-missions-fr","tag-perou-fr"],"_links":{"self":[{"href":"https:\/\/awf.world\/fr\/wp-json\/wp\/v2\/awf-news\/27020","targetHints":{"allow":["GET"]}}],"collection":[{"href":"https:\/\/awf.world\/fr\/wp-json\/wp\/v2\/awf-news"}],"about":[{"href":"https:\/\/awf.world\/fr\/wp-json\/wp\/v2\/types\/awf-news"}],"author":[{"embeddable":true,"href":"https:\/\/awf.world\/fr\/wp-json\/wp\/v2\/users\/24"}],"wp:featuredmedia":[{"embeddable":true,"href":"https:\/\/awf.world\/fr\/wp-json\/wp\/v2\/media\/27008"}],"wp:attachment":[{"href":"https:\/\/awf.world\/fr\/wp-json\/wp\/v2\/media?parent=27020"}],"wp:term":[{"taxonomy":"category","embeddable":true,"href":"https:\/\/awf.world\/fr\/wp-json\/wp\/v2\/categories?post=27020"},{"taxonomy":"post_tag","embeddable":true,"href":"https:\/\/awf.world\/fr\/wp-json\/wp\/v2\/tags?post=27020"}],"curies":[{"name":"wp","href":"https:\/\/api.w.org\/{rel}","templated":true}]}}