{"id":26954,"date":"2021-06-08T08:00:56","date_gmt":"2021-06-08T13:00:56","guid":{"rendered":"http:\/\/awf.world\/?post_type=awf-news&#038;p=26954"},"modified":"2021-06-22T09:16:53","modified_gmt":"2021-06-22T14:16:53","slug":"un-nouveau-chapitre-de-leglise-de-lalliance-en-guinee","status":"publish","type":"awf-news","link":"https:\/\/awf.world\/fr\/awf-news\/un-nouveau-chapitre-de-leglise-de-lalliance-en-guinee\/","title":{"rendered":"Un Nouveau Chapitre de l\u2019\u00c9glise de l\u2019Alliance en Guin\u00e9e"},"content":{"rendered":"<h3 style=\"text-align: justify;\">Le 8 mai 2021, la CMA de Guin\u00e9e a officiellement commenc\u00e9 \u00e0 reconstruire l\u2019\u00c9glise Protestante \u00c9vang\u00e9lique de Dorata. Elle a \u00e9t\u00e9 incendi\u00e9e le 22 mars 2020, lors de conflits ethniques dans la r\u00e9gion. Prions pour que beaucoup plus de b\u00e9n\u00e9dictions pleuvent sur ce nouveau chapitre du minist\u00e8re de l\u2019Alliance guin\u00e9enne.<\/h3>\n<p><img loading=\"lazy\" decoding=\"async\" class=\"alignleft wp-image-24863\" src=\"http:\/\/awf.world\/wp-content\/uploads\/2020\/04\/\u00c9glise-de-Dorota-Guinea_2020-03-224-300x169.jpg\" alt=\"\" width=\"250\" height=\"141\" srcset=\"https:\/\/awf.world\/wp-content\/uploads\/2020\/04\/\u00c9glise-de-Dorota-Guinea_2020-03-224-300x169.jpg 300w, https:\/\/awf.world\/wp-content\/uploads\/2020\/04\/\u00c9glise-de-Dorota-Guinea_2020-03-224-768x432.jpg 768w, https:\/\/awf.world\/wp-content\/uploads\/2020\/04\/\u00c9glise-de-Dorota-Guinea_2020-03-224.jpg 960w\" sizes=\"auto, (max-width: 250px) 100vw, 250px\" \/>La Guin\u00e9e, pays situ\u00e9 en Afrique de l\u2019Ouest, est souvent confront\u00e9e \u00e0 des conflits ethniques et religieux. Malgr\u00e9 les tentatives du gouvernement pour favoriser une meilleure relation entre les citoyens, les tensions restent vives. L\u2019ann\u00e9e derni\u00e8re, dans la soir\u00e9e du 22 mars, l<a href=\"https:\/\/awf.world\/fr\/awf-news\/leglise-cma-en-guinee-est-brulee-la-persecution-sintensifie-dans-les-pays-dafrique-de-louest\/\" target=\"_blank\" rel=\"noopener\">\u2019\u00c9glise Protestante \u00c9vang\u00e9lique de Dorata a \u00e9t\u00e9 incendi\u00e9e<\/a> lors d\u2019un de ces violents affrontements.<\/p>\n<figure id=\"attachment_26939\" aria-describedby=\"caption-attachment-26939\" style=\"width: 133px\" class=\"wp-caption alignright\"><img loading=\"lazy\" decoding=\"async\" class=\" wp-image-26939\" src=\"http:\/\/awf.world\/wp-content\/uploads\/2021\/06\/Guinea_Dorata-Alliance-Church-Rebuilding_2021-053-290x300.jpg\" alt=\"\" width=\"133\" height=\"138\" srcset=\"https:\/\/awf.world\/wp-content\/uploads\/2021\/06\/Guinea_Dorata-Alliance-Church-Rebuilding_2021-053-290x300.jpg 290w, https:\/\/awf.world\/wp-content\/uploads\/2021\/06\/Guinea_Dorata-Alliance-Church-Rebuilding_2021-053.jpg 443w\" sizes=\"auto, (max-width: 133px) 100vw, 133px\" \/><figcaption id=\"caption-attachment-26939\" class=\"wp-caption-text\">R\u00e9v. Jean Pierre Djaran Guilavogui<\/figcaption><\/figure>\n<p>Heureusement, un peu plus d\u2019un an plus tard, un nouveau chapitre a commenc\u00e9 dans le minist\u00e8re de cette \u00e9glise. Le 8 mai, le R\u00e9v\u00e9rend Jean Pierre Djaran Guilavogui, repr\u00e9sentant le Comit\u00e9 ex\u00e9cutif national de l\u2019\u00c9glise Protestante \u00c9vang\u00e9lique de Guin\u00e9e (EPEG), a pr\u00e9sid\u00e9 l\u2019ouverture de la c\u00e9r\u00e9monie de reconstruction. Les autorit\u00e9s locales n\u2019ont pas assist\u00e9 \u00e0 l\u2019\u00e9v\u00e9nement, mais de nombreux pasteurs et croyants \u00e9taient l\u00e0 pour c\u00e9l\u00e9brer.<\/p>\n<p>L\u2019\u00e9glise se trouve \u00e0 N\u2019Z\u00e9r\u00e9kor\u00e9, la deuxi\u00e8me ville en population de toute la Guin\u00e9e. Elle a plus de 30 ans et est l\u2019une des plus grandes \u00e9glises du pays. Malheureusement, l\u2019incendie de l\u2019ann\u00e9e derni\u00e8re n\u2019\u00e9tait pas la premi\u00e8re fois que le b\u00e2timent \u00e9tait d\u00e9truit. En 2013, une situation similaire s\u2019est produite. Mais Dieu est rest\u00e9 fid\u00e8le \u00e0 travers tous les d\u00e9fis de l\u2019\u00e9glise, et il les a aid\u00e9s \u00e0 surmonter chacun d\u2019eux.<\/p>\n<figure id=\"attachment_26933\" aria-describedby=\"caption-attachment-26933\" style=\"width: 146px\" class=\"wp-caption alignleft\"><img loading=\"lazy\" decoding=\"async\" class=\" wp-image-26933\" src=\"http:\/\/awf.world\/wp-content\/uploads\/2021\/06\/Guinea_Dorata-Alliance-Church-Rebuilding_2021-052-300x300.jpg\" alt=\"\" width=\"146\" height=\"146\" srcset=\"https:\/\/awf.world\/wp-content\/uploads\/2021\/06\/Guinea_Dorata-Alliance-Church-Rebuilding_2021-052-300x300.jpg 300w, https:\/\/awf.world\/wp-content\/uploads\/2021\/06\/Guinea_Dorata-Alliance-Church-Rebuilding_2021-052-150x150.jpg 150w, https:\/\/awf.world\/wp-content\/uploads\/2021\/06\/Guinea_Dorata-Alliance-Church-Rebuilding_2021-052.jpg 720w\" sizes=\"auto, (max-width: 146px) 100vw, 146px\" \/><figcaption id=\"caption-attachment-26933\" class=\"wp-caption-text\">R\u00e9v. Emmanuel Grovogui, pr\u00e9sident de l&rsquo;\u00e9glise protestante de N&rsquo;Z\u00e9r\u00e9kor\u00e9<\/figcaption><\/figure>\n<p>Le R\u00e9v\u00e9rend Emmanuel Grovogui a d\u00e9clar\u00e9 dans une interview : \u00ab La mission centrale de l\u2019\u00c9glise Protestante \u00c9vang\u00e9lique de Guin\u00e9e est d\u2019aider le gouvernement \u00e0 \u00e9tablir et \u00e0 pr\u00e9server la paix en Guin\u00e9e en g\u00e9n\u00e9ral et en particulier \u00e0 N\u2019Z\u00e9r\u00e9kor\u00e9 \u00bb.<\/p>\n<p><img loading=\"lazy\" decoding=\"async\" class=\"alignright wp-image-26930\" src=\"http:\/\/awf.world\/wp-content\/uploads\/2021\/06\/Guinea_Dorata-Alliance-Church-Rebuilding_2021-055-300x225.jpg\" alt=\"\" width=\"212\" height=\"159\" srcset=\"https:\/\/awf.world\/wp-content\/uploads\/2021\/06\/Guinea_Dorata-Alliance-Church-Rebuilding_2021-055-300x225.jpg 300w, https:\/\/awf.world\/wp-content\/uploads\/2021\/06\/Guinea_Dorata-Alliance-Church-Rebuilding_2021-055.jpg 720w\" sizes=\"auto, (max-width: 212px) 100vw, 212px\" \/><\/p>\n<p>Prions pour que Dieu continue \u00e0 utiliser leur minist\u00e8re pour toucher des vies et aider leur communaut\u00e9. Priez aussi pour la reconstruction de l\u2019\u00c9glise de l\u2019Alliance de Dorata et pour les personnes responsables du projet.<\/p>\n","protected":false},"author":24,"featured_media":26937,"template":"","meta":{"inline_featured_image":false,"ngg_post_thumbnail":0,"_EventAllDay":false,"_EventTimezone":"","_EventStartDate":"","_EventEndDate":"","_EventStartDateUTC":"","_EventEndDateUTC":"","_EventShowMap":false,"_EventShowMapLink":false,"_EventURL":"","_EventCost":"","_EventCostDescription":"","_EventCurrencySymbol":"","_EventCurrencyCode":"","_EventCurrencyPosition":"","_EventDateTimeSeparator":"","_EventTimeRangeSeparator":"","_EventOrganizerID":[],"_EventVenueID":[],"_OrganizerEmail":"","_OrganizerPhone":"","_OrganizerWebsite":"","_VenueAddress":"","_VenueCity":"","_VenueCountry":"","_VenueProvince":"","_VenueState":"","_VenueZip":"","_VenuePhone":"","_VenueURL":"","_VenueStateProvince":"","_VenueLat":"","_VenueLng":"","_VenueShowMap":false,"_VenueShowMapLink":false},"categories":[284,33],"tags":[277,600],"class_list":["post-26954","awf-news","type-awf-news","status-publish","has-post-thumbnail","hentry","category-afrique","category-news-fr","tag-afrique","tag-guinee"],"_links":{"self":[{"href":"https:\/\/awf.world\/fr\/wp-json\/wp\/v2\/awf-news\/26954","targetHints":{"allow":["GET"]}}],"collection":[{"href":"https:\/\/awf.world\/fr\/wp-json\/wp\/v2\/awf-news"}],"about":[{"href":"https:\/\/awf.world\/fr\/wp-json\/wp\/v2\/types\/awf-news"}],"author":[{"embeddable":true,"href":"https:\/\/awf.world\/fr\/wp-json\/wp\/v2\/users\/24"}],"wp:featuredmedia":[{"embeddable":true,"href":"https:\/\/awf.world\/fr\/wp-json\/wp\/v2\/media\/26937"}],"wp:attachment":[{"href":"https:\/\/awf.world\/fr\/wp-json\/wp\/v2\/media?parent=26954"}],"wp:term":[{"taxonomy":"category","embeddable":true,"href":"https:\/\/awf.world\/fr\/wp-json\/wp\/v2\/categories?post=26954"},{"taxonomy":"post_tag","embeddable":true,"href":"https:\/\/awf.world\/fr\/wp-json\/wp\/v2\/tags?post=26954"}],"curies":[{"name":"wp","href":"https:\/\/api.w.org\/{rel}","templated":true}]}}