{"id":26953,"date":"2021-06-04T13:00:35","date_gmt":"2021-06-04T18:00:35","guid":{"rendered":"http:\/\/awf.world\/awf-news\/connaissez-sadrac-diarra-le-nouveau-president-de-leglise-cma-du-mali\/"},"modified":"2021-06-04T13:00:35","modified_gmt":"2021-06-04T18:00:35","slug":"connaissez-sadrac-diarra-le-nouveau-president-de-leglise-cma-du-mali","status":"publish","type":"awf-news","link":"https:\/\/awf.world\/fr\/awf-news\/connaissez-sadrac-diarra-le-nouveau-president-de-leglise-cma-du-mali\/","title":{"rendered":"Connaissez Sadrac Diarra, le Nouveau Pr\u00e9sident de l\u2019\u00c9glise CMA du Mali"},"content":{"rendered":"<h3 style=\"text-align: justify;\">Avec plus de 30 ans d\u2019exp\u00e9rience dans le minist\u00e8re, Sadrac Diarra est le nouveau pr\u00e9sident de l\u2019\u00c9glise CMA du Mali. Sous la direction de Dieu, il pr\u00e9voit de renforcer les minist\u00e8res missionnaires et d\u2019\u00e9vang\u00e9lisation pour atteindre plus de groupes ethniques. Priez pour les besoins spirituels, physiques et mat\u00e9riels de la famille du pasteur Diarra et de l\u2019\u00e9glise.<\/h3>\n<p>N\u00e9 en janvier 1962 \u00e0 Mankoina, dans la communaut\u00e9 rurale de Mafoune, Sadrac Diarra est le nouveau pr\u00e9sident de l\u2019\u00c9glise Alliance Chr\u00e9tienne et Missionnairedu Mali. Il s\u2019est mari\u00e9 \u00e0 25 ans. Lui et sa femme, Lydie Kamate, ont trois enfants : Nathan Jeanne, S\u00e9paration et \u00c9lisabeth Diarra. Sadrac et ses six fr\u00e8res et s\u0153urs ont grandi dans un foyer chr\u00e9tien et il a accept\u00e9 notre Seigneur J\u00e9sus comme son Sauveur en octobre 1977 \u00e0 l\u2019\u00e2ge de 15 ans.<\/p>\n<p>Apr\u00e8s cela, en 1980, le r\u00e9v\u00e9rend Diarra a entendu la voix de Dieu l\u2019appelant \u00e0 travailler dans son minist\u00e8re. En 1982, il entre \u00e0 l\u2019Institut Biblique de Bobo Dioulasso et obtient son dipl\u00f4me en mai 1986. Par la suite, il s\u2019est consacr\u00e9 \u00e0 l\u2019\u00e9vang\u00e9lisation des jeunes. Gr\u00e2ce \u00e0 la gr\u00e2ce \u00e9tonnante de Dieu et au d\u00e9vouement de Diarra \u00e0 l\u2019\u00e9vangile, son pasteur l\u2019envoya en 1992 dans un district \u00e0 100 km de l\u00e0 o\u00f9 il se trouvait. Aujourd\u2019hui, cette r\u00e9gion compte 35 \u00e9glises et plus de 20 serviteurs de Dieu.<\/p>\n<p>Tout en servant la CMA du Mali, sous la direction de Dieu, le pasteur Diarra a l\u2019intention de renforcer les efforts missionnaires pour atteindre plus de groupes ethniques et de communaut\u00e9s qui n\u2019ont pas encore entendu la Bonne Nouvelle. En outre, il esp\u00e8re renforcer l\u2019administration de l\u2019\u00e9glise nationale et encourager la formation doctorale.<\/p>\n<p>Le r\u00e9v\u00e9rend Diarra nous demande de prier pour la sant\u00e9 physique et spirituelle, et pour les besoins mat\u00e9riels et financiers de sa famille. Il nous demande \u00e9galement de prier pour l\u2019unit\u00e9 dans l\u2019\u00e9glise nationale et le nouveau comit\u00e9 national. Que Dieu les guide dans la p\u00e9riode d\u2019adaptation et pour son mandat pr\u00e9sidentiel. Priez \u00e9galement pour la stabilit\u00e9 et la s\u00e9curit\u00e9 du Mali.<\/p>\n","protected":false},"author":24,"featured_media":26950,"template":"","meta":{"inline_featured_image":false,"ngg_post_thumbnail":0,"_EventAllDay":false,"_EventTimezone":"","_EventStartDate":"","_EventEndDate":"","_EventStartDateUTC":"","_EventEndDateUTC":"","_EventShowMap":false,"_EventShowMapLink":false,"_EventURL":"","_EventCost":"","_EventCostDescription":"","_EventCurrencySymbol":"","_EventCurrencyCode":"","_EventCurrencyPosition":"","_EventDateTimeSeparator":"","_EventTimeRangeSeparator":"","_EventOrganizerID":[],"_EventVenueID":[],"_OrganizerEmail":"","_OrganizerPhone":"","_OrganizerWebsite":"","_VenueAddress":"","_VenueCity":"","_VenueCountry":"","_VenueProvince":"","_VenueState":"","_VenueZip":"","_VenuePhone":"","_VenueURL":"","_VenueStateProvince":"","_VenueLat":"","_VenueLng":"","_VenueShowMap":false,"_VenueShowMapLink":false},"categories":[284,33],"tags":[277,195,609],"class_list":["post-26953","awf-news","type-awf-news","status-publish","has-post-thumbnail","hentry","category-afrique","category-news-fr","tag-afrique","tag-biography-fr","tag-mali-fr-2"],"_links":{"self":[{"href":"https:\/\/awf.world\/fr\/wp-json\/wp\/v2\/awf-news\/26953","targetHints":{"allow":["GET"]}}],"collection":[{"href":"https:\/\/awf.world\/fr\/wp-json\/wp\/v2\/awf-news"}],"about":[{"href":"https:\/\/awf.world\/fr\/wp-json\/wp\/v2\/types\/awf-news"}],"author":[{"embeddable":true,"href":"https:\/\/awf.world\/fr\/wp-json\/wp\/v2\/users\/24"}],"wp:featuredmedia":[{"embeddable":true,"href":"https:\/\/awf.world\/fr\/wp-json\/wp\/v2\/media\/26950"}],"wp:attachment":[{"href":"https:\/\/awf.world\/fr\/wp-json\/wp\/v2\/media?parent=26953"}],"wp:term":[{"taxonomy":"category","embeddable":true,"href":"https:\/\/awf.world\/fr\/wp-json\/wp\/v2\/categories?post=26953"},{"taxonomy":"post_tag","embeddable":true,"href":"https:\/\/awf.world\/fr\/wp-json\/wp\/v2\/tags?post=26953"}],"curies":[{"name":"wp","href":"https:\/\/api.w.org\/{rel}","templated":true}]}}