{"id":26742,"date":"2021-04-27T14:39:42","date_gmt":"2021-04-27T19:39:42","guid":{"rendered":"http:\/\/awf.world\/awf-news\/priez-pour-notre-famille-de-lalliance-en-inde-le-pays-fait-face-a-une-deuxieme-vague-devastatrice-de-covid-19\/"},"modified":"2021-05-03T12:40:42","modified_gmt":"2021-05-03T17:40:42","slug":"priez-pour-notre-famille-de-lalliance-en-inde-le-pays-fait-face-a-une-deuxieme-vague-devastatrice-de-covid-19","status":"publish","type":"awf-news","link":"https:\/\/awf.world\/fr\/awf-news\/priez-pour-notre-famille-de-lalliance-en-inde-le-pays-fait-face-a-une-deuxieme-vague-devastatrice-de-covid-19\/","title":{"rendered":"Priez pour Notre Famille de l\u2019Alliance en Inde. Le Pays fait Face \u00e0 une Deuxi\u00e8me Vague D\u00e9vastatrice de COVID-19"},"content":{"rendered":"<h3 style=\"text-align: justify;\">La deuxi\u00e8me vague de COVID-19 en Inde fait des ravages non seulement sur son syst\u00e8me de sant\u00e9 et son \u00e9conomie, mais aussi sur la vie des gens. Priez pour notre famille de l\u2019Alliance en Inde. Puisse l\u2019\u00c9glise apporter l\u2019esp\u00e9rance et faire briller la lumi\u00e8re du Christ au milieu des t\u00e9n\u00e8bres.<\/h3>\n<p>Le nombre d\u2019infections et de d\u00e9c\u00e8s augmente chaque jour. Le 30 avril, l\u2019Inde a \u00e9tabli un autre record en une journ\u00e9e pour le nombre de cas positifs de COVID-19 avec 386 452 nouveaux cas signal\u00e9s &#8211; la plus forte augmentation en une journ\u00e9e jamais enregistr\u00e9e pour tous les pays. Il y a eu 3 500 autres morts dans tout le pays. Et c\u2019est probablement une sous-estimation consid\u00e9rable. L\u2019Inde a maintenant enregistr\u00e9 plus de 200 000 d\u00e9c\u00e8s depuis le d\u00e9but de la pand\u00e9mie &#8211; le quatri\u00e8me nombre de morts le plus \u00e9lev\u00e9 au monde derri\u00e8re les \u00c9tats-Unis, le Br\u00e9sil et le Mexique.<\/p>\n<p><img loading=\"lazy\" decoding=\"async\" class=\"alignleft size-medium wp-image-26738\" src=\"http:\/\/awf.world\/wp-content\/uploads\/2021\/04\/India_Map-288x300.jpg\" alt=\"\" width=\"288\" height=\"300\" srcset=\"https:\/\/awf.world\/wp-content\/uploads\/2021\/04\/India_Map-288x300.jpg 288w, https:\/\/awf.world\/wp-content\/uploads\/2021\/04\/India_Map-768x800.jpg 768w, https:\/\/awf.world\/wp-content\/uploads\/2021\/04\/India_Map-983x1024.jpg 983w, https:\/\/awf.world\/wp-content\/uploads\/2021\/04\/India_Map.jpg 1000w\" sizes=\"auto, (max-width: 288px) 100vw, 288px\" \/>Les communaut\u00e9s chr\u00e9tiennes, y compris notre famille de l\u2019Alliance en Inde, n\u2019ont pas \u00e9chapp\u00e9 \u00e0 l\u2019angoisse de la pand\u00e9mie. Les \u00c9tats du Maharashtra et du Gujarat, o\u00f9 l\u2019Alliance Chr\u00e9tienne et Missionnaire est en grande partie au service, sont parmi les r\u00e9gions les plus touch\u00e9es de l\u2019Inde. Un membre d\u2019une \u00e9glise de l\u2019Alliance \u00e0 Ahmedabad a d\u00e9clar\u00e9 que \u00ab Les ambulances qui admettent des patients atteints du COVID-19 ont une liste d\u2019attente de 300. Sans ambulances, il n\u2019y a pas d\u2019admission dans les h\u00f4pitaux. La situation empire chaque jour. Nous voyons notre ennemi &#8211; la mort &#8211; face \u00e0 face. \u00bb.<\/p>\n<p>Au Synode du Gujarat, 16 pasteurs de l\u2019Alliance et membres d\u2019\u00e9glise sont morts du COVID-19 et 100 sont actuellement infect\u00e9s.<\/p>\n<p>Au Synode du Maharashtra, plus de 52 membres de l\u2019Alliance, sont morts du COVID-19 et plus de 80 personnes dans les trois districts de l\u2019Alliance, sont infect\u00e9es. En outre, 22 pasteurs, \u00e9vang\u00e9listes et chefs d\u2019\u00e9glises de l\u2019Alliance qui \u00e9taient impliqu\u00e9s dans divers minist\u00e8res li\u00e9s \u00e0 l\u2019Alliance, sont affect\u00e9s.<\/p>\n<p>Le R\u00e9v\u00e9rend Rajesh Patole, secr\u00e9taire ex\u00e9cutif de l\u2019Association des \u00c9glises de l\u2019Alliance de Mumbai, Maharashtra, a \u00e9t\u00e9 hospitalis\u00e9 pour COVID-19 \u00e0 la fin du mois de mars. Nous louons Dieu, il a \u00e9t\u00e9 lib\u00e9r\u00e9 apr\u00e8s plusieurs jours \u00e0 l\u2019h\u00f4pital et se r\u00e9tablit maintenant chez lui. Un autre pasteur de l\u2019Alliance, le R\u00e9v\u00e9rend Shashikant Valvi du district de Jalgaon dans l\u2019\u00e9tat du Maharashtra, \u00e9tait \u00e9galement gravement malade \u00e0 cause de l\u2019infection au COVID-19. Louez Dieu, il va mieux maintenant.<\/p>\n<p>Au d\u00e9but de ce mois, le R\u00e9v\u00e9rend Sanjay Chaudhari, directeur du Coll\u00e8ge Biblique de Maharashtra (\u00c9cole de l\u2019Alliance), a \u00e9t\u00e9 admis \u00e0 l\u2019h\u00f4pital en raison d\u2019une fi\u00e8vre virale. Deux jours plus tard, il a \u00e9t\u00e9 test\u00e9 positif au COVID-19. Malheureusement, il est d\u00e9c\u00e9d\u00e9 le 14 avril et a \u00e9t\u00e9 enterr\u00e9 le m\u00eame jour. Le R\u00e9v\u00e9rend Isudas Christian, pasteur de l\u2019\u00c9glise de l\u2019Alliance Anandpur dans le district d\u2019Ahmedabad (synode du Gujarat) est \u00e9galement mort du COVID-19. Priez pour le r\u00e9confort de Dieu pour la famille de ceux qui ont perdu leurs maris qui servaient le Seigneur au sein de l\u2019Alliance.<\/p>\n<p>Nous vous demandons de prier \u00e9galement pour ces pasteurs du Synode du Gujarat : le Pr\u00e9sident Stenly Christian et son \u00e9pouse, le Vice-pr\u00e9sident Yakub Christian et son \u00e9pouse et l\u2019ancien Pr\u00e9sident Rasin Vasaivala, qui se remettent tous du COVID-19.<\/p>\n<p>Priez pour sept \u00e9vang\u00e9listes de l\u2019Alliance du Maharashtra qui servent dans des villages recul\u00e9s. Au cours de ces derniers mois, ils ont \u00e9t\u00e9 limit\u00e9s dans leurs mouvements et sont donc confront\u00e9s \u00e0 une \u00e9norme lutte financi\u00e8re pour leur maintien. L\u2019un des \u00e9vang\u00e9listes, le R\u00e9v\u00e9rend Khandare, a \u00e9t\u00e9 expuls\u00e9 de son village. Sa maison a \u00e9t\u00e9 d\u00e9truite et il a un besoin urgent d\u2019abri.<\/p>\n<p>Priez \u00e9galement pour les familles des pasteurs, des dirigeants et des \u00e9vang\u00e9listes de l\u2019Alliance qui sont infect\u00e9s par le virus et qui ne sont pas en mesure de se payer un traitement appropri\u00e9, soit en raison du manque de financement ou de l\u2019accessibilit\u00e9 \u00e0 des installations m\u00e9dicales appropri\u00e9es.<\/p>\n","protected":false},"author":24,"featured_media":26732,"template":"","meta":{"inline_featured_image":false,"ngg_post_thumbnail":0,"_EventAllDay":false,"_EventTimezone":"","_EventStartDate":"","_EventEndDate":"","_EventStartDateUTC":"","_EventEndDateUTC":"","_EventShowMap":false,"_EventShowMapLink":false,"_EventURL":"","_EventCost":"","_EventCostDescription":"","_EventCurrencySymbol":"","_EventCurrencyCode":"","_EventCurrencyPosition":"","_EventDateTimeSeparator":"","_EventTimeRangeSeparator":"","_EventOrganizerID":[],"_EventVenueID":[],"_OrganizerEmail":"","_OrganizerPhone":"","_OrganizerWebsite":"","_VenueAddress":"","_VenueCity":"","_VenueCountry":"","_VenueProvince":"","_VenueState":"","_VenueZip":"","_VenuePhone":"","_VenueURL":"","_VenueStateProvince":"","_VenueLat":"","_VenueLng":"","_VenueShowMap":false,"_VenueShowMapLink":false},"categories":[150,33],"tags":[196,652,682,260],"class_list":["post-26742","awf-news","type-awf-news","status-publish","has-post-thumbnail","hentry","category-asia-pacific","category-news-fr","tag-apac-fr","tag-asie-pacifique","tag-famille-de-lalliance-mondiale","tag-inde"],"_links":{"self":[{"href":"https:\/\/awf.world\/fr\/wp-json\/wp\/v2\/awf-news\/26742","targetHints":{"allow":["GET"]}}],"collection":[{"href":"https:\/\/awf.world\/fr\/wp-json\/wp\/v2\/awf-news"}],"about":[{"href":"https:\/\/awf.world\/fr\/wp-json\/wp\/v2\/types\/awf-news"}],"author":[{"embeddable":true,"href":"https:\/\/awf.world\/fr\/wp-json\/wp\/v2\/users\/24"}],"wp:featuredmedia":[{"embeddable":true,"href":"https:\/\/awf.world\/fr\/wp-json\/wp\/v2\/media\/26732"}],"wp:attachment":[{"href":"https:\/\/awf.world\/fr\/wp-json\/wp\/v2\/media?parent=26742"}],"wp:term":[{"taxonomy":"category","embeddable":true,"href":"https:\/\/awf.world\/fr\/wp-json\/wp\/v2\/categories?post=26742"},{"taxonomy":"post_tag","embeddable":true,"href":"https:\/\/awf.world\/fr\/wp-json\/wp\/v2\/tags?post=26742"}],"curies":[{"name":"wp","href":"https:\/\/api.w.org\/{rel}","templated":true}]}}