{"id":26735,"date":"2021-04-29T13:28:25","date_gmt":"2021-04-29T18:28:25","guid":{"rendered":"http:\/\/awf.world\/awf-news\/la-convocation-quadriennale-de-luma-est-confirmee-du-19-au-24-octobre-2021-en-equateur\/"},"modified":"2021-05-04T14:45:28","modified_gmt":"2021-05-04T19:45:28","slug":"la-convocation-quadriennale-de-luma-est-confirmee-du-19-au-24-octobre-2021-en-equateur","status":"publish","type":"awf-news","link":"https:\/\/awf.world\/fr\/awf-news\/la-convocation-quadriennale-de-luma-est-confirmee-du-19-au-24-octobre-2021-en-equateur\/","title":{"rendered":"La Convocation Quadriennale de l\u2019UMA est Confirm\u00e9e du 19 au 24 Octobre 2021 en \u00c9quateur"},"content":{"rendered":"<h3 style=\"text-align: justify;\">Le Comit\u00e9 Ex\u00e9cutif de l\u2019UMA a confirm\u00e9 la Convocation Quadriennale de l\u2019UMA du 19 au 24 octobre 2021 en \u00c9quateur. La r\u00e9union se tiendra \u00e0 l\u2019\u00c9glise Centrale de l\u2019Alliance Milagro, dans une ville adjacente \u00e0 Guayaquil. Merci de prier pour toutes les pr\u00e9parations n\u00e9cessaires pour un rassemblement rempli de l\u2019Esprit, dynamique et s\u00fbr, avec des participants du monde entier.<\/h3>\n<p>Apr\u00e8s avoir examin\u00e9 dans la pri\u00e8re les diff\u00e9rentes options et les commentaires de l\u2019enqu\u00eate en ligne, le Comit\u00e9 Ex\u00e9cutif de l\u2019UMA (ExCom) a d\u00e9cid\u00e9 que la Convocation Quadriennale de l\u2019UMA devrait \u00eatre men\u00e9e comme pr\u00e9vu pr\u00e9c\u00e9demment. L\u2019enqu\u00eate a montr\u00e9 que la plupart des dirigeants consid\u00e8rent la rencontre en personne comme essentielle pour les objectifs de la Quadriennale. Tous les services du matin et du soir seront diffus\u00e9s en direct et enregistr\u00e9s pour ceux qui ne peuvent pas y assister en personne.<\/p>\n<p>La ville de Milagro est \u00e0 45 km de Guayaquil, o\u00f9 se trouvent l\u2019a\u00e9roport international et les principaux h\u00f4tels internationaux. Les invit\u00e9s internationaux pourront s\u00e9journer \u00e0 Guayaquil et utiliser les navettes de conf\u00e9rence qui relieront les h\u00f4tels et le campus de l\u2019\u00e9glise. Le lieu de la conf\u00e9rence peut tenir de nombreuses r\u00e9unions simultan\u00e9es et le sanctuaire principal a une capacit\u00e9 de 1500 places assises et, avec l\u2019autorisation d\u2019organiser des rassemblements \u00e0 distance sociale, il peut accueillir jusqu\u2019\u00e0 800 personnes.<\/p>\n<p>Les proc\u00e9dures de bios\u00e9curit\u00e9 seront adopt\u00e9es sous la supervision d\u2019un sp\u00e9cialiste. Tous les participants doivent \u00eatre vaccin\u00e9s ou avoir un r\u00e9sultat n\u00e9gatif au test COVID-19. En fait, il s\u2019agit de l\u2019obligation d\u2019entrer en \u00c9quateur par avion, donc ces participants seront exempt\u00e9s des tests. Des tests COVID-19 seront exig\u00e9s de tous les autres participants sans frais.<\/p>\n<p>Le site Web d&rsquo;inscription sera bient\u00f4t rouvert. Les frais d&rsquo;inscription restent \u00e0 425 $ US.<\/p>\n<p>L\u2019\u00c9glise de l\u2019Alliance Chr\u00e9tienne et Missionnaire de l\u2019\u00c9quateur, sous la direction du Pr\u00e9sident R\u00e9v\u00e9rend David Muthre, mobilise de nombreux volontaires pour pr\u00e9parer et diriger la Convocation Quadriennale de l\u2019UMA. Veuillez prier pour les membres des nombreux comit\u00e9s de travail, qui se pr\u00e9parent depuis plus de deux ans afin que chaque participant puisse vivre une exp\u00e9rience spirituelle des plus b\u00e9nies et des plus transformatrices.<\/p>\n<p>Une citation d\u2019une lettre du R\u00e9v\u00e9rend Brem Frentz, secr\u00e9taire de l\u2019ExCom de l\u2019UMA, d\u00e9crit bien o\u00f9 nous en sommes maintenant : \u00ab Merci de votre fid\u00e9lit\u00e9 \u00e0 servir les desseins du royaume de Dieu et de l\u2019\u00e9pouse de J\u00e9sus-Christ en ces jours si importants o\u00f9 l\u2019espoir est port\u00e9 dans un monde qui souffre. Bien que nos circonstances soient difficiles, incertaines et m\u00eame effrayantes pour beaucoup \u00e0 travers le monde, nous servons un Dieu qui n\u2019est pas nerveux et qui contr\u00f4le souverainement. Il reste notre rocher et notre refuge. \u00bb.<\/p>\n","protected":false},"author":24,"featured_media":25272,"template":"","meta":{"inline_featured_image":false,"ngg_post_thumbnail":0,"_EventAllDay":false,"_EventTimezone":"","_EventStartDate":"","_EventEndDate":"","_EventStartDateUTC":"","_EventEndDateUTC":"","_EventShowMap":false,"_EventShowMapLink":false,"_EventURL":"","_EventCost":"","_EventCostDescription":"","_EventCurrencySymbol":"","_EventCurrencyCode":"","_EventCurrencyPosition":"","_EventDateTimeSeparator":"","_EventTimeRangeSeparator":"","_EventOrganizerID":[],"_EventVenueID":[],"_OrganizerEmail":"","_OrganizerPhone":"","_OrganizerWebsite":"","_VenueAddress":"","_VenueCity":"","_VenueCountry":"","_VenueProvince":"","_VenueState":"","_VenueZip":"","_VenuePhone":"","_VenueURL":"","_VenueStateProvince":"","_VenueLat":"","_VenueLng":"","_VenueShowMap":false,"_VenueShowMapLink":false},"categories":[371,33],"tags":[677,382,381,682],"class_list":["post-26735","awf-news","type-awf-news","status-publish","has-post-thumbnail","hentry","category-editorial-fr","category-news-fr","tag-comite-executif-de-luma","tag-convocation-quadriennale","tag-ecuador-fr","tag-famille-de-lalliance-mondiale"],"_links":{"self":[{"href":"https:\/\/awf.world\/fr\/wp-json\/wp\/v2\/awf-news\/26735","targetHints":{"allow":["GET"]}}],"collection":[{"href":"https:\/\/awf.world\/fr\/wp-json\/wp\/v2\/awf-news"}],"about":[{"href":"https:\/\/awf.world\/fr\/wp-json\/wp\/v2\/types\/awf-news"}],"author":[{"embeddable":true,"href":"https:\/\/awf.world\/fr\/wp-json\/wp\/v2\/users\/24"}],"wp:featuredmedia":[{"embeddable":true,"href":"https:\/\/awf.world\/fr\/wp-json\/wp\/v2\/media\/25272"}],"wp:attachment":[{"href":"https:\/\/awf.world\/fr\/wp-json\/wp\/v2\/media?parent=26735"}],"wp:term":[{"taxonomy":"category","embeddable":true,"href":"https:\/\/awf.world\/fr\/wp-json\/wp\/v2\/categories?post=26735"},{"taxonomy":"post_tag","embeddable":true,"href":"https:\/\/awf.world\/fr\/wp-json\/wp\/v2\/tags?post=26735"}],"curies":[{"name":"wp","href":"https:\/\/api.w.org\/{rel}","templated":true}]}}