{"id":26614,"date":"2021-03-17T12:57:41","date_gmt":"2021-03-17T17:57:41","guid":{"rendered":"http:\/\/awf.world\/awf-news\/cent-vingt-pasteurs-et-dirigeants-de-la-region-asie-pacifique-de-luma-participent-au-seminaire-cma-distinctives-cette-semaine\/"},"modified":"2021-03-18T08:30:52","modified_gmt":"2021-03-18T13:30:52","slug":"cent-vingt-pasteurs-et-dirigeants-de-la-region-asie-pacifique-de-luma-participent-au-seminaire-cma-distinctives-cette-semaine","status":"publish","type":"awf-news","link":"https:\/\/awf.world\/fr\/awf-news\/cent-vingt-pasteurs-et-dirigeants-de-la-region-asie-pacifique-de-luma-participent-au-seminaire-cma-distinctives-cette-semaine\/","title":{"rendered":"Cent Vingt Pasteurs et Dirigeants de la R\u00e9gion Asie-Pacifique de l\u2019UMA Participent au S\u00e9minaire CMA Distinctives Cette Semaine"},"content":{"rendered":"<h3 style=\"text-align: justify;\">Pour renforcer l\u2019ADN de l\u2019Alliance dans toutes les \u00e9glises de la r\u00e9gion Asie-Pacifique de l\u2019UMA, la Commission Internationale sur l\u2019\u00c9ducation Th\u00e9ologique (ICTE) organise le webinaire CMA Distinctives du 16 au 19 mars 2021.<\/h3>\n<p><img loading=\"lazy\" decoding=\"async\" class=\"size-medium wp-image-26603 alignright\" src=\"http:\/\/awf.world\/wp-content\/uploads\/2021\/03\/APAC-Alliance-DNA-Webinar_2021-03-16to193-300x229.png\" alt=\"\" width=\"300\" height=\"229\" srcset=\"https:\/\/awf.world\/wp-content\/uploads\/2021\/03\/APAC-Alliance-DNA-Webinar_2021-03-16to193-300x229.png 300w, https:\/\/awf.world\/wp-content\/uploads\/2021\/03\/APAC-Alliance-DNA-Webinar_2021-03-16to193-768x587.png 768w, https:\/\/awf.world\/wp-content\/uploads\/2021\/03\/APAC-Alliance-DNA-Webinar_2021-03-16to193-1024x782.png 1024w, https:\/\/awf.world\/wp-content\/uploads\/2021\/03\/APAC-Alliance-DNA-Webinar_2021-03-16to193.png 1500w\" sizes=\"auto, (max-width: 300px) 100vw, 300px\" \/><\/p>\n<p>Le webinaire CMA Distinctives se d\u00e9roule de 13 h 00 \u00e0 16 h 00, heure de Jakarta chaque jour (du 16 au 19 mars). Ce webinaire couvre une gamme de sujets li\u00e9s \u00e0 l\u2019histoire et \u00e0 la pens\u00e9e de l\u2019Alliance Chr\u00e9tienne et Missionnaire. Ouvert aux dirigeants de l\u2019Alliance, aux \u00e9ducateurs et aux travailleurs officiels, ce webinaire aide les participants \u00e0 acqu\u00e9rir une nouvelle compr\u00e9hension de ce que signifie faire partie de ce mouvement mondial. Au cours des deux premiers jours, plus de 120 participants d\u2019Australie, du Cambodge, de France, d\u2019Inde, d\u2019Indon\u00e9sie, du Japon, de Mongolie, du N\u00e9pal, de Nouvelle-Z\u00e9lande et des Philippines ont assist\u00e9 au webinaire.<\/p>\n<p><img loading=\"lazy\" decoding=\"async\" class=\"size-medium wp-image-26606 alignleft\" src=\"http:\/\/awf.world\/wp-content\/uploads\/2021\/03\/APAC-Alliance-DNA-Webinar_2021-03-16to195-300x218.png\" alt=\"\" width=\"300\" height=\"218\" srcset=\"https:\/\/awf.world\/wp-content\/uploads\/2021\/03\/APAC-Alliance-DNA-Webinar_2021-03-16to195-300x218.png 300w, https:\/\/awf.world\/wp-content\/uploads\/2021\/03\/APAC-Alliance-DNA-Webinar_2021-03-16to195-768x559.png 768w, https:\/\/awf.world\/wp-content\/uploads\/2021\/03\/APAC-Alliance-DNA-Webinar_2021-03-16to195-1024x745.png 1024w, https:\/\/awf.world\/wp-content\/uploads\/2021\/03\/APAC-Alliance-DNA-Webinar_2021-03-16to195.png 1500w\" sizes=\"auto, (max-width: 300px) 100vw, 300px\" \/><\/p>\n<p>Le programme couvre les sujets suivants : vivre une tradition et une vie de Simpson, les d\u00e9buts de la CMA, le travail de la CMA, les missions, les Quatre Piliers de l\u2019\u00c9vangile, la sanctification, les ensembles d\u00e9limit\u00e9s et centr\u00e9s, la gu\u00e9rison divine et la vie en tant qu\u2019alliance aujourd\u2019hui. Le Dr Peter Laughlin, pr\u00e9sident de <a href=\"https:\/\/awf.world\/fr\/commission-deducation-theologique\/\" target=\"_blank\" rel=\"noopener\">l\u2019ICTE de l\u2019UMA<\/a>, est responsable de la plupart des conf\u00e9rences. Le Pasteur David Paksoal, l\u2019un des participants au\u00a0<a href=\"https:\/\/awf.world\/fr\/awf-news\/initiative-de-formation-de-lawf-icte-des-jeunes-etudiants\/\" target=\"_blank\" rel=\"noopener\">Programme des Jeunes \u00c9tudiants de l\u2019UMA de 2019,<\/a> pr\u00e9sente deux des sujets.<\/p>\n<p>&nbsp;<\/p>\n<p><img loading=\"lazy\" decoding=\"async\" class=\"size-medium wp-image-26609 alignright\" src=\"http:\/\/awf.world\/wp-content\/uploads\/2021\/03\/Young-Scholars-Reunion_2021-02-26-300x135.jpg\" alt=\"\" width=\"300\" height=\"135\" srcset=\"https:\/\/awf.world\/wp-content\/uploads\/2021\/03\/Young-Scholars-Reunion_2021-02-26-300x135.jpg 300w, https:\/\/awf.world\/wp-content\/uploads\/2021\/03\/Young-Scholars-Reunion_2021-02-26-768x346.jpg 768w, https:\/\/awf.world\/wp-content\/uploads\/2021\/03\/Young-Scholars-Reunion_2021-02-26-1024x461.jpg 1024w, https:\/\/awf.world\/wp-content\/uploads\/2021\/03\/Young-Scholars-Reunion_2021-02-26.jpg 1516w\" sizes=\"auto, (max-width: 300px) 100vw, 300px\" \/><\/p>\n<p>L\u2019avantage d\u2019assister \u00e0 ces \u00e9v\u00e9nements a \u00e9t\u00e9 soulign\u00e9 r\u00e9cemment lorsque les participants de la classe de 2019 des Jeunes \u00c9tudiants de la CMA Distinctives se sont r\u00e9unis virtuellement pour se reconnecter et r\u00e9fl\u00e9chir sur les 18 derniers mois. Les \u00e9tudiants ont discut\u00e9 de l\u2019importance de comprendre notre patrimoine et de la mani\u00e8re dont une telle fondation peut nous aider aujourd\u2019hui.<\/p>\n<p>L\u2019ICTE est impatient d\u2019organiser des webinaires\/s\u00e9minaires de CMA Distinctives similaires dans d\u2019autres r\u00e9gions. Un autre \u00e9v\u00e9nement des Jeunes \u00c9tudiants de l\u2019UMA en personne sera programm\u00e9 d\u00e8s qu\u2019il sera possible pour nous de le faire.<\/p>\n","protected":false},"author":25,"featured_media":26601,"template":"","meta":{"inline_featured_image":false,"ngg_post_thumbnail":0,"_EventAllDay":false,"_EventTimezone":"","_EventStartDate":"","_EventEndDate":"","_EventStartDateUTC":"","_EventEndDateUTC":"","_EventShowMap":false,"_EventShowMapLink":false,"_EventURL":"","_EventCost":"","_EventCostDescription":"","_EventCurrencySymbol":"","_EventCurrencyCode":"","_EventCurrencyPosition":"","_EventDateTimeSeparator":"","_EventTimeRangeSeparator":"","_EventOrganizerID":[],"_EventVenueID":[],"_OrganizerEmail":"","_OrganizerPhone":"","_OrganizerWebsite":"","_VenueAddress":"","_VenueCity":"","_VenueCountry":"","_VenueProvince":"","_VenueState":"","_VenueZip":"","_VenuePhone":"","_VenueURL":"","_VenueStateProvince":"","_VenueLat":"","_VenueLng":"","_VenueShowMap":false,"_VenueShowMapLink":false},"categories":[150,33],"tags":[196,652,345,229,344],"class_list":["post-26614","awf-news","type-awf-news","status-publish","has-post-thumbnail","hentry","category-asia-pacific","category-news-fr","tag-apac-fr","tag-asie-pacifique","tag-commission-internationale-pour-leducation-theologique","tag-education-theologique","tag-icte-fr"],"_links":{"self":[{"href":"https:\/\/awf.world\/fr\/wp-json\/wp\/v2\/awf-news\/26614","targetHints":{"allow":["GET"]}}],"collection":[{"href":"https:\/\/awf.world\/fr\/wp-json\/wp\/v2\/awf-news"}],"about":[{"href":"https:\/\/awf.world\/fr\/wp-json\/wp\/v2\/types\/awf-news"}],"author":[{"embeddable":true,"href":"https:\/\/awf.world\/fr\/wp-json\/wp\/v2\/users\/25"}],"wp:featuredmedia":[{"embeddable":true,"href":"https:\/\/awf.world\/fr\/wp-json\/wp\/v2\/media\/26601"}],"wp:attachment":[{"href":"https:\/\/awf.world\/fr\/wp-json\/wp\/v2\/media?parent=26614"}],"wp:term":[{"taxonomy":"category","embeddable":true,"href":"https:\/\/awf.world\/fr\/wp-json\/wp\/v2\/categories?post=26614"},{"taxonomy":"post_tag","embeddable":true,"href":"https:\/\/awf.world\/fr\/wp-json\/wp\/v2\/tags?post=26614"}],"curies":[{"name":"wp","href":"https:\/\/api.w.org\/{rel}","templated":true}]}}