{"id":26453,"date":"2021-03-01T14:48:01","date_gmt":"2021-03-01T19:48:01","guid":{"rendered":"http:\/\/awf.world\/awf-news\/leglise-de-lalliance-soudanaise-prospere-et-persevere\/"},"modified":"2021-03-01T14:48:01","modified_gmt":"2021-03-01T19:48:01","slug":"leglise-de-lalliance-soudanaise-prospere-et-persevere","status":"publish","type":"awf-news","link":"https:\/\/awf.world\/fr\/awf-news\/leglise-de-lalliance-soudanaise-prospere-et-persevere\/","title":{"rendered":"L\u2019\u00c9glise de l\u2019Alliance Soudanaise Prosp\u00e8re et Pers\u00e9v\u00e8re"},"content":{"rendered":"<h3 style=\"text-align: justify;\">Louez le Seigneur pour les tr\u00e8s bonnes nouvelles de l\u2019\u00e9glise de l\u2019Alliance soudanaise ! Malgr\u00e9 les d\u00e9fis auxquels ils sont confront\u00e9s, nos fr\u00e8res et s\u0153urs prosp\u00e8rent sous la b\u00e9n\u00e9diction de Dieu. Prions pour qu\u2019ils continuent \u00e0 avoir la force, la sagesse et la foi pour continuer \u00e0 grandir.<\/h3>\n<p>En 2020, la R\u00e9gion EMERALD (Europe et Moyen-Orient) a envoy\u00e9 un pasteur nouvellement pr\u00e9par\u00e9 par le Programme des Jeunes \u00c9tudiants de l\u2019UMA en Afrique du Nord, donnant naissance aux <a href=\"http:\/\/awf.world\/fr\/awf-news\/naissance-de-leglise-de-lalliance-soudanaise\/\" target=\"_blank\" rel=\"noopener\">Unions de l\u2019Alliance soudanaise<\/a>. Bien qu\u2019ils soient confront\u00e9s \u00e0 de nombreux d\u00e9fis, nos fr\u00e8res et s\u0153urs ont pers\u00e9v\u00e9r\u00e9. Leur foi en notre Sauveur apporte des r\u00e9sultats positifs. Ils ont continu\u00e9 avec succ\u00e8s \u00e0 traduire la Bible, ils ont consacr\u00e9 de nouveaux ouvriers et leurs membres ont continu\u00e9 \u00e0 grandir dans la foi.<\/p>\n<p>L\u2019Alliance soudanaise a r\u00e9cemment form\u00e9 et ordonn\u00e9 quatre nouveaux anciens. Apr\u00e8s beaucoup de pri\u00e8re et de je\u00fbne, les hommes se sont assis devant l\u2019\u00e9glise. Les dirigeants ont pri\u00e9 et expliqu\u00e9 aux membres que Dieu les a guid\u00e9s pour choisir ces quatre hommes pour servir d\u2019anciens. Les instants suivants furent de beaux t\u00e9moignages et de larmes. Des hommes et des femmes ont racont\u00e9 comment chacun des candidats \u00e9tait un homme de Dieu.<\/p>\n<p>\u00ab Apr\u00e8s une bonne heure et plus de partage par pratiquement tout le monde \u00bb, a d\u00e9clar\u00e9 l\u2019un des dirigeants, \u00ab je n\u2019avais entendu que des affirmations positives, et aucune faute ni entrave n\u2019a \u00e9t\u00e9 trouv\u00e9e ou attest\u00e9e par quiconque \u00e0 l\u2019\u00e9gard de ces hommes. \u00bb. Apr\u00e8s cela, l\u2019\u00e9glise a officiellement consacr\u00e9 les quatre. Ce fut une belle victoire apr\u00e8s quatre ans de dur labeur et de pr\u00e9paration.<\/p>\n<p>Un autre grand reportage est la naissance de Momen. Les parents du petit gar\u00e7on ont choisi son nom, qui signifie en arabe \u00ab croyant \u00bb, pour identifier la pr\u00e9sence de Christ dans sa vie. La naissance de Momen a apport\u00e9 une grande joie \u00e0 leur communaut\u00e9. Veuillez prier pour la sant\u00e9 et le bien-\u00eatre de la famille. La m\u00e8re a besoin de soins dentaires urgents.<\/p>\n<p>L\u2019Alliance soudanaise nous demande de continuer \u00e0 prier pour leur traduction de la Bible. Cela se passe tr\u00e8s bien en ce moment. Jusqu\u2019\u00e0 pr\u00e9sent, ils ont quatre \u00e9quipes de huit hommes. De livres nouveaux sont en cours de finalisation et ils ont r\u00e9dig\u00e9 un livre d\u2019histoires bibliques vivant en langue soudanaise.<\/p>\n<p>Prions pour que les Unions de l\u2019Alliance soudanaise continuent de grandir en sagesse et en foi. De plus, priez pour qu\u2019ils surmontent les d\u00e9fis auxquels ils sont confront\u00e9s, afin qu\u2019ils puissent continuer \u00e0 r\u00e9pandre la parole de Dieu \u00e0 leur propre peuple.<\/p>\n","protected":false},"author":24,"featured_media":26450,"template":"","meta":{"inline_featured_image":false,"ngg_post_thumbnail":0,"_EventAllDay":false,"_EventTimezone":"","_EventStartDate":"","_EventEndDate":"","_EventStartDateUTC":"","_EventEndDateUTC":"","_EventShowMap":false,"_EventShowMapLink":false,"_EventURL":"","_EventCost":"","_EventCostDescription":"","_EventCurrencySymbol":"","_EventCurrencyCode":"","_EventCurrencyPosition":"","_EventDateTimeSeparator":"","_EventTimeRangeSeparator":"","_EventOrganizerID":[],"_EventVenueID":[],"_OrganizerEmail":"","_OrganizerPhone":"","_OrganizerWebsite":"","_VenueAddress":"","_VenueCity":"","_VenueCountry":"","_VenueProvince":"","_VenueState":"","_VenueZip":"","_VenuePhone":"","_VenueURL":"","_VenueStateProvince":"","_VenueLat":"","_VenueLng":"","_VenueShowMap":false,"_VenueShowMapLink":false},"categories":[284,33],"tags":[277,201,200,690],"class_list":["post-26453","awf-news","type-awf-news","status-publish","has-post-thumbnail","hentry","category-afrique","category-news-fr","tag-afrique","tag-church-planting-fr","tag-emerald-fr","tag-europe-et-moyen-orient"],"_links":{"self":[{"href":"https:\/\/awf.world\/fr\/wp-json\/wp\/v2\/awf-news\/26453","targetHints":{"allow":["GET"]}}],"collection":[{"href":"https:\/\/awf.world\/fr\/wp-json\/wp\/v2\/awf-news"}],"about":[{"href":"https:\/\/awf.world\/fr\/wp-json\/wp\/v2\/types\/awf-news"}],"author":[{"embeddable":true,"href":"https:\/\/awf.world\/fr\/wp-json\/wp\/v2\/users\/24"}],"wp:featuredmedia":[{"embeddable":true,"href":"https:\/\/awf.world\/fr\/wp-json\/wp\/v2\/media\/26450"}],"wp:attachment":[{"href":"https:\/\/awf.world\/fr\/wp-json\/wp\/v2\/media?parent=26453"}],"wp:term":[{"taxonomy":"category","embeddable":true,"href":"https:\/\/awf.world\/fr\/wp-json\/wp\/v2\/categories?post=26453"},{"taxonomy":"post_tag","embeddable":true,"href":"https:\/\/awf.world\/fr\/wp-json\/wp\/v2\/tags?post=26453"}],"curies":[{"name":"wp","href":"https:\/\/api.w.org\/{rel}","templated":true}]}}