{"id":26411,"date":"2021-02-15T08:20:05","date_gmt":"2021-02-15T13:20:05","guid":{"rendered":"http:\/\/awf.world\/awf-news\/les-erudits-discutent-la-theologie-de-lalliance-dans-ses-differentes-expressions\/"},"modified":"2021-02-15T08:25:39","modified_gmt":"2021-02-15T13:25:39","slug":"les-erudits-discutent-la-theologie-de-lalliance-dans-ses-differentes-expressions","status":"publish","type":"awf-news","link":"https:\/\/awf.world\/fr\/awf-news\/les-erudits-discutent-la-theologie-de-lalliance-dans-ses-differentes-expressions\/","title":{"rendered":"Les \u00c9rudits Discutent la Th\u00e9ologie de l\u2019Alliance dans ses Diff\u00e9rentes Expressions"},"content":{"rendered":"<h3 style=\"text-align: justify;\">Le Comit\u00e9 International de l\u2019UMA sur l\u2019\u00c9ducation Th\u00e9ologique (ICTE) s\u2019est r\u00e9uni d\u00e9but f\u00e9vrier pour discuter de la prochaine Quadriennale de l\u2019UMA, finaliser la d\u00e9claration du Manifeste Quadriennal et r\u00e9pondre aux demandes de modification de la d\u00e9claration de foi de l\u2019UMA.<\/h3>\n<p>Le 1er f\u00e9vrier, les membres de l\u2019ICTE se sont r\u00e9unis \u00e0 Zoom pour prier, partager et discuter de nombreux sujets pertinents pour l\u2019Union Mondiale de l\u2019Alliance. Le premier d\u2019entre eux est le rassemblement Quadriennal pr\u00e9vu pour octobre en \u00c9quateur. Si l\u2019\u00e9v\u00e9nement peut se d\u00e9rouler, l\u2019ICTE pr\u00e9voit d\u2019organiser un cours d\u2019\u00e9ducateurs th\u00e9ologiques. Ce cours comprendra trois sessions couvrant le Manifeste Quadriennal, l\u2019identit\u00e9 de l\u2019\u00e9glise locale de l\u2019Alliance et des discussions sur le lien historique entre la vie profonde et la mission, les deux th\u00e8mes principaux de la conf\u00e9rence. Les membres de l\u2019ICTE, ainsi que les invit\u00e9s, animeront les ateliers, qui devraient \u00eatre des moments de partage et de discussion afin que nous puissions apprendre les uns des autres.<\/p>\n<p>Le Manifeste Quadriennal a \u00e9t\u00e9 achev\u00e9 et est actuellement \u00e0 l\u2019\u00e9tude par le Comit\u00e9 Ex\u00e9cutif de l\u2019UMA. Le manifeste a \u00e9t\u00e9 \u00e9crit dans le contexte de l\u2019\u00e9tat actuel du monde et du r\u00f4le de l\u2019Alliance Chr\u00e9tienne et Missionnaire (CMA) en son sein. En particulier, nous avons reconnu le r\u00f4le important que joue la CMA dans la proclamation des v\u00e9rit\u00e9s du royaume\u00a0: que le Christ apporte le salut \u00e0 toute la personne, \u00e0 la fois l\u2019\u00e2me et le corps et que notre minist\u00e8re s\u2019adresse, donc, aussi aux deux aspects de la personne. Nous sommes impatients de partager le manifeste avec vous dans un proche avenir, puis de prendre le temps de discuter de ses implications avec vous lors de la Quadriennale.<\/p>\n<p>L\u2019ICTE a \u00e9galement adress\u00e9 une demande de modification de la d\u00e9claration de foi de l\u2019UMA en tenant compte des r\u00e9cents changements apport\u00e9s aux d\u00e9clarations de foi qui se sont produits dans le monde de l\u2019Alliance. Les objectifs de la r\u00e9vision \u00e9taient de s\u2019assurer que la d\u00e9claration de l\u2019UMA reste inclusive de ses membres nationaux, mais conserve \u00e9galement l\u2019h\u00e9ritage et les particularit\u00e9s pour lesquels l\u2019Alliance est connue. Une d\u00e9claration amend\u00e9e a \u00e9t\u00e9 soumise au Comit\u00e9 Ex\u00e9cutif de l\u2019UMA pour examen et sera d\u00e9battue lors de la r\u00e9union Quadriennale.<\/p>\n<p>Veuillez continuer \u00e0 prier pour l\u2019ICTE et pour plus de 90 \u00e9coles, s\u00e9minaires et coll\u00e8ges th\u00e9ologiques qui fonctionnent dans le monde de l\u2019Alliance. Priez que Dieu nous donne toute la sagesse, la gr\u00e2ce et les ressources dont nous avons besoin pour continuer \u00e0 le servir dans cet important minist\u00e8re.<\/p>\n<p>En Christ,<\/p>\n<p>R\u00e9v\u00e9rend Dr Peter Laughlin<br \/>\nPr\u00e9sident de l\u2019ICTE<\/p>\n","protected":false},"author":24,"featured_media":26408,"template":"","meta":{"inline_featured_image":false,"ngg_post_thumbnail":0,"_EventAllDay":false,"_EventTimezone":"","_EventStartDate":"","_EventEndDate":"","_EventStartDateUTC":"","_EventEndDateUTC":"","_EventShowMap":false,"_EventShowMapLink":false,"_EventURL":"","_EventCost":"","_EventCostDescription":"","_EventCurrencySymbol":"","_EventCurrencyCode":"","_EventCurrencyPosition":"","_EventDateTimeSeparator":"","_EventTimeRangeSeparator":"","_EventOrganizerID":[],"_EventVenueID":[],"_OrganizerEmail":"","_OrganizerPhone":"","_OrganizerWebsite":"","_VenueAddress":"","_VenueCity":"","_VenueCountry":"","_VenueProvince":"","_VenueState":"","_VenueZip":"","_VenuePhone":"","_VenueURL":"","_VenueStateProvince":"","_VenueLat":"","_VenueLng":"","_VenueShowMap":false,"_VenueShowMapLink":false},"categories":[33],"tags":[345,382,344],"class_list":["post-26411","awf-news","type-awf-news","status-publish","has-post-thumbnail","hentry","category-news-fr","tag-commission-internationale-pour-leducation-theologique","tag-convocation-quadriennale","tag-icte-fr"],"_links":{"self":[{"href":"https:\/\/awf.world\/fr\/wp-json\/wp\/v2\/awf-news\/26411","targetHints":{"allow":["GET"]}}],"collection":[{"href":"https:\/\/awf.world\/fr\/wp-json\/wp\/v2\/awf-news"}],"about":[{"href":"https:\/\/awf.world\/fr\/wp-json\/wp\/v2\/types\/awf-news"}],"author":[{"embeddable":true,"href":"https:\/\/awf.world\/fr\/wp-json\/wp\/v2\/users\/24"}],"wp:featuredmedia":[{"embeddable":true,"href":"https:\/\/awf.world\/fr\/wp-json\/wp\/v2\/media\/26408"}],"wp:attachment":[{"href":"https:\/\/awf.world\/fr\/wp-json\/wp\/v2\/media?parent=26411"}],"wp:term":[{"taxonomy":"category","embeddable":true,"href":"https:\/\/awf.world\/fr\/wp-json\/wp\/v2\/categories?post=26411"},{"taxonomy":"post_tag","embeddable":true,"href":"https:\/\/awf.world\/fr\/wp-json\/wp\/v2\/tags?post=26411"}],"curies":[{"name":"wp","href":"https:\/\/api.w.org\/{rel}","templated":true}]}}