{"id":26405,"date":"2021-02-12T08:36:58","date_gmt":"2021-02-12T13:36:58","guid":{"rendered":"http:\/\/awf.world\/awf-news\/la-syrie-cherche-une-lumiere-au-bout-du-tunnel\/"},"modified":"2021-10-28T15:50:28","modified_gmt":"2021-10-28T20:50:28","slug":"la-syrie-cherche-une-lumiere-au-bout-du-tunnel","status":"publish","type":"awf-news","link":"https:\/\/awf.world\/fr\/awf-news\/la-syrie-cherche-une-lumiere-au-bout-du-tunnel\/","title":{"rendered":"La Syrie Cherche une Lumi\u00e8re au Bout du Tunnel"},"content":{"rendered":"<h3 style=\"text-align: justify;\">L\u2019\u00e9glise de l\u2019Alliance en Syrie a d\u00e9cid\u00e9 de d\u00e9marrer un projet dans le cadre de son minist\u00e8re pour r\u00e9pondre au besoin croissant de conseiller les gens. Prions pour la sagesse des dirigeants de l\u2019\u00c9glise, pour leur permettre de fortifier et d\u2019encourager les gens et de voir des possibilit\u00e9s au milieu de cette atmosph\u00e8re sombre.<\/h3>\n<p><img loading=\"lazy\" decoding=\"async\" class=\"alignright wp-image-26392\" src=\"http:\/\/awf.world\/wp-content\/uploads\/2021\/02\/Syria_Street-Outlook-300x225.jpg\" alt=\"\" width=\"211\" height=\"158\" srcset=\"https:\/\/awf.world\/wp-content\/uploads\/2021\/02\/Syria_Street-Outlook-300x225.jpg 300w, https:\/\/awf.world\/wp-content\/uploads\/2021\/02\/Syria_Street-Outlook-768x576.jpg 768w, https:\/\/awf.world\/wp-content\/uploads\/2021\/02\/Syria_Street-Outlook.jpg 960w\" sizes=\"auto, (max-width: 211px) 100vw, 211px\" \/><\/p>\n<p>Les derni\u00e8res ann\u00e9es de guerre et l\u2019\u00e9conomie d\u00e9vast\u00e9e en Syrie, ont produit du stress post-traumatique, de la d\u00e9pression, de l\u2019anxi\u00e9t\u00e9 et d\u2019autres d\u00e9fis \u00e9motionnels et mentaux pour la population. La situation est grave et sombre et les sanctions d\u00e9vastent l\u2019\u00e9conomie. \u00ab Pour la premi\u00e8re fois, je vois une grande partie de notre population au bord de la famine sans lumi\u00e8re au bout du tunnel. \u00c0 mon avis, c\u2019est la pire ann\u00e9e de l\u2019histoire du pays \u00bb, d\u00e9clare le r\u00e9v\u00e9rend Edward Awabdeh, pr\u00e9sident de l\u2019Alliance Chr\u00e9tienne et Missionnaire de Syrie.<\/p>\n<figure id=\"attachment_26398\" aria-describedby=\"caption-attachment-26398\" style=\"width: 235px\" class=\"wp-caption alignleft\"><img loading=\"lazy\" decoding=\"async\" class=\" wp-image-26398\" src=\"http:\/\/awf.world\/wp-content\/uploads\/2021\/02\/Syria_Mercy-Ministry-Stationary-for-Orphans_02-300x225.jpg\" alt=\"\" width=\"235\" height=\"176\" srcset=\"https:\/\/awf.world\/wp-content\/uploads\/2021\/02\/Syria_Mercy-Ministry-Stationary-for-Orphans_02-300x225.jpg 300w, https:\/\/awf.world\/wp-content\/uploads\/2021\/02\/Syria_Mercy-Ministry-Stationary-for-Orphans_02-768x576.jpg 768w, https:\/\/awf.world\/wp-content\/uploads\/2021\/02\/Syria_Mercy-Ministry-Stationary-for-Orphans_02.jpg 960w\" sizes=\"auto, (max-width: 235px) 100vw, 235px\" \/><figcaption id=\"caption-attachment-26398\" class=\"wp-caption-text\">Papeterie du minist\u00e8re de la mis\u00e9ricorde pour les orphelins<\/figcaption><\/figure>\n<p>Le Pasteur Edward et le comit\u00e9 de direction commenceront un projet de conseil dans un \u00e9tablissement lou\u00e9. Trois conseillers \u00e0 temps partiel dirigeront le centre, aidant les gens 2 \u00e0 3 heures par jour. Apr\u00e8s trois mois, ils ajusteront les heures en fonction de la demande.<\/p>\n<p>L\u2019accent sera mis sur les adolescents et les jeunes hommes et femmes qui ont \u00e9t\u00e9 et sont toujours soumis \u00e0 un stress continu et souffrent \u00e0 cause de familles bris\u00e9es ou dysfonctionnelles. L\u2019attente est d\u2019aider jusqu\u2019\u00e0 dix personnes chaque semaine. L\u2019\u00e9glise de l\u2019Alliance aimerait que ce centre fasse partie des minist\u00e8res r\u00e9guliers de l\u2019\u00e9glise. Cette initiative, qui comprend \u00e9galement un projet de distribution de nourriture, recevra le soutien du programme de <a href=\"https:\/\/awf.world\/fr\/awf-news\/la-reponse-mondiale-de-luma-a-covid-19-va-envoyer-des-fonds-aux-projets-recompenses\/\" target=\"_blank\" rel=\"noopener\">R\u00e9ponse Mondiale de l\u2019UMA au COVID-19<\/a>.<\/p>\n<figure id=\"attachment_26401\" aria-describedby=\"caption-attachment-26401\" style=\"width: 171px\" class=\"wp-caption alignright\"><img loading=\"lazy\" decoding=\"async\" class=\" wp-image-26401\" src=\"http:\/\/awf.world\/wp-content\/uploads\/2021\/02\/Syria_Mercy-Ministry_Medical-Center_04-300x225.jpg\" alt=\"\" width=\"171\" height=\"128\" srcset=\"https:\/\/awf.world\/wp-content\/uploads\/2021\/02\/Syria_Mercy-Ministry_Medical-Center_04-300x225.jpg 300w, https:\/\/awf.world\/wp-content\/uploads\/2021\/02\/Syria_Mercy-Ministry_Medical-Center_04-768x576.jpg 768w, https:\/\/awf.world\/wp-content\/uploads\/2021\/02\/Syria_Mercy-Ministry_Medical-Center_04.jpg 960w\" sizes=\"auto, (max-width: 171px) 100vw, 171px\" \/><figcaption id=\"caption-attachment-26401\" class=\"wp-caption-text\">Centre m\u00e9dical du minist\u00e8re de la mis\u00e9ricorde<\/figcaption><\/figure>\n<p>Nous sommes reconnaissants \u00e0 notre Seigneur pour le c\u0153ur de ces pasteurs. Ils veulent aider les \u00e9glises et leurs communaut\u00e9s en ces temps de d\u00e9tresse. Prions pour la force et la sagesse pour eux, alors qu\u2019ils aident les gens \u00e0 trouver refuge en Christ et les dirigeants \u00e0 voir de nouvelles occasions de partager l\u2019\u00c9vangile.<\/p>\n","protected":false},"author":24,"featured_media":26390,"template":"","meta":{"inline_featured_image":false,"ngg_post_thumbnail":0,"_EventAllDay":false,"_EventTimezone":"","_EventStartDate":"","_EventEndDate":"","_EventStartDateUTC":"","_EventEndDateUTC":"","_EventShowMap":false,"_EventShowMapLink":false,"_EventURL":"","_EventCost":"","_EventCostDescription":"","_EventCurrencySymbol":"","_EventCurrencyCode":"","_EventCurrencyPosition":"","_EventDateTimeSeparator":"","_EventTimeRangeSeparator":"","_EventOrganizerID":[],"_EventVenueID":[],"_OrganizerEmail":"","_OrganizerPhone":"","_OrganizerWebsite":"","_VenueAddress":"","_VenueCity":"","_VenueCountry":"","_VenueProvince":"","_VenueState":"","_VenueZip":"","_VenuePhone":"","_VenueURL":"","_VenueStateProvince":"","_VenueLat":"","_VenueLng":"","_VenueShowMap":false,"_VenueShowMapLink":false},"categories":[145,33,144],"tags":[200,690,273,773,272],"class_list":["post-26405","awf-news","type-awf-news","status-publish","has-post-thumbnail","hentry","category-europe-middle-east","category-news-fr","category-projects-fr","tag-emerald-fr","tag-europe-et-moyen-orient","tag-secours-et-developpement","tag-syrie","tag-travail-social"],"_links":{"self":[{"href":"https:\/\/awf.world\/fr\/wp-json\/wp\/v2\/awf-news\/26405","targetHints":{"allow":["GET"]}}],"collection":[{"href":"https:\/\/awf.world\/fr\/wp-json\/wp\/v2\/awf-news"}],"about":[{"href":"https:\/\/awf.world\/fr\/wp-json\/wp\/v2\/types\/awf-news"}],"author":[{"embeddable":true,"href":"https:\/\/awf.world\/fr\/wp-json\/wp\/v2\/users\/24"}],"wp:featuredmedia":[{"embeddable":true,"href":"https:\/\/awf.world\/fr\/wp-json\/wp\/v2\/media\/26390"}],"wp:attachment":[{"href":"https:\/\/awf.world\/fr\/wp-json\/wp\/v2\/media?parent=26405"}],"wp:term":[{"taxonomy":"category","embeddable":true,"href":"https:\/\/awf.world\/fr\/wp-json\/wp\/v2\/categories?post=26405"},{"taxonomy":"post_tag","embeddable":true,"href":"https:\/\/awf.world\/fr\/wp-json\/wp\/v2\/tags?post=26405"}],"curies":[{"name":"wp","href":"https:\/\/api.w.org\/{rel}","templated":true}]}}