{"id":26369,"date":"2021-02-09T16:00:31","date_gmt":"2021-02-09T21:00:31","guid":{"rendered":"http:\/\/awf.world\/?post_type=awf-news&p=26369"},"modified":"2021-02-09T16:00:31","modified_gmt":"2021-02-09T21:00:31","slug":"les-defis-de-leglise-de-lalliance-grace-montagnard-en-finlande","status":"publish","type":"awf-news","link":"https:\/\/awf.world\/fr\/awf-news\/les-defis-de-leglise-de-lalliance-grace-montagnard-en-finlande\/","title":{"rendered":"Les D\u00e9fis de l\u2019\u00c9glise de l\u2019Alliance Grace Montagnard en Finlande"},"content":{"rendered":"<h3 style=\"text-align: justify;\">Il y a quarante ans, le premier r\u00e9fugi\u00e9 vietnamien est arriv\u00e9 en Finlande et il y en a maintenant plus de dix mille. L\u2019\u00c9glise de l\u2019Alliance Grace Montagnard, dirig\u00e9e par le r\u00e9v\u00e9rend Y Lem Rahlan, a d\u00e9but\u00e9 en 2007 et sa vision est d\u2019atteindre les Montagnards qui appartiennent \u00e0 la tribu Jorai.<\/h3>\n<p>En 2018, l\u2019\u00c9glise de l\u2019Alliance Grace Montagnard en Finlande a obtenu la reconnaissance officielle du gouvernement finlandais. Ils ont c\u00e9l\u00e9br\u00e9 cet \u00e9v\u00e9nement avec un\u00a0<a href=\"https:\/\/awf.world\/fr\/awf-news\/la-premiere-alliance-en-finlande-est-destinee-aux-montagnards-du-vietnam\/\" target=\"_blank\" rel=\"noopener\">culte sp\u00e9cial<\/a> Au cours des deux derni\u00e8res ann\u00e9es, l\u2019\u00e9glise a travaill\u00e9 pour atteindre plus de Vietnamiens en Finlande avec l\u2019\u00e9vangile. L\u2019\u00e9glise compte maintenant 91 membres actifs et beaucoup d\u2019entre eux vivent dans diff\u00e9rentes villes. Ainsi, en 2019, l\u2019\u00e9glise a lou\u00e9 trois espaces dans trois villes pour le culte tous les dimanches. Tous les mercredis et les vendredis soirs ils ont des r\u00e9unions de pri\u00e8res pour se renforcer mutuellement. De plus, en 2019, l\u2019\u00e9glise a c\u00e9l\u00e9br\u00e9 la remise des dipl\u00f4mes de sept \u00e9tudiants qui avaient termin\u00e9 un cours de formation en ligne de th\u00e9ologie de trois ans par le biais de l\u2019Association de l\u2019Alliance de Montagnard aux \u00c9tats-Unis.<\/p>\n<p>En raison de la pand\u00e9mie COVID-19, en 2020, l\u2019\u00e9glise a d\u00e9cid\u00e9 de tenir toutes les r\u00e9unions via Zoom, y compris les services de culte le dimanche et les r\u00e9unions de pri\u00e8res hebdomadaires.<\/p>\n<p>L\u2019\u00c9glise de l\u2019Alliance Grace Montagnard en Finlande a contact\u00e9 plusieurs \u00e9glises du Vietnam et du Cambodge pour les aider, et ils ont distribu\u00e9 des bibles Jorai aux croyants Jorai qui n\u2019\u00e9taient pas en mesure d\u2019acheter leurs propres bibles au Vietnam et au Cambodge. Ils ont \u00e9galement rejoint des \u00e9glises de Caroline du Nord, aux \u00c9tats-Unis, pour aider les croyants qui \u00e9taient dans le besoin au Cambodge.<\/p>\n<p>Le R\u00e9v\u00e9rend Y Lem Rahlan nous demande de prier pour :<\/p>\n<ul>\n<li>l\u2019\u00c9glise pour r\u00e9pandre l\u2019\u00c9vangile du Seigneur \u00e0 d\u2019autres en Finlande et dans d\u2019autres pays.<\/li>\n<li>Dieu d\u2019\u00e9lever plus de personnes pour prendre soin de la vie spirituelle de ceux qui vivent dans le sud, pr\u00e8s d\u2019Helsinki, qui est \u00e0 600 km de l\u2019\u00e9glise.<\/li>\n<li>les d\u00e9fis pendant la pand\u00e9mie, car de nombreux membres, en particulier les jeunes et les enfants, n\u2019ont pas l\u2019habitude de se rencontrer sur Zoom.<\/li>\n<\/ul>\n","protected":false},"author":24,"featured_media":26366,"template":"","meta":{"inline_featured_image":false,"ngg_post_thumbnail":0,"_EventAllDay":false,"_EventTimezone":"","_EventStartDate":"","_EventEndDate":"","_EventStartDateUTC":"","_EventEndDateUTC":"","_EventShowMap":false,"_EventShowMapLink":false,"_EventURL":"","_EventCost":"","_EventCostDescription":"","_EventCurrencySymbol":"","_EventCurrencyCode":"","_EventCurrencyPosition":"","_EventDateTimeSeparator":"","_EventTimeRangeSeparator":"","_EventOrganizerID":[],"_EventVenueID":[],"_OrganizerEmail":"","_OrganizerPhone":"","_OrganizerWebsite":"","_VenueAddress":"","_VenueCity":"","_VenueCountry":"","_VenueProvince":"","_VenueState":"","_VenueZip":"","_VenuePhone":"","_VenueURL":"","_VenueStateProvince":"","_VenueLat":"","_VenueLng":"","_VenueShowMap":false,"_VenueShowMapLink":false},"categories":[145,33],"tags":[345,200,690],"class_list":["post-26369","awf-news","type-awf-news","status-publish","has-post-thumbnail","hentry","category-europe-middle-east","category-news-fr","tag-commission-internationale-pour-leducation-theologique","tag-emerald-fr","tag-europe-et-moyen-orient"],"_links":{"self":[{"href":"https:\/\/awf.world\/fr\/wp-json\/wp\/v2\/awf-news\/26369","targetHints":{"allow":["GET"]}}],"collection":[{"href":"https:\/\/awf.world\/fr\/wp-json\/wp\/v2\/awf-news"}],"about":[{"href":"https:\/\/awf.world\/fr\/wp-json\/wp\/v2\/types\/awf-news"}],"author":[{"embeddable":true,"href":"https:\/\/awf.world\/fr\/wp-json\/wp\/v2\/users\/24"}],"wp:featuredmedia":[{"embeddable":true,"href":"https:\/\/awf.world\/fr\/wp-json\/wp\/v2\/media\/26366"}],"wp:attachment":[{"href":"https:\/\/awf.world\/fr\/wp-json\/wp\/v2\/media?parent=26369"}],"wp:term":[{"taxonomy":"category","embeddable":true,"href":"https:\/\/awf.world\/fr\/wp-json\/wp\/v2\/categories?post=26369"},{"taxonomy":"post_tag","embeddable":true,"href":"https:\/\/awf.world\/fr\/wp-json\/wp\/v2\/tags?post=26369"}],"curies":[{"name":"wp","href":"https:\/\/api.w.org\/{rel}","templated":true}]}}