{"id":25933,"date":"2020-12-16T14:33:58","date_gmt":"2020-12-16T19:33:58","guid":{"rendered":"http:\/\/awf.world\/awf-news\/lannee-que-dieu-a-utilisee-pour-consolider-notre-identite-en-tant-que-mouvement-mondial\/"},"modified":"2021-01-05T08:02:18","modified_gmt":"2021-01-05T13:02:18","slug":"lannee-que-dieu-a-utilisee-pour-consolider-notre-identite-en-tant-que-mouvement-mondial","status":"publish","type":"awf-news","link":"https:\/\/awf.world\/fr\/awf-news\/lannee-que-dieu-a-utilisee-pour-consolider-notre-identite-en-tant-que-mouvement-mondial\/","title":{"rendered":"L\u2019Ann\u00e9e que Dieu a Utilis\u00e9e pour Consolider Notre Identit\u00e9 en tant que Mouvement Mondial"},"content":{"rendered":"<p>Dieu a utilis\u00e9 cette pand\u00e9mie pour la famille mondiale de l\u2019Alliance afin de solidifier son identit\u00e9 en tant que corps du Christ et de travailler ensemble visiblement pour l\u2019avancement du royaume de Dieu. Alors que l\u2019ann\u00e9e touche \u00e0 sa fin, je suis reconnaissant que le Seigneur nous ait permis de travailler ensemble sur tant de fronts pour porter le message de J\u00e9sus-Christ qui apporte l\u2019espoir et le salut au monde d\u00e9sesp\u00e9r\u00e9.<\/p>\n<p>Renforcer l\u2019identit\u00e9 de l\u2019Alliance signifie que chaque croyant exp\u00e9rimente une vie plus profonde dans le Christ et est d\u00e9plac\u00e9 vers des missions \u00e0 la suite de la transformation apport\u00e9e par l\u2019\u0153uvre du Saint-Esprit. Cela apportera l\u2019unit\u00e9 et l\u2019identit\u00e9 \u00e0 l\u2019\u00e9glise et permettra aux membres de grandir et de m\u00fbrir en tant qu\u2019\u00e9glise en mission. L\u2019\u00e9l\u00e9ment \u00e9tonnant du processus est que Dieu fait cela \u00e0 la famille mondiale de l\u2019Alliance, faisant en sorte que plus de six millions de membres dispers\u00e9s dans 88 pays se sentent en quelque sorte connect\u00e9s et travaillent ensemble.<\/p>\n<p>Jamais, auparavant, nous n\u2019avions eu une conscience aussi claire du niveau de connexion que Dieu peut fournir en tant que famille de l\u2019Alliance. Nous avons \u00e9t\u00e9 connect\u00e9s gr\u00e2ce \u00e0 des webinaires auxquels ont particip\u00e9 des centaines de personnes, qui ont aid\u00e9 \u00e0 instruire et \u00e0 encourager les pasteurs et les dirigeants \u00e0 surmonter les d\u00e9fis pos\u00e9s par la pand\u00e9mie. De nombreuses r\u00e9unions en ligne avec les pr\u00e9sidents d\u2019\u00e9glises nationales et les chefs de mission ont permis de discuter et de mettre en \u0153uvre diff\u00e9rentes initiatives de partenariat, des projets missionnaires au <a href=\"https:\/\/awf.world\/fr\/awf-news\/la-reponse-mondiale-de-luma-a-covid-19-va-envoyer-des-fonds-aux-projets-recompenses\/\" target=\"_blank\" rel=\"noopener\">programme de R\u00e9ponse Mondiale de l\u2019UMA au COVID-19<\/a>. Les \u00e9glises nationales ont intensifi\u00e9 leurs relations avec leurs membres dans leur pays, atteignant un niveau de capillarit\u00e9 dans la communication sans pr\u00e9c\u00e9dent.<\/p>\n<p>Des r\u00e9seaux ont \u00e9t\u00e9 cr\u00e9\u00e9s au niveau mondial pour connecter les dirigeants et les praticiens du Minist\u00e8re des Secours et du D\u00e9veloppement, des Missions de la Diaspora, du Minist\u00e8re des Femmes, initialement pour pr\u00e9parer les ateliers de la Convocation Quadriennale de l\u2019UMA. Maintenant, ils se r\u00e9unissaient r\u00e9guli\u00e8rement, parfois plus d\u2019une fois par mois, pour faire avancer les diff\u00e9rents projets que le Seigneur leur remettait.<\/p>\n<p>Les coordinateurs r\u00e9gionaux et leurs \u00e9quipes ont travaill\u00e9 sans rel\u00e2che pour organiser des r\u00e9unions r\u00e9gionales, promouvoir des projets r\u00e9gionaux et soutenir les \u00e9glises nationales ayant des besoins diff\u00e9rents. Le r\u00e9seau r\u00e9gional des \u00e9glises de l\u2019Alliance a jou\u00e9 un r\u00f4le d\u00e9terminant pour encourager et soutenir les \u00e9glises confront\u00e9es \u00e0 des difficult\u00e9s telles que des catastrophes naturelles, des difficult\u00e9s \u00e9conomiques ou des conflits de leadership.<\/p>\n<p>La&nbsp;<a href=\"https:\/\/awf.world\/fr\/commission-deducation-theologique\/\" target=\"_blank\" rel=\"noopener\">Commission Internationale d\u2019\u00c9ducation Th\u00e9ologique<\/a> (ICTE) et le&nbsp;<a href=\"https:\/\/awf.world\/fr\/awf-news\/missions-de-lalliance\/\" target=\"_blank\" rel=\"noopener\">R\u00e9seau Mondial des Leaders de Mission<\/a> travaillent avec les deux \u00e9l\u00e9ments cl\u00e9s de notre mouvement : la th\u00e9ologie et les missions. Les pasteurs et les dirigeants ont \u00e9t\u00e9 form\u00e9s \u00e0 la th\u00e9ologie et \u00e0 l\u2019histoire de l\u2019Alliance, des symposiums th\u00e9ologiques ont \u00e9t\u00e9 organis\u00e9s et de nombreux projets tels que le&nbsp;<a href=\"https:\/\/awf.world\/fr\/awf-news\/initiative-de-formation-de-lawf-icte-des-jeunes-etudiants\/\" target=\"_blank\" rel=\"noopener\">programme des Jeunes \u00c9tudiants<\/a> et le&nbsp;<a href=\"https:\/\/awf.world\/fr\/awf-news\/selection-du-prix-de-theologie-de-luma\/\" target=\"_blank\" rel=\"noopener\">Prix de Th\u00e9ologie de l\u2019UMA<\/a> ont \u00e9t\u00e9 cr\u00e9\u00e9s. D\u2019un autre c\u00f4t\u00e9, le nombre d\u2019\u00e9glises nationales de l\u2019Alliance qui s\u2019engagent dans des projets missionnaires interculturels est en augmentation et de nombreux projets de partenariat ont \u00e9t\u00e9 propos\u00e9s pour encourager les \u00e9glises moins dot\u00e9es de ressources \u00e0 participer \u00e0 des missions.<\/p>\n<p>Enfin, je voudrais exprimer ma profonde gratitude aux membres du <a href=\"https:\/\/awf.world\/fr\/comite-executif-de-la-awf\/\" target=\"_blank\" rel=\"noopener\">Comit\u00e9 Ex\u00e9cutif de l\u2019UMA<\/a>. Travailler avec le groupe actuel de personnes pieuses hautement motiv\u00e9es avec une compr\u00e9hension profonde et un engagement envers le but et la mission de l\u2019UMA a \u00e9t\u00e9 une b\u00e9n\u00e9diction et une joie. Merci, Brem, C\u00e9lestin, David, Ken, Munther, Roland. Ce fut un honneur de faire partie de cette \u00e9quipe.<\/p>\n<p>\u00c0 vous tous, je voudrais vous remercier pour votre participation, votre engagement, vos pri\u00e8res, vos dons et pour faire partie de cette merveilleuse famille.<\/p>\n<p>Que le Seigneur vous donne un sens profond de sa pr\u00e9sence et une joyeuse c\u00e9l\u00e9bration de No\u00ebl avec votre famille et vos proches.<\/p>\n<p>Joyeux No\u00ebl !<\/p>\n<p>Jura Yanagihara<br \/>\nComit\u00e9 Ex\u00e9cutif<br \/>\nUnion Mondiale de l\u2019Alliance<\/p>\n","protected":false},"author":24,"featured_media":25973,"template":"","meta":{"inline_featured_image":false,"ngg_post_thumbnail":0,"_EventAllDay":false,"_EventTimezone":"","_EventStartDate":"","_EventEndDate":"","_EventStartDateUTC":"","_EventEndDateUTC":"","_EventShowMap":false,"_EventShowMapLink":false,"_EventURL":"","_EventCost":"","_EventCostDescription":"","_EventCurrencySymbol":"","_EventCurrencyCode":"","_EventCurrencyPosition":"","_EventDateTimeSeparator":"","_EventTimeRangeSeparator":"","_EventOrganizerID":[],"_EventVenueID":[],"_OrganizerEmail":"","_OrganizerPhone":"","_OrganizerWebsite":"","_VenueAddress":"","_VenueCity":"","_VenueCountry":"","_VenueProvince":"","_VenueState":"","_VenueZip":"","_VenuePhone":"","_VenueURL":"","_VenueStateProvince":"","_VenueLat":"","_VenueLng":"","_VenueShowMap":false,"_VenueShowMapLink":false},"categories":[33],"tags":[640],"class_list":["post-25933","awf-news","type-awf-news","status-publish","has-post-thumbnail","hentry","category-news-fr","tag-comite-executif"],"_links":{"self":[{"href":"https:\/\/awf.world\/fr\/wp-json\/wp\/v2\/awf-news\/25933","targetHints":{"allow":["GET"]}}],"collection":[{"href":"https:\/\/awf.world\/fr\/wp-json\/wp\/v2\/awf-news"}],"about":[{"href":"https:\/\/awf.world\/fr\/wp-json\/wp\/v2\/types\/awf-news"}],"author":[{"embeddable":true,"href":"https:\/\/awf.world\/fr\/wp-json\/wp\/v2\/users\/24"}],"wp:featuredmedia":[{"embeddable":true,"href":"https:\/\/awf.world\/fr\/wp-json\/wp\/v2\/media\/25973"}],"wp:attachment":[{"href":"https:\/\/awf.world\/fr\/wp-json\/wp\/v2\/media?parent=25933"}],"wp:term":[{"taxonomy":"category","embeddable":true,"href":"https:\/\/awf.world\/fr\/wp-json\/wp\/v2\/categories?post=25933"},{"taxonomy":"post_tag","embeddable":true,"href":"https:\/\/awf.world\/fr\/wp-json\/wp\/v2\/tags?post=25933"}],"curies":[{"name":"wp","href":"https:\/\/api.w.org\/{rel}","templated":true}]}}