{"id":25885,"date":"2020-12-14T09:45:28","date_gmt":"2020-12-14T14:45:28","guid":{"rendered":"http:\/\/awf.world\/awf-news\/message-de-fin-dannee-2020-de-la-region-damerique-latine\/"},"modified":"2021-01-05T08:04:41","modified_gmt":"2021-01-05T13:04:41","slug":"message-de-fin-dannee-2020-de-la-region-damerique-latine","status":"publish","type":"awf-news","link":"https:\/\/awf.world\/fr\/awf-news\/message-de-fin-dannee-2020-de-la-region-damerique-latine\/","title":{"rendered":"Message de Fin d\u2019Ann\u00e9e 2020 de la R\u00e9gion d\u2019Am\u00e9rique Latine"},"content":{"rendered":"<p>Notre profonde gratitude au Seigneur pour sa gr\u00e2ce pour l\u2019\u00e9glise de l\u2019Alliance en Am\u00e9rique Latine. Au milieu de l\u2019adversit\u00e9 de la pand\u00e9mie caus\u00e9e par le COVID-19, Dieu nous a montr\u00e9 sa fid\u00e9lit\u00e9 \u00e0 chaque \u00e9tape. Le service qu\u2019il nous a permis d\u2019accomplir en tant que Conseil d\u2019Administration de l\u2019Alliance latino-am\u00e9ricaine a \u00e9t\u00e9 une b\u00e9n\u00e9diction pour la famille mondiale de l\u2019Alliance. Partager la vision de porter l\u2019\u00c9vangile jusqu\u2019aux extr\u00e9mit\u00e9s de la terre et chercher \u00e0 conna\u00eetre de plus en plus le Christ pour ne glorifier que son nom, voil\u00e0 ce qui nous a maintenus dans le monde.<\/p>\n<p>Traverser cette vall\u00e9e de l\u2019ombre de la mort telle qu\u2019elle \u00e9tait en p\u00e9riode de quarantaine nous a fait renforcer davantage nos liens de fraternit\u00e9 et d\u2019amour profond dans le Seigneur. Nous avons soutenu tous nos fr\u00e8res d\u2019Am\u00e9rique latine dans la pri\u00e8re afin que nous puissions r\u00e9pondre aux besoins urgents qui nous entourent.<\/p>\n<p>C\u2019\u00e9tait un moment \u00e9difiant pour se rassembler en ligne en tant qu\u2019un seul corps du Christ \u00e0 travers la&nbsp;<a href=\"https:\/\/awf.world\/fr\/awf-news\/preparer-les-pasteurs-damerique-latine-au-ministere-en-ces-temps-nouveaux\/\" target=\"_blank\" rel=\"noopener\">Mise \u00e0 Jour Minist\u00e9rielle<\/a> 2020. Les webinaires qui ont eu lieu d\u2019ao\u00fbt \u00e0 novembre ont \u00e9t\u00e9 organis\u00e9s par AWF CLA et FATELA. Alors que les pasteurs et les \u00e9glises \u00e9taient inform\u00e9s des probl\u00e8mes li\u00e9s \u00e0 la \u00ab nouvelle normalit\u00e9 \u00bb qui a g\u00e9n\u00e9r\u00e9 l\u2019isolement social \u00e0 la suite du coronavirus, nous pouvions voir Dieu se d\u00e9placer sur terre \u00e0 travers son \u00e9glise.<\/p>\n<p>Pour cela et bien plus, nous remercions le Seigneur. Nous avan\u00e7ons avec la certitude qu\u2019il continue \u00e0 nous conduire par sa main pour accomplir son dessein \u00e9ternel \u00e0 travers nous, continuant vers le but en gardant nos yeux sur J\u00e9sus.<\/p>\n<p>Chers fr\u00e8res et s\u0153urs, je souhaite qu\u2019en ce moment sp\u00e9cial o\u00f9 nous nous souvenons de la naissance de notre bien-aim\u00e9 Sauveur J\u00e9sus-Christ, nous puissions en profiter avec notre famille et notre \u00e9glise, en remerciant Dieu pour tout son amour vers\u00e9 en chacun de nous. \u00c0 l\u2019approche de la nouvelle ann\u00e9e, puissions-nous marcher dans l\u2019int\u00e9grit\u00e9, en cherchant toujours \u00e0 lui plaire, en rendant sa parole r\u00e9elle dans nos vies. Que le Seigneur nous conduise \u00e0 une connaissance plus profonde de sa volont\u00e9. Puissions-nous marcher sagement sur le chemin \u00e9ternel, menant une vie fervente de pri\u00e8re. Soyons de fermes ambassadeurs du royaume des cieux, proclamant \u00e0 tout moment le pr\u00e9cieux message du salut par J\u00e9sus-Christ.<\/p>\n<p>En Christ,<\/p>\n<p>R\u00e9v\u00e9rend David Muthre Ruiz<br \/>\nCoordinateur R\u00e9gional de la R\u00e9gion d\u2019Am\u00e9rique latine<\/p>\n","protected":false},"author":24,"featured_media":25991,"template":"","meta":{"inline_featured_image":false,"ngg_post_thumbnail":0,"_EventAllDay":false,"_EventTimezone":"","_EventStartDate":"","_EventEndDate":"","_EventStartDateUTC":"","_EventEndDateUTC":"","_EventShowMap":false,"_EventShowMapLink":false,"_EventURL":"","_EventCost":"","_EventCostDescription":"","_EventCurrencySymbol":"","_EventCurrencyCode":"","_EventCurrencyPosition":"","_EventDateTimeSeparator":"","_EventTimeRangeSeparator":"","_EventOrganizerID":[],"_EventVenueID":[],"_OrganizerEmail":"","_OrganizerPhone":"","_OrganizerWebsite":"","_VenueAddress":"","_VenueCity":"","_VenueCountry":"","_VenueProvince":"","_VenueState":"","_VenueZip":"","_VenuePhone":"","_VenueURL":"","_VenueStateProvince":"","_VenueLat":"","_VenueLng":"","_VenueShowMap":false,"_VenueShowMapLink":false},"categories":[152,33],"tags":[208,228],"class_list":["post-25885","awf-news","type-awf-news","status-publish","has-post-thumbnail","hentry","category-latin-america-fr","category-news-fr","tag-amerique-latine","tag-cla-fr"],"_links":{"self":[{"href":"https:\/\/awf.world\/fr\/wp-json\/wp\/v2\/awf-news\/25885","targetHints":{"allow":["GET"]}}],"collection":[{"href":"https:\/\/awf.world\/fr\/wp-json\/wp\/v2\/awf-news"}],"about":[{"href":"https:\/\/awf.world\/fr\/wp-json\/wp\/v2\/types\/awf-news"}],"author":[{"embeddable":true,"href":"https:\/\/awf.world\/fr\/wp-json\/wp\/v2\/users\/24"}],"wp:featuredmedia":[{"embeddable":true,"href":"https:\/\/awf.world\/fr\/wp-json\/wp\/v2\/media\/25991"}],"wp:attachment":[{"href":"https:\/\/awf.world\/fr\/wp-json\/wp\/v2\/media?parent=25885"}],"wp:term":[{"taxonomy":"category","embeddable":true,"href":"https:\/\/awf.world\/fr\/wp-json\/wp\/v2\/categories?post=25885"},{"taxonomy":"post_tag","embeddable":true,"href":"https:\/\/awf.world\/fr\/wp-json\/wp\/v2\/tags?post=25885"}],"curies":[{"name":"wp","href":"https:\/\/api.w.org\/{rel}","templated":true}]}}