{"id":25785,"date":"2020-12-02T08:00:17","date_gmt":"2020-12-02T13:00:17","guid":{"rendered":"http:\/\/awf.world\/?post_type=awf-news&#038;p=25785"},"modified":"2021-01-05T08:07:42","modified_gmt":"2021-01-05T13:07:42","slug":"message-de-fin-dannee-de-la-region-damerique-du-nord-2020","status":"publish","type":"awf-news","link":"https:\/\/awf.world\/fr\/awf-news\/message-de-fin-dannee-de-la-region-damerique-du-nord-2020\/","title":{"rendered":"Message de Fin d\u2019Ann\u00e9e de la R\u00e9gion d\u2019Am\u00e9rique du Nord 2020"},"content":{"rendered":"<p>Les questions d\u2019ouverture d\u2019Habacuc r\u00e9sonnent puissamment avec nos exp\u00e9riences \u00e0 travers les r\u00e9alit\u00e9s inexplicables de 2020. \u00ab Jusqu\u2019\u00e0 quand, \u00f4 \u00c9ternel ?&#8230; J\u2019ai cri\u00e9, Et tu n\u2019\u00e9coutes pas ! J\u2019ai cri\u00e9 vers toi \u00e0 la violence, Et tu ne secours pas ! Pourquoi me fais-tu voir l\u2019iniquit\u00e9, Et contemples-tu l\u2019injustice ? Pourquoi l\u2019oppression et la violence sont-elles devant moi ? Il y a des querelles, et la discorde s\u2019\u00e9l\u00e8ve (V. 2 &#8211; 3). \u00bb Dans l\u2019\u00e9motion brute de la m\u00e9ditation et de la r\u00e9flexion du proph\u00e8te, Dieu r\u00e9pond avec \u00e9motion. \u00ab Jetez les yeux parmi les nations, regardez, Et soyez saisis d\u2019\u00e9tonnement, d\u2019\u00e9pouvante ! Car je vais faire en vos jours une \u0153uvre, Que vous ne croiriez pas si on la racontait. (V. 5). \u00bb<\/p>\n<p>Dieu comprend les d\u00e9fis auxquels nous sommes tous confront\u00e9s pendant la pand\u00e9mie mondiale qui entre dans une deuxi\u00e8me vague dans la plupart des endroits. Dieu nous rappelle \u00e9galement qu\u2019en accomplissant Son \u0153uvre dans les circonstances les plus difficiles, Ses desseins r\u00e9dempteurs parmi les nations nous am\u00e8neront \u00e0 nous \u00e9merveiller et \u00e0 nous \u00e9tonner au-del\u00e0 de la croyance.<\/p>\n<p>L\u2019Alliance am\u00e9ricaine et canadienne a commenc\u00e9 2020 avec la d\u00e9cision d\u2019\u00e9vacuer le personnel de l\u2019un de nos sites au Moyen-Orient en raison d\u2019une crise \u00e0 motivation politique. Nos deux \u00e9glises sont confront\u00e9es \u00e0 des d\u00e9fis similaires li\u00e9s au coronavirus. Au cours des neuf derniers mois, nos pasteurs et nos \u00e9glises ont connu des pressions, de la peur et des revers qui d\u00e9fient tout ce \u00e0 quoi nous aurions pu nous attendre. La plupart des \u00e9glises ont repris leurs r\u00e9unions en personne tout en organisant des services en ligne. La fr\u00e9quentation dans de nombreuses \u00e9glises n\u2019est qu\u2019\u00e0 20 % des niveaux pr\u00e9-COVID. Un dirigeant a r\u00e9sum\u00e9 la situation en disant qu\u2019avancer avec les services du dimanche est facilement deux fois le travail \u00e0 seulement une fraction de l\u2019impact avec les gens.<\/p>\n<p>La fa\u00e7on dont nous parlons et pensons \u00e0 la race est \u00e9galement devenue importante dans le contexte de \u00ab Black Lives Matter \u00bb (les vies des noirs comptent) et doit \u00eatre \u00e9labor\u00e9e avec d\u00e9licatesse et sagesse \u00e0 tous les niveaux en Am\u00e9rique du Nord. Des r\u00e9ponses \u00e9motionnelles brutes, de l\u2019agitation, de l\u2019anxi\u00e9t\u00e9 et de la col\u00e8re qui semblent choquantes, inattendues et sans pr\u00e9c\u00e9dent se pr\u00e9parent sous la surface et bouillonnent r\u00e9guli\u00e8rement.<\/p>\n<p>COVID-19 oblige l\u2019\u00e9glise nord-am\u00e9ricaine \u00e0 r\u00e9\u00e9valuer et \u00e0 r\u00e9pondre avec un nouveau d\u00e9sir de marcher intimement avec Dieu et dans le r\u00e9veil et le renouvellement du c\u0153ur, de l\u2019\u00e2me et de l\u2019esprit. L\u2019\u00e9glise en tant que rassemblement de c\u00e9l\u00e9bration dominicale n\u2019est plus satisfaisante. L\u2019\u00e9glise en tant que soci\u00e9t\u00e9 sortante, d\u00e9cha\u00eenant l\u2019\u00e9vangile dans la temp\u00eate qui est sur nous, c\u2019est ce \u00e0 quoi nos \u00e2mes aspirent. Une question cl\u00e9 est de savoir si l\u2019accent mis sur les nations sera \u00e0 nouveau l\u2019essentiel dans toute l\u2019Alliance, conform\u00e9ment \u00e0 notre ADN historique. Les dons pour les missions ont \u00e9t\u00e9 plus forts que pr\u00e9vu, ce qui est un \u00e9norme encouragement. Les Quatre Piliers de l\u2019\u00c9vangile, ax\u00e9s sur la centralit\u00e9 de J\u00e9sus, n\u2019ont jamais \u00e9t\u00e9 aussi appropri\u00e9s qu\u2019aujourd\u2019hui. De nouvelles m\u00e9thodes de mission sont courageusement explor\u00e9es parmi les voisins migrants que Dieu a livr\u00e9s \u00e0 nos portes. Des syst\u00e8mes de communication num\u00e9rique sont introduits et utilis\u00e9s, apportant de nouvelles fa\u00e7ons de faire de l\u2019\u00e9vang\u00e9lisation et de faire des disciples. L\u2019int\u00e9gration avec d\u2019autres pays de l\u2019Alliance dans les efforts de mission dans la fen\u00eatre 10\/40 \u00e9merge de mani\u00e8re dynamique. L\u2019adversit\u00e9 et la souffrance sont des pionniers de la fra\u00eecheur spirituelle qui lance l\u2019innovation et l\u2019invention. Les dirigeants de l\u2019Alliance des deux c\u00f4t\u00e9s de la fronti\u00e8re souhaitent un renouveau, pas un retour \u00e0 la normale. Puissions-nous saisir l\u2019occasion \u00e0 la taille de Dieu pr\u00e9dite dans Habacuc.<\/p>\n<p>Avec respect,<\/p>\n<p>R\u00e9v\u00e9rend Brem Frentz<br \/>\nCoordonnateur R\u00e9gional de la R\u00e9gion d\u2019Am\u00e9rique du Nord<\/p>\n","protected":false},"author":24,"featured_media":26018,"template":"","meta":{"inline_featured_image":false,"ngg_post_thumbnail":0,"_EventAllDay":false,"_EventTimezone":"","_EventStartDate":"","_EventEndDate":"","_EventStartDateUTC":"","_EventEndDateUTC":"","_EventShowMap":false,"_EventShowMapLink":false,"_EventURL":"","_EventCost":"","_EventCostDescription":"","_EventCurrencySymbol":"","_EventCurrencyCode":"","_EventCurrencyPosition":"","_EventDateTimeSeparator":"","_EventTimeRangeSeparator":"","_EventOrganizerID":[],"_EventVenueID":[],"_OrganizerEmail":"","_OrganizerPhone":"","_OrganizerWebsite":"","_VenueAddress":"","_VenueCity":"","_VenueCountry":"","_VenueProvince":"","_VenueState":"","_VenueZip":"","_VenuePhone":"","_VenueURL":"","_VenueStateProvince":"","_VenueLat":"","_VenueLng":"","_VenueShowMap":false,"_VenueShowMapLink":false},"categories":[334,33],"tags":[328],"class_list":["post-25785","awf-news","type-awf-news","status-publish","has-post-thumbnail","hentry","category-amerique-du-nord","category-news-fr","tag-amerique-du-nord"],"_links":{"self":[{"href":"https:\/\/awf.world\/fr\/wp-json\/wp\/v2\/awf-news\/25785","targetHints":{"allow":["GET"]}}],"collection":[{"href":"https:\/\/awf.world\/fr\/wp-json\/wp\/v2\/awf-news"}],"about":[{"href":"https:\/\/awf.world\/fr\/wp-json\/wp\/v2\/types\/awf-news"}],"author":[{"embeddable":true,"href":"https:\/\/awf.world\/fr\/wp-json\/wp\/v2\/users\/24"}],"wp:featuredmedia":[{"embeddable":true,"href":"https:\/\/awf.world\/fr\/wp-json\/wp\/v2\/media\/26018"}],"wp:attachment":[{"href":"https:\/\/awf.world\/fr\/wp-json\/wp\/v2\/media?parent=25785"}],"wp:term":[{"taxonomy":"category","embeddable":true,"href":"https:\/\/awf.world\/fr\/wp-json\/wp\/v2\/categories?post=25785"},{"taxonomy":"post_tag","embeddable":true,"href":"https:\/\/awf.world\/fr\/wp-json\/wp\/v2\/tags?post=25785"}],"curies":[{"name":"wp","href":"https:\/\/api.w.org\/{rel}","templated":true}]}}