{"id":25733,"date":"2020-11-25T09:42:50","date_gmt":"2020-11-25T14:42:50","guid":{"rendered":"http:\/\/awf.world\/?post_type=awf-news&#038;p=25733"},"modified":"2021-01-05T08:10:00","modified_gmt":"2021-01-05T13:10:00","slug":"message-de-fin-dannee-de-licte-2020","status":"publish","type":"awf-news","link":"https:\/\/awf.world\/fr\/awf-news\/message-de-fin-dannee-de-licte-2020\/","title":{"rendered":"Message de Fin d\u2019Ann\u00e9e de l\u2019ICTE 2020"},"content":{"rendered":"<p>Salutations \u00e0 la Famille de l\u2019Alliance Mondiale,<\/p>\n<p>La Commission Internationale de l\u2019\u00c9ducation Th\u00e9ologique (ICTE) est tr\u00e8s reconnaissante \u00e0 notre Seigneur qui continue d\u2019enrichir et de b\u00e9nir la formation th\u00e9ologique tout au long de la CMA. Nos 90 s\u00e9minaires, instituts et coll\u00e8ges bibliques forment des hommes et des femmes pour le service dans le royaume de Dieu. C\u2019est un merveilleux t\u00e9moignage de la fid\u00e9lit\u00e9 du Seigneur \u00e0 susciter de nouvelles g\u00e9n\u00e9rations de dirigeants chr\u00e9tiens de toutes les r\u00e9gions du monde. Si l\u2019ann\u00e9e \u00e9coul\u00e9e a \u00e9t\u00e9 marqu\u00e9e par de nombreux d\u00e9fis &#8211; le COVID-19 n\u2019est que l\u2019un d\u2019entre eux &#8211; nous sommes n\u00e9anmoins convaincus que la CMA continue de servir le c\u0153ur de la mission de Dieu pour atteindre les perdus avec l\u2019\u00c9vangile.<\/p>\n<p>En raison du COVID-19, un certain nombre de changements \u00e0 l\u2019horaire de l\u2019ICTE \u00e9taient n\u00e9cessaires. En mars, le Comit\u00e9 ICTE a d\u00e9plac\u00e9 sa r\u00e9union annuelle d\u2019Amsterdam \u00e0 Zoom. Cela a n\u00e9cessit\u00e9 des heures de travail tr\u00e8s \u00e9tranges pour certains de nos membres. Les s\u00e9minaires de formation CMA pr\u00e9vus en Europe et en Asie ont \u00e9t\u00e9 annul\u00e9s ou report\u00e9s pour le moment. Malheureusement, notre plus grand rassemblement lors de la Quadriennale de l\u2019UMA, pr\u00e9vue en octobre de cette ann\u00e9e, a \u00e9galement d\u00fb \u00eatre report\u00e9. Nous avons bon espoir, si Dieu le veut, de vous voir tous en \u00c9quateur en octobre prochain.<\/p>\n<p>Cependant, bien que nous n\u2019ayons pas pu nous r\u00e9unir en personne, le Comit\u00e9 ICTE a continu\u00e9 \u00e0 se r\u00e9unir tout au long de l\u2019ann\u00e9e sur Zoom. Les travaux progressent sur la D\u00e9claration Quadriennale que nous esp\u00e9rons partager avec vous l\u2019ann\u00e9e prochaine. Nous continuons \u00e9galement de planifier \u00e0 l\u2019avance le prochain rassemblement des <a href=\"https:\/\/awf.world\/fr\/awf-news\/initiative-de-formation-de-lawf-icte-des-jeunes-etudiants\/\" target=\"_blank\" rel=\"noopener\">Jeunes \u00c9tudiants<\/a>&nbsp;qui a \u00e9t\u00e9 report\u00e9 \u00e0 2022. Un certain nombre de symposiums r\u00e9gionaux en ligne ont eu lieu en Am\u00e9rique latine et d\u2019autres sont en pr\u00e9paration. Au cours du premier trimestre de l\u2019ann\u00e9e, l\u2019ICTE a eu le plaisir d\u2019attribuer le <a href=\"https:\/\/awf.world\/fr\/awf-news\/selection-du-prix-de-theologie-de-luma\/\" target=\"_blank\" rel=\"noopener\">Prix de Th\u00e9ologie de l\u2019UMA<\/a>&nbsp;\u00e0 deux hommes qui ont soumis d\u2019excellents articles sur les travaux et la pens\u00e9e de la CMA. F\u00e9licitations au R\u00e9v\u00e9rend Chris Smith (Canada) et au R\u00e9v\u00e9rend Dr J\u00f6el Kuvuna Mbongi (R\u00e9publique D\u00e9mocratique du Congo) pour leurs contributions gagnantes.<\/p>\n<p>L\u2019ICTE souhaite \u00e9galement vous rappeler le <a href=\"https:\/\/awf.world\/fr\/consult\/\" target=\"_blank\" rel=\"noopener\">d\u00e9p\u00f4t th\u00e9ologique et historique de l\u2019UMA<\/a>. Une vaste collection de documents historiques, de ressources g\u00e9n\u00e9rales et d\u2019articles th\u00e9ologiques et de livres sur la CMA et ses particularit\u00e9s sont disponibles en ligne sur le site Web de l\u2019UMA. Toutes les ressources sont libres d\u2019acc\u00e8s et constituent un excellent moyen d\u2019explorer l\u2019histoire et la pens\u00e9e de notre mouvement.<\/p>\n<p>\u00c0 l\u2019approche de la fin de l\u2019ann\u00e9e, nous vous remercions encore une fois pour tous vos encouragements et votre soutien. Que la saison de No\u00ebl soit joyeuse pour vous tous alors que vous c\u00e9l\u00e9brez et vous vous souvenez de la naissance de notre Sauveur et Seigneur.<\/p>\n<p>Professeur associ\u00e9 Peter Laughlin<br \/>\nPr\u00e9sident, Commission Internationale de l\u2019\u00c9ducation Th\u00e9ologique<br \/>\nUnion Mondiale de l\u2019Alliance<\/p>\n","protected":false},"author":24,"featured_media":26036,"template":"","meta":{"inline_featured_image":false,"ngg_post_thumbnail":0,"_EventAllDay":false,"_EventTimezone":"","_EventStartDate":"","_EventEndDate":"","_EventStartDateUTC":"","_EventEndDateUTC":"","_EventShowMap":false,"_EventShowMapLink":false,"_EventURL":"","_EventCost":"","_EventCostDescription":"","_EventCurrencySymbol":"","_EventCurrencyCode":"","_EventCurrencyPosition":"","_EventDateTimeSeparator":"","_EventTimeRangeSeparator":"","_EventOrganizerID":[],"_EventVenueID":[],"_OrganizerEmail":"","_OrganizerPhone":"","_OrganizerWebsite":"","_VenueAddress":"","_VenueCity":"","_VenueCountry":"","_VenueProvince":"","_VenueState":"","_VenueZip":"","_VenuePhone":"","_VenueURL":"","_VenueStateProvince":"","_VenueLat":"","_VenueLng":"","_VenueShowMap":false,"_VenueShowMapLink":false},"categories":[33],"tags":[345,344],"class_list":["post-25733","awf-news","type-awf-news","status-publish","has-post-thumbnail","hentry","category-news-fr","tag-commission-internationale-pour-leducation-theologique","tag-icte-fr"],"_links":{"self":[{"href":"https:\/\/awf.world\/fr\/wp-json\/wp\/v2\/awf-news\/25733","targetHints":{"allow":["GET"]}}],"collection":[{"href":"https:\/\/awf.world\/fr\/wp-json\/wp\/v2\/awf-news"}],"about":[{"href":"https:\/\/awf.world\/fr\/wp-json\/wp\/v2\/types\/awf-news"}],"author":[{"embeddable":true,"href":"https:\/\/awf.world\/fr\/wp-json\/wp\/v2\/users\/24"}],"wp:featuredmedia":[{"embeddable":true,"href":"https:\/\/awf.world\/fr\/wp-json\/wp\/v2\/media\/26036"}],"wp:attachment":[{"href":"https:\/\/awf.world\/fr\/wp-json\/wp\/v2\/media?parent=25733"}],"wp:term":[{"taxonomy":"category","embeddable":true,"href":"https:\/\/awf.world\/fr\/wp-json\/wp\/v2\/categories?post=25733"},{"taxonomy":"post_tag","embeddable":true,"href":"https:\/\/awf.world\/fr\/wp-json\/wp\/v2\/tags?post=25733"}],"curies":[{"name":"wp","href":"https:\/\/api.w.org\/{rel}","templated":true}]}}