{"id":25672,"date":"2020-11-09T12:45:24","date_gmt":"2020-11-09T17:45:24","guid":{"rendered":"http:\/\/awf.world\/awf-news\/missions-notre-defi-constant\/"},"modified":"2020-11-13T12:45:24","modified_gmt":"2020-11-13T17:45:24","slug":"missions-notre-defi-constant","status":"publish","type":"awf-news","link":"https:\/\/awf.world\/fr\/awf-news\/missions-notre-defi-constant\/","title":{"rendered":"Missions : Notre D\u00e9fi Constant"},"content":{"rendered":"<h3 style=\"text-align: justify;\">L\u2019Alliance en Am\u00e9rique latine construit sa vision missionnaire en mettant en \u0153uvre de nouvelles fa\u00e7ons de remplir efficacement la Grande Commission dans les zones urbaines et dans les projets interculturels. La Mise \u00e0 Jour Minist\u00e9rielle de l\u2019Alliance en Am\u00e9rique latine en novembre 2020 mettra l\u2019accent sur les missions.<\/h3>\n<p>La mission chr\u00e9tienne continue jusqu\u2019au retour de notre Seigneur J\u00e9sus-Christ. Jusqu\u2019\u00e0 ce que cela se produise, l\u2019\u00c9glise r\u00e9fl\u00e9chit et r\u00e9agit aux changements de la soi-disant \u00ab nouvelle normalit\u00e9 \u00bb, r\u00e9pondant avec de nouvelles formes, ressources et strat\u00e9gies, en maintenant son essence de service fid\u00e8le en Christ.<\/p>\n<p>Comment d\u00e9finir et faire des missions dans les ann\u00e9es \u00e0 venir ? Plusieurs sp\u00e9cialistes latino-am\u00e9ricains partageront leur vision du futur. Ils parleront de ce que leurs minist\u00e8res sont d\u00e9j\u00e0 en train de cr\u00e9er ou d\u2019ex\u00e9cuter dans des domaines tels que la formation missionnaire, la transformation des missions traditionnelles, l\u2019entreprise comme mission et les actions de secours et de mis\u00e9ricorde.<\/p>\n<p>En outre, le R\u00e9v\u00e9rend Jura Yanagihara, pr\u00e9sident de l\u2019UMA, et le R\u00e9v\u00e9rend David Muthre, Pr\u00e9sident de CLA, feront des pr\u00e9sentations qui aideront \u00e0 diriger les projets missionnaires de la r\u00e9gion pour les ann\u00e9es \u00e0 venir. Nous voulons inspirer la vocation de plus d\u2019hommes et de femmes appel\u00e9s au service missionnaire.<\/p>\n<p>Voici les sujets des quatre webinaires :<\/p>\n<ul>\n<li>Formation des Nouveaux Missionnaires : 16 novembre<\/li>\n<li>Missions dans le Cadre du Nouvel Appel Normal : 19 novembre<\/li>\n<li>Secours et Mis\u00e9ricorde : 23 novembre<\/li>\n<\/ul>\n<ul>\n<li>L\u2019Entreprise Comme Mission : 26 novembre<\/li>\n<\/ul>\n<p>Depuis l\u2019Am\u00e9rique latine, la cr\u00e9ativit\u00e9 et la collaboration entre les minist\u00e8res et les institutions portent leurs fruits pour que les missions continuent d\u2019avancer. Parall\u00e8lement \u00e0 cela, nous avons maintenant des centaines de professionnels issus de domaines autres que th\u00e9ologiques ou pastoraux. Ils apportent leurs connaissances \u00e0 diff\u00e9rents projets auxquels ils s\u2019engagent volontairement \u00e0 \u00eatre au service de l\u2019\u0153uvre de Dieu dans le monde.<\/p>\n<p>Pour plus d\u2019informations et pour vous inscrire \u00e0 la Mise \u00e0 Jour Minist\u00e9rielle, <a href=\"https:\/\/fatela.org\/actualizacion-ministerial-2020\/\" target=\"_blank\" rel=\"noopener\">cliquez ici<\/a>\u00a0ou suivez-nous \u00e0 travers les sessions qui seront diffus\u00e9es sur Facebook Live de l\u2019UMA et de FATELA.<\/p>\n<p>Enfin, l\u2019Alliance sur le continent aura ajout\u00e9 quatre mois de mise \u00e0 jour minist\u00e9rielle, renouvelant la vision et renfor\u00e7ant les vocations, en utilisant les ressources technologiques pour ce faire. \u00c0 l\u2019issue de cette p\u00e9riode, les webinaires auront atteint plus de 57 000 vues sur les diff\u00e9rents canaux. Nous prions pour que le dessein de Dieu se r\u00e9alise au milieu de notre famille de l\u2019Alliance.<\/p>\n<p>Les enregistrements du webinaire sont disponibles sur la\u00a0<a href=\"https:\/\/www.youtube.com\/playlist?list=PLFalPEZcHhkvcYLbtRrLgWDaIkvb_M7GQ\" target=\"_blank\" rel=\"noopener\">cha\u00eene YouTube\u00a0de l\u2019UMA<\/a><\/p>\n","protected":false},"author":24,"featured_media":25669,"template":"","meta":{"inline_featured_image":false,"ngg_post_thumbnail":0,"_EventAllDay":false,"_EventTimezone":"","_EventStartDate":"","_EventEndDate":"","_EventStartDateUTC":"","_EventEndDateUTC":"","_EventShowMap":false,"_EventShowMapLink":false,"_EventURL":"","_EventCost":"","_EventCostDescription":"","_EventCurrencySymbol":"","_EventCurrencyCode":"","_EventCurrencyPosition":"","_EventDateTimeSeparator":"","_EventTimeRangeSeparator":"","_EventOrganizerID":[],"_EventVenueID":[],"_OrganizerEmail":"","_OrganizerPhone":"","_OrganizerWebsite":"","_VenueAddress":"","_VenueCity":"","_VenueCountry":"","_VenueProvince":"","_VenueState":"","_VenueZip":"","_VenuePhone":"","_VenueURL":"","_VenueStateProvince":"","_VenueLat":"","_VenueLng":"","_VenueShowMap":false,"_VenueShowMapLink":false},"categories":[152,33],"tags":[208,228],"class_list":["post-25672","awf-news","type-awf-news","status-publish","has-post-thumbnail","hentry","category-latin-america-fr","category-news-fr","tag-amerique-latine","tag-cla-fr"],"_links":{"self":[{"href":"https:\/\/awf.world\/fr\/wp-json\/wp\/v2\/awf-news\/25672","targetHints":{"allow":["GET"]}}],"collection":[{"href":"https:\/\/awf.world\/fr\/wp-json\/wp\/v2\/awf-news"}],"about":[{"href":"https:\/\/awf.world\/fr\/wp-json\/wp\/v2\/types\/awf-news"}],"author":[{"embeddable":true,"href":"https:\/\/awf.world\/fr\/wp-json\/wp\/v2\/users\/24"}],"wp:featuredmedia":[{"embeddable":true,"href":"https:\/\/awf.world\/fr\/wp-json\/wp\/v2\/media\/25669"}],"wp:attachment":[{"href":"https:\/\/awf.world\/fr\/wp-json\/wp\/v2\/media?parent=25672"}],"wp:term":[{"taxonomy":"category","embeddable":true,"href":"https:\/\/awf.world\/fr\/wp-json\/wp\/v2\/categories?post=25672"},{"taxonomy":"post_tag","embeddable":true,"href":"https:\/\/awf.world\/fr\/wp-json\/wp\/v2\/tags?post=25672"}],"curies":[{"name":"wp","href":"https:\/\/api.w.org\/{rel}","templated":true}]}}