{"id":25598,"date":"2020-10-13T06:00:27","date_gmt":"2020-10-13T11:00:27","guid":{"rendered":"http:\/\/awf.world\/awf-news\/amada-lunion-du-ministere-des-femmes-de-lalliance-latino-americaine-sera-au-centre-de-la-troisieme-partie-de-la-mise-a-jour-ministerielle\/"},"modified":"2020-10-20T12:28:55","modified_gmt":"2020-10-20T17:28:55","slug":"amada-lunion-du-ministere-des-femmes-de-lalliance-latino-americaine-sera-au-centre-de-la-troisieme-partie-de-la-mise-a-jour-ministerielle","status":"publish","type":"awf-news","link":"https:\/\/awf.world\/fr\/awf-news\/amada-lunion-du-ministere-des-femmes-de-lalliance-latino-americaine-sera-au-centre-de-la-troisieme-partie-de-la-mise-a-jour-ministerielle\/","title":{"rendered":"AMADA, l\u2019Union du Minist\u00e8re des Femmes de l\u2019Alliance latino-am\u00e9ricaine, sera au centre de la troisi\u00e8me partie de la Mise \u00e0 Jour Minist\u00e9rielle en Octobre 2020"},"content":{"rendered":"<h3 style=\"text-align: justify;\">Les femmes de l\u2019Alliance Chr\u00e9tienne et Missionnaire d\u2019Am\u00e9rique latine organiseront des conf\u00e9rences en octobre 2020 consacr\u00e9es au minist\u00e8re, \u00e0 la vie et au d\u00e9veloppement des femmes chr\u00e9tiennes. Les hommes et les femmes sont invit\u00e9s \u00e0 participer \u00e0 la troisi\u00e8me partie de la mise \u00e0 jour minist\u00e9rielle organis\u00e9e par la CLA, l\u2019UMA et FATELA.<\/h3>\n<p>Le Minist\u00e8re Latino-am\u00e9ricain des Femmes de l\u2019Alliance (\u00a0<a href=\"https:\/\/awf.world\/fr\/awf-news\/congres-des-femmes-amada-4-en-equateur\/\" target=\"_blank\" rel=\"noopener\">AMADA<\/a> ) rassemble chaque ann\u00e9e des centaines de femmes du continent, qui sont des \u00e9pouses de pasteurs, des chefs de minist\u00e8re, des influenceuses, des professionnelles, des m\u00e8res, en g\u00e9n\u00e9ral, toutes chr\u00e9tiennes, qui partagent leurs exp\u00e9riences et des conseils pour le d\u00e9veloppement des femmes et du minist\u00e8re.<\/p>\n<p>\u00c0 partir du 19 octobre 2020, ce minist\u00e8re AMADA organisera trois webinaires avec des invit\u00e9s sp\u00e9ciaux pour aborder les sujets suivants :<\/p>\n<ul>\n<li>Le Travail Spirituel et \u00c9motionnel des Femmes : lundi 19 octobre.<\/li>\n<li>Le R\u00f4le des Femmes dans l\u2019Espace \u00c9conomique et \u00e0 Travers son Entrepreneuriat : jeudi 22 octobre.<\/li>\n<li>Le R\u00f4le des Femmes dans leur Contribution \u00e0 la Soci\u00e9t\u00e9 : lundi 26 octobre.<\/li>\n<\/ul>\n<p>Pour plus d\u2019informations et pour vous inscrire \u00e0 la Mise \u00e0 Jour Minist\u00e9rielle,\u00a0<a href=\"https:\/\/fatela.org\/actualizacion-ministerial-2020\/\" target=\"_blank\" rel=\"noopener\">cliquez ici<\/a>.<\/p>\n<p>Pour ceux qui ont manqu\u00e9 un Webinaire ou qui souhaitent se souvenir de l\u2019un des sujets, toutes les vid\u00e9os de Mise \u00e0 Jour Minist\u00e9rielle sont disponibles sur la\u00a0<a href=\"https:\/\/www.youtube.com\/playlist?list=PLFalPEZcHhkvcYLbtRrLgWDaIkvb_M7GQ\" target=\"_blank\" rel=\"noopener\">cha\u00eene YouTube de l\u2019UMA<\/a>.<\/p>\n","protected":false},"author":24,"featured_media":25592,"template":"","meta":{"inline_featured_image":false,"ngg_post_thumbnail":0,"_EventAllDay":false,"_EventTimezone":"","_EventStartDate":"","_EventEndDate":"","_EventStartDateUTC":"","_EventEndDateUTC":"","_EventShowMap":false,"_EventShowMapLink":false,"_EventURL":"","_EventCost":"","_EventCostDescription":"","_EventCurrencySymbol":"","_EventCurrencyCode":"","_EventCurrencyPosition":"","_EventDateTimeSeparator":"","_EventTimeRangeSeparator":"","_EventOrganizerID":[],"_EventVenueID":[],"_OrganizerEmail":"","_OrganizerPhone":"","_OrganizerWebsite":"","_VenueAddress":"","_VenueCity":"","_VenueCountry":"","_VenueProvince":"","_VenueState":"","_VenueZip":"","_VenuePhone":"","_VenueURL":"","_VenueStateProvince":"","_VenueLat":"","_VenueLng":"","_VenueShowMap":false,"_VenueShowMapLink":false},"categories":[152,929,33],"tags":[208,228],"class_list":["post-25598","awf-news","type-awf-news","status-publish","has-post-thumbnail","hentry","category-latin-america-fr","category-ministeres-de-la-femme","category-news-fr","tag-amerique-latine","tag-cla-fr"],"_links":{"self":[{"href":"https:\/\/awf.world\/fr\/wp-json\/wp\/v2\/awf-news\/25598","targetHints":{"allow":["GET"]}}],"collection":[{"href":"https:\/\/awf.world\/fr\/wp-json\/wp\/v2\/awf-news"}],"about":[{"href":"https:\/\/awf.world\/fr\/wp-json\/wp\/v2\/types\/awf-news"}],"author":[{"embeddable":true,"href":"https:\/\/awf.world\/fr\/wp-json\/wp\/v2\/users\/24"}],"wp:featuredmedia":[{"embeddable":true,"href":"https:\/\/awf.world\/fr\/wp-json\/wp\/v2\/media\/25592"}],"wp:attachment":[{"href":"https:\/\/awf.world\/fr\/wp-json\/wp\/v2\/media?parent=25598"}],"wp:term":[{"taxonomy":"category","embeddable":true,"href":"https:\/\/awf.world\/fr\/wp-json\/wp\/v2\/categories?post=25598"},{"taxonomy":"post_tag","embeddable":true,"href":"https:\/\/awf.world\/fr\/wp-json\/wp\/v2\/tags?post=25598"}],"curies":[{"name":"wp","href":"https:\/\/api.w.org\/{rel}","templated":true}]}}