{"id":25589,"date":"2020-10-16T13:58:55","date_gmt":"2020-10-16T18:58:55","guid":{"rendered":"http:\/\/awf.world\/awf-news\/connaissez-liusbel-utrera-morgado-le-nouveau-president-de-leglise-cma-de-cuba\/"},"modified":"2020-10-16T13:58:55","modified_gmt":"2020-10-16T18:58:55","slug":"connaissez-liusbel-utrera-morgado-le-nouveau-president-de-leglise-cma-de-cuba","status":"publish","type":"awf-news","link":"https:\/\/awf.world\/fr\/awf-news\/connaissez-liusbel-utrera-morgado-le-nouveau-president-de-leglise-cma-de-cuba\/","title":{"rendered":"Connaissez Liusbel Utrera Morgado, le Nouveau Pr\u00e9sident de l\u2019\u00c9glise CMA de Cuba"},"content":{"rendered":"<h3 style=\"text-align: justify;\">Le R\u00e9v\u00e9rend Liusbel Utrera Morgado a ouvert son c\u0153ur \u00e0 J\u00e9sus il y a 15 ans. Son minist\u00e8re a toujours \u00e9t\u00e9 pastoral et il a travaill\u00e9 dans des r\u00f4les de leadership de l\u2019\u00e9glise locale au bureau national. En tant que nouveau pr\u00e9sident de l\u2019\u00c9glise CMA de Cuba, le Seigneur lui a donn\u00e9 une vision pour une \u00e9glise saine et en croissance qui vise \u00e0 remplir la Grande Commission.<\/h3>\n<p>N\u00e9 en 1985, le R\u00e9v\u00e9rend Liusbel Utrera Morgado a grandi \u00e0 Arroyo Blanco, \u00e0 Cuba. Ses parents sont Humberto et Blanca Rosa et il a deux fr\u00e8res et deux s\u0153urs. Il a \u00e9pous\u00e9 Saddy G\u00f3mez Quincoses le 18 mars 2005 et ensemble ils ont trois filles : Betsab\u00e9, 12 ans ; Elisabet, 8 ans ; et Abiga\u00efl, 1.<\/p>\n<p>Le pasteur Liusbel vient d\u2019un milieu d\u2019idol\u00e2trie et de sorcellerie, mais il est venu au Seigneur en 2005, gr\u00e2ce au travail de la CMA de Cuba. Il traversait une p\u00e9riode tr\u00e8s difficile : \u00e0 cause d\u2019une maladie, il avait cherch\u00e9 la gu\u00e9rison par la sorcellerie sans r\u00e9sultat. Dieu l\u2019a miraculeusement gu\u00e9ri par ses beaux-parents, qui \u00e9taient tous deux pasteurs \u00e0 l\u2019\u00e9poque. Apr\u00e8s cela, il a donn\u00e9 sa vie \u00e0 J\u00e9sus. Il a maintenant une licence en enseignement primaire et une autre en \u00e9tudes th\u00e9ologiques.<\/p>\n<p>Le pasteur Liusbel a commenc\u00e9 son minist\u00e8re dans la ville m\u00eame o\u00f9 sa femme et lui ont v\u00e9cu et grandi. C\u2019est l\u00e0 qu\u2019ils ont re\u00e7u l\u2019appel de Dieu et ont commenc\u00e9 \u00e0 implanter une \u00e9glise. Ils ont quitt\u00e9 l\u2019\u00e9glise avec 60 membres baptis\u00e9s et jusqu\u2019\u00e0 100 personnes assistant aux offices. Son minist\u00e8re allait du pasteur local \u00e0 tous les niveaux de direction jusqu\u2019au bureau national en tant que vice-pr\u00e9sident. Il a \u00e9t\u00e9 \u00e9lu pr\u00e9sident national en novembre 2019 et son mandat durera jusqu\u2019en juin 2022.<\/p>\n<p>Dieu a donn\u00e9 au pasteur Liusbel une vision pour un mouvement eccl\u00e9sial sain et multipliant \u00e0 Cuba. \u00ab Nous voulons que chaque pasteur grandisse sainement pour guider et diriger une \u00e9glise en bonne sant\u00e9 de l\u2019adh\u00e9sion, de la formation au leadership, financi\u00e8rement, pour se multiplier dans d\u2019autres \u00e9glises bas\u00e9es sur la Grande Commission \u00bb, dit-il.<\/p>\n<p>Le pasteur Liusbel nous demande de prier pour sa famille. Il a \u00e9t\u00e9 particuli\u00e8rement difficile pour sa femme de le voir impliqu\u00e9 dans tant de questions complexes au milieu de la pand\u00e9mie COVID-19. Il nous demande \u00e9galement de prier pour que Dieu continue d\u2019affirmer le minist\u00e8re auquel Il l\u2019a appel\u00e9. Il nous demande \u00e9galement de prier pour que chaque \u00e9glise refl\u00e8te le Christ et que Dieu fortifie, fournisse et apporte l\u2019unit\u00e9 pour chaque pasteur et minist\u00e8re.<\/p>\n","protected":false},"author":24,"featured_media":25586,"template":"","meta":{"inline_featured_image":false,"ngg_post_thumbnail":0,"_EventAllDay":false,"_EventTimezone":"","_EventStartDate":"","_EventEndDate":"","_EventStartDateUTC":"","_EventEndDateUTC":"","_EventShowMap":false,"_EventShowMapLink":false,"_EventURL":"","_EventCost":"","_EventCostDescription":"","_EventCurrencySymbol":"","_EventCurrencyCode":"","_EventCurrencyPosition":"","_EventDateTimeSeparator":"","_EventTimeRangeSeparator":"","_EventOrganizerID":[],"_EventVenueID":[],"_OrganizerEmail":"","_OrganizerPhone":"","_OrganizerWebsite":"","_VenueAddress":"","_VenueCity":"","_VenueCountry":"","_VenueProvince":"","_VenueState":"","_VenueZip":"","_VenuePhone":"","_VenueURL":"","_VenueStateProvince":"","_VenueLat":"","_VenueLng":"","_VenueShowMap":false,"_VenueShowMapLink":false},"categories":[152,33],"tags":[208,228,252],"class_list":["post-25589","awf-news","type-awf-news","status-publish","has-post-thumbnail","hentry","category-latin-america-fr","category-news-fr","tag-amerique-latine","tag-cla-fr","tag-cuba-fr"],"_links":{"self":[{"href":"https:\/\/awf.world\/fr\/wp-json\/wp\/v2\/awf-news\/25589","targetHints":{"allow":["GET"]}}],"collection":[{"href":"https:\/\/awf.world\/fr\/wp-json\/wp\/v2\/awf-news"}],"about":[{"href":"https:\/\/awf.world\/fr\/wp-json\/wp\/v2\/types\/awf-news"}],"author":[{"embeddable":true,"href":"https:\/\/awf.world\/fr\/wp-json\/wp\/v2\/users\/24"}],"wp:featuredmedia":[{"embeddable":true,"href":"https:\/\/awf.world\/fr\/wp-json\/wp\/v2\/media\/25586"}],"wp:attachment":[{"href":"https:\/\/awf.world\/fr\/wp-json\/wp\/v2\/media?parent=25589"}],"wp:term":[{"taxonomy":"category","embeddable":true,"href":"https:\/\/awf.world\/fr\/wp-json\/wp\/v2\/categories?post=25589"},{"taxonomy":"post_tag","embeddable":true,"href":"https:\/\/awf.world\/fr\/wp-json\/wp\/v2\/tags?post=25589"}],"curies":[{"name":"wp","href":"https:\/\/api.w.org\/{rel}","templated":true}]}}