{"id":25320,"date":"2020-08-24T09:00:00","date_gmt":"2020-08-24T14:00:00","guid":{"rendered":"http:\/\/awf.world\/awf-news\/preparer-les-pasteurs-damerique-latine-au-ministere-en-ces-temps-nouveaux\/"},"modified":"2020-08-24T09:00:00","modified_gmt":"2020-08-24T14:00:00","slug":"preparer-les-pasteurs-damerique-latine-au-ministere-en-ces-temps-nouveaux","status":"publish","type":"awf-news","link":"https:\/\/awf.world\/fr\/awf-news\/preparer-les-pasteurs-damerique-latine-au-ministere-en-ces-temps-nouveaux\/","title":{"rendered":"Pr\u00e9parer les Pasteurs d\u2019Am\u00e9rique Latine au Minist\u00e8re en ces Temps Nouveaux"},"content":{"rendered":"<h3 style=\"text-align: justify;\">La R\u00e9gion d\u2019Am\u00e9rique Latine de l\u2019UMA organise des webinaires pour informer ses pr\u00e9sidents, missionnaires, pasteurs et dirigeants ex\u00e9cutifs du continent de la r\u00e9ponse globale de l\u2019UMA au COVID-19. Les webinaires sont le r\u00e9sultat de r\u00e9unions tenues avec les pr\u00e9sidents nationaux au cours du premier semestre 2020.<\/h3>\n<p>Ces s\u00e9minaires virtuels ont pour but d\u2019encourager et de mobiliser les pr\u00e9sidents et pasteurs nationaux pour coordonner les efforts dans leurs pays, partager les id\u00e9es du minist\u00e8re et apprendre des exp\u00e9riences de la famille de l\u2019Alliance face aux changements dans ce monde COVID-19.<\/p>\n<p>Plus de 45 orateurs, y compris des pr\u00e9sidents de d\u00e9nomination, des directeurs de minist\u00e8res forts, des pasteurs d\u2019\u00e9glise, des \u00e9rudits et des missionnaires, tous sp\u00e9cialistes dans diff\u00e9rents domaines du travail de l\u2019\u00e9glise, aborderont les questions de pastorale, d\u2019\u00e9glise et de mission.<\/p>\n<p>Seize sessions ont lieu entre ao\u00fbt et novembre avec les th\u00e8mes principaux suivants :<\/p>\n<ul>\n<li>Le Minist\u00e8re de l\u2019\u00c9glise dans les Temps Virtuels<\/li>\n<li>Pasteurs et Leaders \u00c9mergents<\/li>\n<li>Minist\u00e8re des Femmes A.M.A.D.A.<\/li>\n<li>Missions : Notre D\u00e9fi Constant<\/li>\n<\/ul>\n<p>Les premi\u00e8res sessions du mois d\u2019ao\u00fbt se sont concentr\u00e9es sur la mani\u00e8re dont la transformation a affect\u00e9 l\u2019\u00e9glise en termes de changement de forme, de contrainte de quitter les b\u00e2timents de l\u2019\u00e9glise et de chercher avec z\u00e8le \u00e0 maintenir l\u2019essence de l\u2019\u00c9vangile dans ses sacrements, ses minist\u00e8res et ses formes de communication et \u00e9ducation. \u00c9galement discut\u00e9 : quelles sont les attentes pour le retour \u00e0 une nouvelle normalit\u00e9.<\/p>\n<p>Lors de la premi\u00e8re session, plus de 6 300 visites ont \u00e9t\u00e9 enregistr\u00e9es via Zoom et Facebook Live.<\/p>\n<p>Au cours du mois de septembre, les orateurs seront des leaders \u00e9mergents des \u00e9glises de premier plan de la r\u00e9gion. Ils parleront de la mani\u00e8re de fa\u00e7onner l\u2019\u00e9glise dans un proche avenir et de ce que sont les r\u00e9ponses bibliques, minist\u00e9rielles et personnelles du leadership pour construire des minist\u00e8res efficaces et sains en ces temps sans pr\u00e9c\u00e9dent.<\/p>\n<p>Les participants recevront un certificat de \u00ab Mise \u00e0 jour Minist\u00e9rielle \u00bb d\u00e9cern\u00e9 conjointement par l\u2019Union Mondiale de l\u2019Alliance (UMA), l\u2019Union Latino-am\u00e9ricaine (CLA) et la Facult\u00e9 de Th\u00e9ologie Latino-am\u00e9ricaine (FATELA).<\/p>\n<p>Plus d\u2019informations et l\u2019inscription sont disponibles sur <a href=\"https:\/\/fatela.org\/actualizacion-ministerial-2020\/\" target=\"_blank\" rel=\"noopener\">https:\/\/fatela.org\/actualizacion-ministerial-2020\/<\/a><a href=\"https:\/\/fatela.org\/actualizacion-ministerial-2020\/\">.<\/a><\/p>\n","protected":false},"author":24,"featured_media":25322,"template":"","meta":{"inline_featured_image":false,"ngg_post_thumbnail":0,"_EventAllDay":false,"_EventTimezone":"","_EventStartDate":"","_EventEndDate":"","_EventStartDateUTC":"","_EventEndDateUTC":"","_EventShowMap":false,"_EventShowMapLink":false,"_EventURL":"","_EventCost":"","_EventCostDescription":"","_EventCurrencySymbol":"","_EventCurrencyCode":"","_EventCurrencyPosition":"","_EventDateTimeSeparator":"","_EventTimeRangeSeparator":"","_EventOrganizerID":[],"_EventVenueID":[],"_OrganizerEmail":"","_OrganizerPhone":"","_OrganizerWebsite":"","_VenueAddress":"","_VenueCity":"","_VenueCountry":"","_VenueProvince":"","_VenueState":"","_VenueZip":"","_VenuePhone":"","_VenueURL":"","_VenueStateProvince":"","_VenueLat":"","_VenueLng":"","_VenueShowMap":false,"_VenueShowMapLink":false},"categories":[152,33],"tags":[208,228],"class_list":["post-25320","awf-news","type-awf-news","status-publish","has-post-thumbnail","hentry","category-latin-america-fr","category-news-fr","tag-amerique-latine","tag-cla-fr"],"_links":{"self":[{"href":"https:\/\/awf.world\/fr\/wp-json\/wp\/v2\/awf-news\/25320","targetHints":{"allow":["GET"]}}],"collection":[{"href":"https:\/\/awf.world\/fr\/wp-json\/wp\/v2\/awf-news"}],"about":[{"href":"https:\/\/awf.world\/fr\/wp-json\/wp\/v2\/types\/awf-news"}],"author":[{"embeddable":true,"href":"https:\/\/awf.world\/fr\/wp-json\/wp\/v2\/users\/24"}],"wp:featuredmedia":[{"embeddable":true,"href":"https:\/\/awf.world\/fr\/wp-json\/wp\/v2\/media\/25322"}],"wp:attachment":[{"href":"https:\/\/awf.world\/fr\/wp-json\/wp\/v2\/media?parent=25320"}],"wp:term":[{"taxonomy":"category","embeddable":true,"href":"https:\/\/awf.world\/fr\/wp-json\/wp\/v2\/categories?post=25320"},{"taxonomy":"post_tag","embeddable":true,"href":"https:\/\/awf.world\/fr\/wp-json\/wp\/v2\/tags?post=25320"}],"curies":[{"name":"wp","href":"https:\/\/api.w.org\/{rel}","templated":true}]}}