{"id":25319,"date":"2020-08-24T13:34:28","date_gmt":"2020-08-24T18:34:28","guid":{"rendered":"http:\/\/awf.world\/awf-news\/la-reconstruction-de-la-cma-de-beyrouth\/"},"modified":"2020-08-24T13:34:28","modified_gmt":"2020-08-24T18:34:28","slug":"la-reconstruction-de-la-cma-de-beyrouth","status":"publish","type":"awf-news","link":"https:\/\/awf.world\/fr\/awf-news\/la-reconstruction-de-la-cma-de-beyrouth\/","title":{"rendered":"La Reconstruction de la CMA de Beyrouth"},"content":{"rendered":"<p style=\"text-align: justify;\"><strong>\u00ab Penser que tous ces d\u00e9g\u00e2ts se sont produits en une seconde, mais qu\u2019il faut environ un an pour les r\u00e9parer, c\u2019est \u00e9poustouflant ! \u00bb dit le Dr Milad Dagher, pasteur de l\u2019Alliance au Liban. L\u2019explosion qui s\u2019est produite \u00e0 Beyrouth le 4 ao\u00fbt de cette ann\u00e9e a endommag\u00e9 plusieurs b\u00e2timents, dont l\u2019Institut de Th\u00e9ologie de l\u2019Alliance Chr\u00e9tienne (CAIT), des \u00e9glises, des minist\u00e8res et des bureaux. Prions et trouvons des moyens d\u2019aider nos fr\u00e8res et s\u0153urs \u00e0 se reconstruire. Veuillez <a href=\"http:\/\/awf.world\/fr\/donner\/\" target=\"_blank\" rel=\"noopener\">cliquer ici<\/a>\u00a0pour faire un don \u00e0 l\u2019Aide au Liban.<\/strong><\/p>\n<p><img loading=\"lazy\" decoding=\"async\" class=\"alignleft size-medium wp-image-25296\" src=\"http:\/\/awf.world\/wp-content\/uploads\/2020\/08\/Beirut-Lebanon_Explosion_2020-08-043-300x225.jpg\" alt=\"\" width=\"300\" height=\"225\" srcset=\"https:\/\/awf.world\/wp-content\/uploads\/2020\/08\/Beirut-Lebanon_Explosion_2020-08-043-300x225.jpg 300w, https:\/\/awf.world\/wp-content\/uploads\/2020\/08\/Beirut-Lebanon_Explosion_2020-08-043-768x576.jpg 768w, https:\/\/awf.world\/wp-content\/uploads\/2020\/08\/Beirut-Lebanon_Explosion_2020-08-043-1024x768.jpg 1024w, https:\/\/awf.world\/wp-content\/uploads\/2020\/08\/Beirut-Lebanon_Explosion_2020-08-043.jpg 1500w\" sizes=\"auto, (max-width: 300px) 100vw, 300px\" \/><\/p>\n<p>Le 4 ao\u00fbt dernier, deux explosions dans le port de Beyrouth ont laiss\u00e9 la ville en ruines. Beaucoup ont perdu leurs proches, leur maison et leur emploi. Notre famille de l\u2019Alliance a \u00e9galement \u00e9t\u00e9 tr\u00e8s affect\u00e9e : le b\u00e2timent de l\u2019Institut Chr\u00e9tien de Th\u00e9ologie de l\u2019Alliance (CAIT) a subi d\u2019importants d\u00e9g\u00e2ts. Plusieurs installations, bureaux et salles du minist\u00e8re de l\u2019\u00e9glise devront subir de longues r\u00e9parations.<\/p>\n<p>Le b\u00e2timent du CAIT a subi de nombreux dommages aux encadrements de fen\u00eatres, aux portes int\u00e9rieures, aux cloisons s\u00e8ches et aux plafonds suspendus, y compris les luminaires et le c\u00e2blage.La structure est instable et inutilisable jusqu\u2019\u00e0 ce que les r\u00e9parations soient termin\u00e9es. Les logements \u00e9tudiants ont \u00e9galement \u00e9t\u00e9 fortement touch\u00e9s, mais les probl\u00e8mes sont diff\u00e9rents selon les lieux. Malheureusement, cela signifie que la plupart des \u00e9tudiants ont d\u00fb \u00eatre transf\u00e9r\u00e9s \u00e0 l\u2019\u00e9glise de l\u2019Alliance de Haret El-Bellaneh.<\/p>\n<p><img loading=\"lazy\" decoding=\"async\" class=\"alignright size-medium wp-image-25223\" src=\"http:\/\/awf.world\/wp-content\/uploads\/2020\/08\/Beirut-Lebanon_Explosion_2020-08-041-300x225.jpg\" alt=\"\" width=\"300\" height=\"225\" srcset=\"https:\/\/awf.world\/wp-content\/uploads\/2020\/08\/Beirut-Lebanon_Explosion_2020-08-041-300x225.jpg 300w, https:\/\/awf.world\/wp-content\/uploads\/2020\/08\/Beirut-Lebanon_Explosion_2020-08-041-768x576.jpg 768w, https:\/\/awf.world\/wp-content\/uploads\/2020\/08\/Beirut-Lebanon_Explosion_2020-08-041.jpg 960w\" sizes=\"auto, (max-width: 300px) 100vw, 300px\" \/><\/p>\n<p>Les b\u00e2timents et toutes leurs installations (salles de l\u2019\u00e9cole du dimanche, bureaux, centre des jeunes et presbyt\u00e8re) de l\u2019\u00e9glise de l\u2019Alliance \u00e0 Karantina ont \u00e9galement \u00e9t\u00e9 gravement endommag\u00e9s. La plupart des cadres de fen\u00eatres et du verre en aluminium, des plafonds suspendus, des cloisons s\u00e8ches et du c\u00e2blage \u00e9lectrique doivent \u00eatre remplac\u00e9s. Les bardeaux rouges du toit ont \u00e9t\u00e9 pour la plupart d\u00e9truits dans les 7 b\u00e2timents. \u00c0 certains endroits, les poutres en acier de la structure en treillis ont subi une d\u00e9flexion qui doit \u00eatre r\u00e9par\u00e9e.<\/p>\n<p>Deux ing\u00e9nieurs ont envoy\u00e9 leurs rapports de tous les d\u00e9g\u00e2ts survenus. Leur total estim\u00e9, qui comprend une marge d\u2019erreur de 10 %, est sup\u00e9rieur \u00e0 300 000 USD. Il faudra environ un an pour effectuer toutes les r\u00e9parations.<\/p>\n<p>Le Dr Milad Dagher, le chef de l\u2019Alliance Chr\u00e9tienne et Missionnaire au Liban, a exprim\u00e9 ses r\u00e9flexions : \u00ab Penser que tous ces d\u00e9g\u00e2ts se sont produits en une seconde, mais qu\u2019il faut environ un an pour les r\u00e9parer, c\u2019est \u00e9poustouflant. En plus de tout cela, les d\u00e9g\u00e2ts dans la ville et les maisons des gens rendent la t\u00e2che de reconstruction intimidante. Cependant, nous croyons que Dieu nous a plac\u00e9s \u00e0 Beyrouth pour une raison, et c\u2019est pour glorifier Dieu et faire conna\u00eetre le Christ aux plus d\u00e9munis. la ville et les gens. \u00bb<\/p>\n<p>L\u2019UMA est en \u00e9troite communication avec les dirigeants de l\u2019Alliance du Liban et re\u00e7oit des dons au nom de l\u2019\u00c9glise de l\u2019Alliance \u00e0 Karantina et du CAIT. Veuillez <a href=\"http:\/\/awf.world\/fr\/donner\/\" target=\"_blank\" rel=\"noopener\">cliquer ici<\/a>\u00a0pour faire un don \u00e0 l\u2019Aide au Liban.<\/p>\n<p>Unissons-nous tous en famille pour prier pour nos fr\u00e8res et s\u0153urs. Nous prions pour qu\u2019\u00e0 travers cette terrible trag\u00e9die, la lumi\u00e8re de Dieu atteigne de nombreuses vies.<\/p>\n","protected":false},"author":24,"featured_media":25300,"template":"","meta":{"inline_featured_image":false,"ngg_post_thumbnail":0,"_EventAllDay":false,"_EventTimezone":"","_EventStartDate":"","_EventEndDate":"","_EventStartDateUTC":"","_EventEndDateUTC":"","_EventShowMap":false,"_EventShowMapLink":false,"_EventURL":"","_EventCost":"","_EventCostDescription":"","_EventCurrencySymbol":"","_EventCurrencyCode":"","_EventCurrencyPosition":"","_EventDateTimeSeparator":"","_EventTimeRangeSeparator":"","_EventOrganizerID":[],"_EventVenueID":[],"_OrganizerEmail":"","_OrganizerPhone":"","_OrganizerWebsite":"","_VenueAddress":"","_VenueCity":"","_VenueCountry":"","_VenueProvince":"","_VenueState":"","_VenueZip":"","_VenuePhone":"","_VenueURL":"","_VenueStateProvince":"","_VenueLat":"","_VenueLng":"","_VenueShowMap":false,"_VenueShowMapLink":false},"categories":[145,33],"tags":[200,694],"class_list":["post-25319","awf-news","type-awf-news","status-publish","has-post-thumbnail","hentry","category-europe-middle-east","category-news-fr","tag-emerald-fr","tag-liban"],"_links":{"self":[{"href":"https:\/\/awf.world\/fr\/wp-json\/wp\/v2\/awf-news\/25319","targetHints":{"allow":["GET"]}}],"collection":[{"href":"https:\/\/awf.world\/fr\/wp-json\/wp\/v2\/awf-news"}],"about":[{"href":"https:\/\/awf.world\/fr\/wp-json\/wp\/v2\/types\/awf-news"}],"author":[{"embeddable":true,"href":"https:\/\/awf.world\/fr\/wp-json\/wp\/v2\/users\/24"}],"wp:featuredmedia":[{"embeddable":true,"href":"https:\/\/awf.world\/fr\/wp-json\/wp\/v2\/media\/25300"}],"wp:attachment":[{"href":"https:\/\/awf.world\/fr\/wp-json\/wp\/v2\/media?parent=25319"}],"wp:term":[{"taxonomy":"category","embeddable":true,"href":"https:\/\/awf.world\/fr\/wp-json\/wp\/v2\/categories?post=25319"},{"taxonomy":"post_tag","embeddable":true,"href":"https:\/\/awf.world\/fr\/wp-json\/wp\/v2\/tags?post=25319"}],"curies":[{"name":"wp","href":"https:\/\/api.w.org\/{rel}","templated":true}]}}