{"id":25230,"date":"2020-08-05T12:12:37","date_gmt":"2020-08-05T17:12:37","guid":{"rendered":"http:\/\/awf.world\/awf-news\/un-appel-a-soutenir-notre-famille-de-lalliance-a-beyrouth\/"},"modified":"2020-08-05T12:12:37","modified_gmt":"2020-08-05T17:12:37","slug":"un-appel-a-soutenir-notre-famille-de-lalliance-a-beyrouth","status":"publish","type":"awf-news","link":"https:\/\/awf.world\/fr\/awf-news\/un-appel-a-soutenir-notre-famille-de-lalliance-a-beyrouth\/","title":{"rendered":"Un Appel \u00e0 Soutenir notre Famille de l\u2019Alliance \u00e0 Beyrouth"},"content":{"rendered":"<h3 style=\"text-align: justify;\">Plusieurs membres des \u00c9glises de l\u2019Alliance situ\u00e9es \u00e0 Beyrouth, Liban, ont \u00e9t\u00e9 bless\u00e9s et leurs maisons endommag\u00e9es par l\u2019explosion dans le port de Beyrouth survenue hier. Veuillez prier pour notre famille de l\u2019Alliance l\u00e0-bas, et pour le r\u00e9tablissement du peuple, de l\u2019\u00e9glise et de la ville de Beyrouth.<\/h3>\n<p>Nous avons tous regard\u00e9 la nouvelle de l\u2019\u00e9norme explosion dans le port de Beyrouth qui se trouve \u00e0 5 kilom\u00e8tres de l\u2019\u00c9glise de l\u2019Alliance de Karantina et de l\u2019\u00c9cole Biblique de l\u2019Alliance (CAIT &#8211; Institut de Th\u00e9ologie de l\u2019Alliance Chr\u00e9tienne).<\/p>\n<p><img loading=\"lazy\" decoding=\"async\" class=\"alignleft size-medium wp-image-25223\" src=\"http:\/\/awf.world\/wp-content\/uploads\/2020\/08\/Beirut-Lebanon_Explosion_2020-08-041-300x225.jpg\" alt=\"\" width=\"300\" height=\"225\" srcset=\"https:\/\/awf.world\/wp-content\/uploads\/2020\/08\/Beirut-Lebanon_Explosion_2020-08-041-300x225.jpg 300w, https:\/\/awf.world\/wp-content\/uploads\/2020\/08\/Beirut-Lebanon_Explosion_2020-08-041-768x576.jpg 768w, https:\/\/awf.world\/wp-content\/uploads\/2020\/08\/Beirut-Lebanon_Explosion_2020-08-041.jpg 960w\" sizes=\"auto, (max-width: 300px) 100vw, 300px\" \/><\/p>\n<p>L\u2019incident a laiss\u00e9 toute la ville d\u00e9vast\u00e9e et fortement endommag\u00e9e. Les images et les vid\u00e9os de l\u2019explosion sont stup\u00e9fiantes. Certaines personnes de l\u2019\u00e9glise ont \u00e9t\u00e9 bless\u00e9es et emmen\u00e9es \u00e0 l\u2019h\u00f4pital. Les salles de classe, les bureaux et les r\u00e9sidences \u00e9tudiantes de l\u2019\u00c9cole Biblique ont \u00e9t\u00e9 gravement endommag\u00e9s. Un pasteur local a dit: \u00ab C\u2019\u00e9tait comme un puissant tremblement de terre ou une bombe nucl\u00e9aire \u00bb.<\/p>\n<p>Remerciez Dieu qu\u2019il n\u2019y ait eu aucun d\u00e9c\u00e8s dans l\u2019\u00e9glise ou \u00e0 l\u2019\u00c9cole Biblique, mais les d\u00e9g\u00e2ts caus\u00e9s \u00e0 l\u2019\u00e9glise, aux b\u00e2timents de l\u2019\u00c9cole Biblique, aux dortoirs des \u00e9tudiants et aux bureaux sont \u00e9normes et complets.<\/p>\n<p><img loading=\"lazy\" decoding=\"async\" class=\"alignright size-medium wp-image-25226\" src=\"http:\/\/awf.world\/wp-content\/uploads\/2020\/08\/Beirut-Lebanon_Explosion_2020-08-042-300x225.jpg\" alt=\"\" width=\"300\" height=\"225\" srcset=\"https:\/\/awf.world\/wp-content\/uploads\/2020\/08\/Beirut-Lebanon_Explosion_2020-08-042-300x225.jpg 300w, https:\/\/awf.world\/wp-content\/uploads\/2020\/08\/Beirut-Lebanon_Explosion_2020-08-042-768x576.jpg 768w, https:\/\/awf.world\/wp-content\/uploads\/2020\/08\/Beirut-Lebanon_Explosion_2020-08-042.jpg 960w\" sizes=\"auto, (max-width: 300px) 100vw, 300px\" \/><\/p>\n<p>Nos fr\u00e8res et s\u0153urs de Beyrouth ont d\u00e9sesp\u00e9r\u00e9ment besoin de nos pri\u00e8res. Restons \u00e0 leurs c\u00f4t\u00e9s dans cette p\u00e9riode difficile :<\/p>\n<ul>\n<li>Priez pour une gu\u00e9rison rapide de ceux qui sont bless\u00e9s. Priez pour les personnes qui ont eu une exp\u00e9rience directe et qui l\u2019ont vu se d\u00e9rouler. Priez pour leur bien-\u00eatre spirituel et \u00e9motionnel.<\/li>\n<li>Priez pour les enseignants, les \u00e9tudiants et le personnel de l\u2019\u00e9cole. Priez pour la sagesse, le courage et la vision.<\/li>\n<li>Priez pour le R\u00e9v\u00e9rend Sami Dagher, fondateur et minist\u00e8re de l\u2019\u00e9glise. Priez pour sa sant\u00e9 et ses encouragements.<\/li>\n<li>Priez pour tout le pays car ils font face \u00e0 de nombreux d\u00e9fis ces jours-ci en plus de cette explosion.<\/li>\n<\/ul>\n<p>R\u00e9v. Munther Shahatit, Coordinateur R\u00e9gional de l\u2019EMERALD de l\u2019UMA<\/p>\n","protected":false},"author":24,"featured_media":25221,"template":"","meta":{"inline_featured_image":false,"ngg_post_thumbnail":0,"_EventAllDay":false,"_EventTimezone":"","_EventStartDate":"","_EventEndDate":"","_EventStartDateUTC":"","_EventEndDateUTC":"","_EventShowMap":false,"_EventShowMapLink":false,"_EventURL":"","_EventCost":"","_EventCostDescription":"","_EventCurrencySymbol":"","_EventCurrencyCode":"","_EventCurrencyPosition":"","_EventDateTimeSeparator":"","_EventTimeRangeSeparator":"","_EventOrganizerID":[],"_EventVenueID":[],"_OrganizerEmail":"","_OrganizerPhone":"","_OrganizerWebsite":"","_VenueAddress":"","_VenueCity":"","_VenueCountry":"","_VenueProvince":"","_VenueState":"","_VenueZip":"","_VenuePhone":"","_VenueURL":"","_VenueStateProvince":"","_VenueLat":"","_VenueLng":"","_VenueShowMap":false,"_VenueShowMapLink":false},"categories":[145,33],"tags":[200,694],"class_list":["post-25230","awf-news","type-awf-news","status-publish","has-post-thumbnail","hentry","category-europe-middle-east","category-news-fr","tag-emerald-fr","tag-liban"],"_links":{"self":[{"href":"https:\/\/awf.world\/fr\/wp-json\/wp\/v2\/awf-news\/25230","targetHints":{"allow":["GET"]}}],"collection":[{"href":"https:\/\/awf.world\/fr\/wp-json\/wp\/v2\/awf-news"}],"about":[{"href":"https:\/\/awf.world\/fr\/wp-json\/wp\/v2\/types\/awf-news"}],"author":[{"embeddable":true,"href":"https:\/\/awf.world\/fr\/wp-json\/wp\/v2\/users\/24"}],"wp:featuredmedia":[{"embeddable":true,"href":"https:\/\/awf.world\/fr\/wp-json\/wp\/v2\/media\/25221"}],"wp:attachment":[{"href":"https:\/\/awf.world\/fr\/wp-json\/wp\/v2\/media?parent=25230"}],"wp:term":[{"taxonomy":"category","embeddable":true,"href":"https:\/\/awf.world\/fr\/wp-json\/wp\/v2\/categories?post=25230"},{"taxonomy":"post_tag","embeddable":true,"href":"https:\/\/awf.world\/fr\/wp-json\/wp\/v2\/tags?post=25230"}],"curies":[{"name":"wp","href":"https:\/\/api.w.org\/{rel}","templated":true}]}}