{"id":25218,"date":"2020-08-05T11:57:13","date_gmt":"2020-08-05T16:57:13","guid":{"rendered":"http:\/\/awf.world\/awf-news\/le-pasteur-syrien-bahij-khoury-revient-vers-notre-pere-celeste\/"},"modified":"2020-08-10T13:55:16","modified_gmt":"2020-08-10T18:55:16","slug":"le-pasteur-syrien-bahij-khoury-revient-vers-notre-pere-celeste","status":"publish","type":"awf-news","link":"https:\/\/awf.world\/fr\/awf-news\/le-pasteur-syrien-bahij-khoury-revient-vers-notre-pere-celeste\/","title":{"rendered":"Le Pasteur Syrien Bahij Khoury Revient Vers Notre P\u00e8re C\u00e9leste"},"content":{"rendered":"<h3 style=\"text-align: justify;\">Le r\u00e9v\u00e9rend Bahij Khoury a \u00e9t\u00e9 pris dans la gloire apr\u00e8s une vie pleine de riches fruits \u00e9ternels. Il a fid\u00e8lement servi le Seigneur pendant plus de soixante ans, et il a \u00e9t\u00e9 un cadeau sp\u00e9cial pour l\u2019\u00c9glise de l\u2019Alliance en Syrie.<\/h3>\n<p>Le R\u00e9v\u00e9rend Khoury \u00e9tait un \u00e9tudiant passionn\u00e9 de la Parole et un enseignant \u00e9tonnant. Il s\u2019en tenait fid\u00e8lement \u00e0 la pure v\u00e9rit\u00e9 biblique. Le compromis n\u2019\u00e9tait pas l\u2019une de ses forces ; c\u2019\u00e9tait un homme noir et blanc.<\/p>\n<p>La peur n\u2019avait pas de place dans son c\u0153ur. Il a d\u00e9clar\u00e9 la v\u00e9rit\u00e9 parfois face \u00e0 des menaces et d\u2019autres fois face au ridicule.<\/p>\n<p>Il appartenait \u00e0 une g\u00e9n\u00e9ration de h\u00e9ros appel\u00e9s et envoy\u00e9s par Dieu pour porter la bonne nouvelle et \u00e9tablir des \u00e9glises. Pendant des ann\u00e9es, il a pass\u00e9 volontiers et a \u00e9t\u00e9 d\u00e9pens\u00e9 pour l\u2019\u00c9vangile. Il n\u2019a \u00e9pargn\u00e9 aucun co\u00fbt en servant le Seigneur, qu\u2019il aimait.<\/p>\n<p>Depuis 1953, il fait partie des premiers pionniers qui ont fond\u00e9 et d\u00e9velopp\u00e9 l\u2019\u00c9glise de l\u2019Alliance en Syrie. Il a si\u00e9g\u00e9 au Comit\u00e9 Ex\u00e9cutif de l\u2019\u00c9glise de l\u2019Alliance Chr\u00e9tienne et Missionnaire en Syrie et au Liban pendant 27 ans et en tant que pasteur de l\u2019\u00e9glise de Tartous de 1982 jusqu\u2019\u00e0 sa retraite en 2016.<\/p>\n<p>Nous disons adieu \u00e0 un g\u00e9ant dans la foi qui nous a pr\u00e9c\u00e9d\u00e9s pour \u00eatre avec le Seigneur.<\/p>\n<p>Nos plus sinc\u00e8res condol\u00e9ances \u00e0 sa femme Kawther et \u00e0 ses enfants Samuel et Danny et \u00e0 leurs familles.<\/p>\n<p>R\u00e9v. Edward Awabdeh, Pr\u00e9sident de la CMA de Syrie et Liban<\/p>\n","protected":false},"author":24,"featured_media":25214,"template":"","meta":{"inline_featured_image":false,"ngg_post_thumbnail":0,"_EventAllDay":false,"_EventTimezone":"","_EventStartDate":"","_EventEndDate":"","_EventStartDateUTC":"","_EventEndDateUTC":"","_EventShowMap":false,"_EventShowMapLink":false,"_EventURL":"","_EventCost":"","_EventCostDescription":"","_EventCurrencySymbol":"","_EventCurrencyCode":"","_EventCurrencyPosition":"","_EventDateTimeSeparator":"","_EventTimeRangeSeparator":"","_EventOrganizerID":[],"_EventVenueID":[],"_OrganizerEmail":"","_OrganizerPhone":"","_OrganizerWebsite":"","_VenueAddress":"","_VenueCity":"","_VenueCountry":"","_VenueProvince":"","_VenueState":"","_VenueZip":"","_VenuePhone":"","_VenueURL":"","_VenueStateProvince":"","_VenueLat":"","_VenueLng":"","_VenueShowMap":false,"_VenueShowMapLink":false},"categories":[145,33],"tags":[200],"class_list":["post-25218","awf-news","type-awf-news","status-publish","has-post-thumbnail","hentry","category-europe-middle-east","category-news-fr","tag-emerald-fr"],"_links":{"self":[{"href":"https:\/\/awf.world\/fr\/wp-json\/wp\/v2\/awf-news\/25218","targetHints":{"allow":["GET"]}}],"collection":[{"href":"https:\/\/awf.world\/fr\/wp-json\/wp\/v2\/awf-news"}],"about":[{"href":"https:\/\/awf.world\/fr\/wp-json\/wp\/v2\/types\/awf-news"}],"author":[{"embeddable":true,"href":"https:\/\/awf.world\/fr\/wp-json\/wp\/v2\/users\/24"}],"wp:featuredmedia":[{"embeddable":true,"href":"https:\/\/awf.world\/fr\/wp-json\/wp\/v2\/media\/25214"}],"wp:attachment":[{"href":"https:\/\/awf.world\/fr\/wp-json\/wp\/v2\/media?parent=25218"}],"wp:term":[{"taxonomy":"category","embeddable":true,"href":"https:\/\/awf.world\/fr\/wp-json\/wp\/v2\/categories?post=25218"},{"taxonomy":"post_tag","embeddable":true,"href":"https:\/\/awf.world\/fr\/wp-json\/wp\/v2\/tags?post=25218"}],"curies":[{"name":"wp","href":"https:\/\/api.w.org\/{rel}","templated":true}]}}