{"id":25146,"date":"2020-07-06T12:01:00","date_gmt":"2020-07-06T17:01:00","guid":{"rendered":"http:\/\/awf.world\/awf-news\/en-colombie-les-eglises-des-villes-recoivent-des-fonds-grace-aux-freres-autochtones\/"},"modified":"2020-07-06T12:01:00","modified_gmt":"2020-07-06T17:01:00","slug":"en-colombie-les-eglises-des-villes-recoivent-des-fonds-grace-aux-freres-autochtones","status":"publish","type":"awf-news","link":"https:\/\/awf.world\/fr\/awf-news\/en-colombie-les-eglises-des-villes-recoivent-des-fonds-grace-aux-freres-autochtones\/","title":{"rendered":"En Colombie, les \u00c9glises des Villes re\u00e7oivent des Fonds Gr\u00e2ce aux Fr\u00e8res Autochtones"},"content":{"rendered":"<h3 style=\"text-align: justify;\">Au d\u00e9but de la pand\u00e9mie de COVID-19, les pasteurs colombiens ont d\u00fb fermer les portes de leurs \u00e9glises. Puis ils ont demand\u00e9 : que faisons-nous maintenant ?<\/h3>\n<p>Malgr\u00e9 la complexit\u00e9 de la situation, Dieu est toujours en contr\u00f4le et r\u00e9pond de la mani\u00e8re la plus cr\u00e9ative et efficace dans chaque endroit afin que les \u00e9glises deviennent la lumi\u00e8re du monde. Cela s\u2019est produit \u00e0 l\u2019\u00c9glise de l\u2019Alliance Chr\u00e9tienne et Missionnaire El Carmelo \u00e0 Cabijo, Cauca, o\u00f9 la famille pastorale a vu cela comme une occasion pour l\u2019\u00e9glise de prendre l\u2019initiative de b\u00e9nir les familles dans les villes voisines avec de la nourriture.<\/p>\n<p><img loading=\"lazy\" decoding=\"async\" class=\"alignleft size-medium wp-image-25136\" src=\"http:\/\/awf.world\/wp-content\/uploads\/2020\/07\/CAMA-Services_Colombia3-300x169.jpeg\" alt=\"\" width=\"300\" height=\"169\" srcset=\"https:\/\/awf.world\/wp-content\/uploads\/2020\/07\/CAMA-Services_Colombia3-300x169.jpeg 300w, https:\/\/awf.world\/wp-content\/uploads\/2020\/07\/CAMA-Services_Colombia3-768x431.jpeg 768w, https:\/\/awf.world\/wp-content\/uploads\/2020\/07\/CAMA-Services_Colombia3-1024x575.jpeg 1024w, https:\/\/awf.world\/wp-content\/uploads\/2020\/07\/CAMA-Services_Colombia3.jpeg 1280w\" sizes=\"auto, (max-width: 300px) 100vw, 300px\" \/><\/p>\n<p>Comme la plupart des \u00e9glises rurales, l\u2019\u00c9glise El Carmelo vit de ce que la terre produit et, gr\u00e2ce \u00e0 un c\u0153ur g\u00e9n\u00e9reux, les gens \u00e9taient pr\u00eats \u00e0 collecter des aliments typiques de la r\u00e9gion, tels que des bananes, des cassavas, des citrons, des oranges, des mandarines, des <em>ahuyamas<\/em>, des goyaves et d\u2019autres. Avec cela, les gens ont pu b\u00e9nir la vie de beaucoup de gens qui, en ces temps de pand\u00e9mie, n\u2019ont pas les moyens de survivre.<\/p>\n<p>&nbsp;<\/p>\n<p><img loading=\"lazy\" decoding=\"async\" class=\"alignright size-medium wp-image-25130\" src=\"http:\/\/awf.world\/wp-content\/uploads\/2020\/07\/CAMA-Services_Colombia1-300x169.jpeg\" alt=\"\" width=\"300\" height=\"169\" srcset=\"https:\/\/awf.world\/wp-content\/uploads\/2020\/07\/CAMA-Services_Colombia1-300x169.jpeg 300w, https:\/\/awf.world\/wp-content\/uploads\/2020\/07\/CAMA-Services_Colombia1-768x431.jpeg 768w, https:\/\/awf.world\/wp-content\/uploads\/2020\/07\/CAMA-Services_Colombia1-1024x575.jpeg 1024w, https:\/\/awf.world\/wp-content\/uploads\/2020\/07\/CAMA-Services_Colombia1.jpeg 1280w\" sizes=\"auto, (max-width: 300px) 100vw, 300px\" \/><\/p>\n<p>La police nationale, la communaut\u00e9 autochtone de Guambiana, la communaut\u00e9 afro des secteurs voisins et le conseil d\u2019action communautaire de La Vereda ont \u00e9galement joint leurs efforts \u00e0 la logistique et \u00e0 l\u2019inclusion de plus de communaut\u00e9s dans le m\u00eame but de b\u00e9nir les familles en ces temps difficiles.<\/p>\n<p>&nbsp;<\/p>\n<p><img loading=\"lazy\" decoding=\"async\" class=\"alignleft size-medium wp-image-25142\" src=\"http:\/\/awf.world\/wp-content\/uploads\/2020\/07\/CAMA-Services_Colombia5-300x168.jpeg\" alt=\"\" width=\"300\" height=\"168\" srcset=\"https:\/\/awf.world\/wp-content\/uploads\/2020\/07\/CAMA-Services_Colombia5-300x168.jpeg 300w, https:\/\/awf.world\/wp-content\/uploads\/2020\/07\/CAMA-Services_Colombia5-768x431.jpeg 768w, https:\/\/awf.world\/wp-content\/uploads\/2020\/07\/CAMA-Services_Colombia5.jpeg 960w\" sizes=\"auto, (max-width: 300px) 100vw, 300px\" \/><\/p>\n<p>Les b\u00e2timents de l\u2019\u00e9glise sont devenus des centres de collecte et de distribution, o\u00f9 la nourriture est remplie de mesures de bios\u00e9curit\u00e9. Une liste de ceux qui recevraient les colis alimentaires avait \u00e9t\u00e9 \u00e9tablie pr\u00e9c\u00e9demment, et chaque colis avait un dossier de son destinataire afin qu\u2019il soit livr\u00e9 \u00e0 la porte de chaque maison.<\/p>\n<p>Environ 600 familles ont \u00e9t\u00e9 b\u00e9nies gr\u00e2ce \u00e0 ces efforts. Quelque 13,5 tonnes de nourriture ont \u00e9t\u00e9 distribu\u00e9es dans des villes telles que Popay\u00e1n, Santander de Quilichao, Jamund\u00ed, La Laguna, Cacahual et Cali.<\/p>\n<p>La famille pastorale a vu la r\u00e9ponse de Dieu en aidant et en d\u00e9montrant Son amour, en ouvrant de nouvelles opportunit\u00e9s pour pr\u00eacher Sa parole et en \u00e9tant t\u00e9moin des r\u00e9sultats de ce travail social en ces temps difficiles. L\u2019effort a \u00e9t\u00e9 accueilli avec gratitude, de bons t\u00e9moignages de familles d\u2019\u00e9glises et l\u2019acceptation et le renforcement de bonnes relations avec la communaut\u00e9.<\/p>\n","protected":false},"author":24,"featured_media":25134,"template":"","meta":{"inline_featured_image":false,"ngg_post_thumbnail":0,"_EventAllDay":false,"_EventTimezone":"","_EventStartDate":"","_EventEndDate":"","_EventStartDateUTC":"","_EventEndDateUTC":"","_EventShowMap":false,"_EventShowMapLink":false,"_EventURL":"","_EventCost":"","_EventCostDescription":"","_EventCurrencySymbol":"","_EventCurrencyCode":"","_EventCurrencyPosition":"","_EventDateTimeSeparator":"","_EventTimeRangeSeparator":"","_EventOrganizerID":[],"_EventVenueID":[],"_OrganizerEmail":"","_OrganizerPhone":"","_OrganizerWebsite":"","_VenueAddress":"","_VenueCity":"","_VenueCountry":"","_VenueProvince":"","_VenueState":"","_VenueZip":"","_VenuePhone":"","_VenueURL":"","_VenueStateProvince":"","_VenueLat":"","_VenueLng":"","_VenueShowMap":false,"_VenueShowMapLink":false},"categories":[152,33],"tags":[208,228,670,272],"class_list":["post-25146","awf-news","type-awf-news","status-publish","has-post-thumbnail","hentry","category-latin-america-fr","category-news-fr","tag-amerique-latine","tag-cla-fr","tag-colombie","tag-travail-social"],"_links":{"self":[{"href":"https:\/\/awf.world\/fr\/wp-json\/wp\/v2\/awf-news\/25146","targetHints":{"allow":["GET"]}}],"collection":[{"href":"https:\/\/awf.world\/fr\/wp-json\/wp\/v2\/awf-news"}],"about":[{"href":"https:\/\/awf.world\/fr\/wp-json\/wp\/v2\/types\/awf-news"}],"author":[{"embeddable":true,"href":"https:\/\/awf.world\/fr\/wp-json\/wp\/v2\/users\/24"}],"wp:featuredmedia":[{"embeddable":true,"href":"https:\/\/awf.world\/fr\/wp-json\/wp\/v2\/media\/25134"}],"wp:attachment":[{"href":"https:\/\/awf.world\/fr\/wp-json\/wp\/v2\/media?parent=25146"}],"wp:term":[{"taxonomy":"category","embeddable":true,"href":"https:\/\/awf.world\/fr\/wp-json\/wp\/v2\/categories?post=25146"},{"taxonomy":"post_tag","embeddable":true,"href":"https:\/\/awf.world\/fr\/wp-json\/wp\/v2\/tags?post=25146"}],"curies":[{"name":"wp","href":"https:\/\/api.w.org\/{rel}","templated":true}]}}