{"id":25092,"date":"2020-06-11T09:08:17","date_gmt":"2020-06-11T14:08:17","guid":{"rendered":"http:\/\/awf.world\/awf-news\/lalliance-a-cuba-au-milieu-du-coronavirus\/"},"modified":"2021-10-28T16:01:34","modified_gmt":"2021-10-28T21:01:34","slug":"lalliance-a-cuba-au-milieu-du-coronavirus","status":"publish","type":"awf-news","link":"https:\/\/awf.world\/fr\/awf-news\/lalliance-a-cuba-au-milieu-du-coronavirus\/","title":{"rendered":"L\u2019Alliance \u00e0 Cuba au Milieu du Coronavirus"},"content":{"rendered":"<h3 style=\"text-align: justify;\">La CMA \u00e0 Cuba a fait face \u00e0 des difficult\u00e9s croissantes avec la pand\u00e9mie. Le pays a connu des carences dans de nombreux domaines de la vie, de l\u2019acc\u00e8s \u00e0 l\u2019eau et \u00e0 l\u2019\u00e9lectricit\u00e9 \u00e0 l\u2019achat de produits d\u2019hygi\u00e8ne et alimentaires de base. Cette situation s\u2019est aggrav\u00e9e avec le nouveau coronavirus. D\u00e9couvrez comment vous pouvez aider notre famille Alliance \u00e0 Cuba.<\/h3>\n<p>La COVID-19 a aggrav\u00e9 la situation \u00e0 Cuba. Plusieurs familles pastorales souffrent d\u2019un manque d\u2019eau. Beaucoup de leurs maisons sont en bois et sont endommag\u00e9es par les pluies, les vents violents et les ouragans qui ont frapp\u00e9 le pays. Certaines familles n\u2019ont pas d\u2019\u00e9quipement de base comme un r\u00e9frig\u00e9rateur ou une cuisini\u00e8re. De plus, les produits sont de plus en plus rares sur le march\u00e9, ce qui oblige la population \u00e0 passer des heures en ligne pour acheter quelque chose et \u00e0 augmenter la transmission.<\/p>\n<p><img loading=\"lazy\" decoding=\"async\" class=\"alignleft size-medium wp-image-25108\" src=\"http:\/\/awf.world\/wp-content\/uploads\/2020\/06\/Cuba-in-the-Midst-of-the-Coronavirus_2020-064-224x300.jpg\" alt=\"\" width=\"224\" height=\"300\" srcset=\"https:\/\/awf.world\/wp-content\/uploads\/2020\/06\/Cuba-in-the-Midst-of-the-Coronavirus_2020-064-224x300.jpg 224w, https:\/\/awf.world\/wp-content\/uploads\/2020\/06\/Cuba-in-the-Midst-of-the-Coronavirus_2020-064.jpg 754w\" sizes=\"auto, (max-width: 224px) 100vw, 224px\" \/><\/p>\n<p>Malgr\u00e9 toutes ces difficult\u00e9s, l\u2019\u00c9glise de l\u2019Alliance \u00e0 Cuba continue de cro\u00eetre. Mais, selon un leader local, \u00ab la grande majorit\u00e9 des pasteurs vivent de foi, dans des conditions extr\u00eames, dans des endroits recul\u00e9s et difficiles d\u2019acc\u00e8s, sans t\u00e9l\u00e9phone ni communication \u00bb. Tout de m\u00eame, les \u00e9glises s\u2019efforcent de prendre soin de ceux qui les entourent, en accordant une attention particuli\u00e8re aux familles qui en ont le plus besoin, \u00e0 celles qui ont des enfants, aux personnes \u00e2g\u00e9es, aux femmes enceintes et aux handicap\u00e9s. Le travail est au quotidien : collecte et distribution de produits alimentaires et d\u2019hygi\u00e8ne, ainsi que la pr\u00e9dication de la parole. Mais ils ont besoin de plus de ressources pour pouvoir toucher plus de familles.<\/p>\n<p><img loading=\"lazy\" decoding=\"async\" class=\"alignright size-medium wp-image-25083\" src=\"http:\/\/awf.world\/wp-content\/uploads\/2020\/06\/Cuba-in-the-Midst-of-the-Coronavirus_2020-065-180x300.jpg\" alt=\"\" width=\"180\" height=\"300\" srcset=\"https:\/\/awf.world\/wp-content\/uploads\/2020\/06\/Cuba-in-the-Midst-of-the-Coronavirus_2020-065-180x300.jpg 180w, https:\/\/awf.world\/wp-content\/uploads\/2020\/06\/Cuba-in-the-Midst-of-the-Coronavirus_2020-065-613x1024.jpg 613w, https:\/\/awf.world\/wp-content\/uploads\/2020\/06\/Cuba-in-the-Midst-of-the-Coronavirus_2020-065.jpg 647w\" sizes=\"auto, (max-width: 180px) 100vw, 180px\" \/><\/p>\n<p>Selon le pasteur Liusbel, \u00ab l\u2019\u00e9glise existe dans ces endroits o\u00f9 beaucoup de gens ne veulent pas aller parce qu\u2019elle n\u00e9cessite le sacrifice, l\u2019altruisme, la volont\u00e9 et la passion pour les \u00e2mes. Dans \u00c9sa\u00efe 59 : 1, il est \u00e9crit \u00ab non, la main de l\u2019\u00c9ternel n\u2019est pas trop courte pour sauver, ni son oreille trop dure pour entendre. \u00bb Je crois que nous sommes ces mains qui tendent la main pour r\u00e9pondre \u00e0 l\u2019appel du Seigneur et \u00eatre une b\u00e9n\u00e9diction pour tous ceux qui en ont besoin. \u00bb<\/p>\n<p>Je vous en prie, continuez \u00e0 prier pour les familles pastorales, pour les membres des \u00e9glises et pour les communaut\u00e9s o\u00f9 ils servent.<\/p>\n","protected":false},"author":24,"featured_media":25090,"template":"","meta":{"inline_featured_image":false,"ngg_post_thumbnail":0,"_EventAllDay":false,"_EventTimezone":"","_EventStartDate":"","_EventEndDate":"","_EventStartDateUTC":"","_EventEndDateUTC":"","_EventShowMap":false,"_EventShowMapLink":false,"_EventURL":"","_EventCost":"","_EventCostDescription":"","_EventCurrencySymbol":"","_EventCurrencyCode":"","_EventCurrencyPosition":"","_EventDateTimeSeparator":"","_EventTimeRangeSeparator":"","_EventOrganizerID":[],"_EventVenueID":[],"_OrganizerEmail":"","_OrganizerPhone":"","_OrganizerWebsite":"","_VenueAddress":"","_VenueCity":"","_VenueCountry":"","_VenueProvince":"","_VenueState":"","_VenueZip":"","_VenuePhone":"","_VenueURL":"","_VenueStateProvince":"","_VenueLat":"","_VenueLng":"","_VenueShowMap":false,"_VenueShowMapLink":false},"categories":[152,33,144],"tags":[208,228,252,251,273,272],"class_list":["post-25092","awf-news","type-awf-news","status-publish","has-post-thumbnail","hentry","category-latin-america-fr","category-news-fr","category-projects-fr","tag-amerique-latine","tag-cla-fr","tag-cuba-fr","tag-pastorale","tag-secours-et-developpement","tag-travail-social"],"_links":{"self":[{"href":"https:\/\/awf.world\/fr\/wp-json\/wp\/v2\/awf-news\/25092","targetHints":{"allow":["GET"]}}],"collection":[{"href":"https:\/\/awf.world\/fr\/wp-json\/wp\/v2\/awf-news"}],"about":[{"href":"https:\/\/awf.world\/fr\/wp-json\/wp\/v2\/types\/awf-news"}],"author":[{"embeddable":true,"href":"https:\/\/awf.world\/fr\/wp-json\/wp\/v2\/users\/24"}],"wp:featuredmedia":[{"embeddable":true,"href":"https:\/\/awf.world\/fr\/wp-json\/wp\/v2\/media\/25090"}],"wp:attachment":[{"href":"https:\/\/awf.world\/fr\/wp-json\/wp\/v2\/media?parent=25092"}],"wp:term":[{"taxonomy":"category","embeddable":true,"href":"https:\/\/awf.world\/fr\/wp-json\/wp\/v2\/categories?post=25092"},{"taxonomy":"post_tag","embeddable":true,"href":"https:\/\/awf.world\/fr\/wp-json\/wp\/v2\/tags?post=25092"}],"curies":[{"name":"wp","href":"https:\/\/api.w.org\/{rel}","templated":true}]}}