{"id":25026,"date":"2020-05-25T14:41:46","date_gmt":"2020-05-25T19:41:46","guid":{"rendered":"http:\/\/awf.world\/awf-news\/chefs-des-projets-de-secours-de-covid-19-luma-veut-vous-aider\/"},"modified":"2020-05-28T09:10:23","modified_gmt":"2020-05-28T14:10:23","slug":"chefs-des-projets-de-secours-de-covid-19-luma-veut-vous-aider","status":"publish","type":"awf-news","link":"https:\/\/awf.world\/fr\/awf-news\/chefs-des-projets-de-secours-de-covid-19-luma-veut-vous-aider\/","title":{"rendered":"Chefs des Projets de Secours de COVID-19 : l\u2019UMA Veut Vous Aider !"},"content":{"rendered":"<p style=\"text-align: justify;\"><strong>Dans le cadre de la R\u00e9ponse Mondiale de l\u2019UMA \u00e0 COVID-19, nous demandons aux pasteurs des \u00e9glises locales de l\u2019Alliance qui parrainent des projets de secours de r\u00e9pondre au\u00a0<a href=\"https:\/\/forms.gle\/kxGM9jbo3oEHqPpm6\" target=\"_blank\" rel=\"noopener\">Questionnaire de Projet de Secours<\/a> avant le 31 mai 2020. Nous prions pour que les informations que nous recevons aident l\u2019UMA \u00e0 renforcer les mains de ceux qui travaillent de mani\u00e8re significative, productive et s\u00e8ment des graines de t\u00e9moignage de l\u2019amour de Dieu en Christ.<\/strong><\/p>\n<p>La pand\u00e9mie de COVID-19 offre \u00e0 l\u2019\u00c9glise une formidable occasion d\u2019exprimer les soins et la compassion de Dieu pour toute la personne. Prendre soin des besoins physiques, \u00e9motionnels et spirituels des gens est une directive pour le peuple de Dieu, exprim\u00e9e tout au long de la narration biblique. En r\u00e9fl\u00e9chissant \u00e0 des fa\u00e7ons tangibles d\u2019aimer notre prochain, puissions-nous \u00eatre motiv\u00e9s par ce mandat Scripturaire que J\u00e9sus a enseign\u00e9 avec la parabole du Bon Samaritain.<\/p>\n<p>Le Comit\u00e9 Ex\u00e9cutif de l\u2019UMA ainsi qu\u2019un groupe plus restreint de praticiens des secours et du d\u00e9veloppement du Canada, de Hong Kong, des Pays-Bas, des Philippines et des \u00c9tats-Unis travaillent \u00e0 l\u2019organisation d\u2019une r\u00e9ponse mondiale \u00e0 COVID-19, comme vous pouvez le faire par le biais de l\u2019UMA site Web et m\u00e9dias sociaux.<\/p>\n<p>Pour organiser les prochaines \u00e9tapes de cet effort, le Bureau de Secours et de D\u00e9veloppement de l\u2019UMA recueille des informations sur les efforts de secours des \u00e9glises de l\u2019Alliance qui r\u00e9pondent \u00e0 COVID-19 dans leurs communaut\u00e9s respectives. Le Questionnaire du Projet de Secours doit \u00eatre rempli par les pasteurs des \u00e9glises locales de l\u2019Alliance Chr\u00e9tienne et Missionnaire qui parrainent les projets de secours afin de fournir des informations sp\u00e9cifiques sur chaque projet. Le Questionnaire du Projet de Secours peut \u00eatre facilement rempli en cliquant sur le <a href=\"https:\/\/forms.gle\/kxGM9jbo3oEHqPpm6\" target=\"_blank\" rel=\"noopener\">lien suivant<\/a>.<\/p>\n<p>Les informations recueillies seront consolid\u00e9es par le Bureau de Secours et de D\u00e9veloppement de l\u2019UMA et envoy\u00e9es aux Pr\u00e9sidents des \u00c9glises Nationales dans le cadre des processus d\u2019analyse et de d\u00e9cision.<\/p>\n<p>Nous vous demandons de r\u00e9pondre \u00e0 ces questionnaires d\u00e8s que possible, mais <strong>avant le 31 mai<\/strong> afin que nous puissions discuter des projets lors des r\u00e9unions des pr\u00e9sidents des \u00e9glises de l\u2019Alliance nationale qui sont pr\u00e9vues du 1er au 4 juin.<\/p>\n","protected":false},"author":24,"featured_media":24988,"template":"","meta":{"inline_featured_image":false,"ngg_post_thumbnail":0,"_EventAllDay":false,"_EventTimezone":"","_EventStartDate":"","_EventEndDate":"","_EventStartDateUTC":"","_EventEndDateUTC":"","_EventShowMap":false,"_EventShowMapLink":false,"_EventURL":"","_EventCost":"","_EventCostDescription":"","_EventCurrencySymbol":"","_EventCurrencyCode":"","_EventCurrencyPosition":"","_EventDateTimeSeparator":"","_EventTimeRangeSeparator":"","_EventOrganizerID":[],"_EventVenueID":[],"_OrganizerEmail":"","_OrganizerPhone":"","_OrganizerWebsite":"","_VenueAddress":"","_VenueCity":"","_VenueCountry":"","_VenueProvince":"","_VenueState":"","_VenueZip":"","_VenuePhone":"","_VenueURL":"","_VenueStateProvince":"","_VenueLat":"","_VenueLng":"","_VenueShowMap":false,"_VenueShowMapLink":false},"categories":[33],"tags":[682,273],"class_list":["post-25026","awf-news","type-awf-news","status-publish","has-post-thumbnail","hentry","category-news-fr","tag-famille-de-lalliance-mondiale","tag-secours-et-developpement"],"_links":{"self":[{"href":"https:\/\/awf.world\/fr\/wp-json\/wp\/v2\/awf-news\/25026","targetHints":{"allow":["GET"]}}],"collection":[{"href":"https:\/\/awf.world\/fr\/wp-json\/wp\/v2\/awf-news"}],"about":[{"href":"https:\/\/awf.world\/fr\/wp-json\/wp\/v2\/types\/awf-news"}],"author":[{"embeddable":true,"href":"https:\/\/awf.world\/fr\/wp-json\/wp\/v2\/users\/24"}],"wp:featuredmedia":[{"embeddable":true,"href":"https:\/\/awf.world\/fr\/wp-json\/wp\/v2\/media\/24988"}],"wp:attachment":[{"href":"https:\/\/awf.world\/fr\/wp-json\/wp\/v2\/media?parent=25026"}],"wp:term":[{"taxonomy":"category","embeddable":true,"href":"https:\/\/awf.world\/fr\/wp-json\/wp\/v2\/categories?post=25026"},{"taxonomy":"post_tag","embeddable":true,"href":"https:\/\/awf.world\/fr\/wp-json\/wp\/v2\/tags?post=25026"}],"curies":[{"name":"wp","href":"https:\/\/api.w.org\/{rel}","templated":true}]}}