{"id":25008,"date":"2020-05-14T13:27:34","date_gmt":"2020-05-14T18:27:34","guid":{"rendered":"http:\/\/awf.world\/awf-news\/atelier-et-symposium-quadriennal-de-luma-sur-secours-et-developpement\/"},"modified":"2020-05-14T13:27:34","modified_gmt":"2020-05-14T18:27:34","slug":"atelier-et-symposium-quadriennal-de-luma-sur-secours-et-developpement","status":"publish","type":"awf-news","link":"https:\/\/awf.world\/fr\/awf-news\/atelier-et-symposium-quadriennal-de-luma-sur-secours-et-developpement\/","title":{"rendered":"Atelier et Symposium Quadriennal de l\u2019UMA sur Secours et D\u00e9veloppement"},"content":{"rendered":"<h3 style=\"text-align: justify;\">\u00cates-vous un expert des efforts de Secours et de D\u00e9veloppement \u00e0 travers l\u2019\u00c9glise ? Nous avons besoin de toi !<\/h3>\n<p>Au cours de la <a href=\"https:\/\/awf2020.world\/fr\" target=\"_blank\" rel=\"noopener\">Convocation Quadriennale de l\u2019UMA 2020<\/a>, nous organiserons des ateliers de type colloque pour entendre des praticiens experts des Efforts de Secours et de D\u00e9veloppement travaillant dans et par le biais de l\u2019\u00e9glise locale.<\/p>\n<p>Notre objectif est de cr\u00e9er un espace d\u2019apprentissage et de connexion pour cr\u00e9er une synergie et un partenariat pour un plus grand impact dans le travail de Secours et de D\u00e9veloppement \u00e0 travers le monde de l\u2019UMA.<\/p>\n<p>Recherchez notre Appel aux Pr\u00e9sentateurs \u00e0 postuler pour partager vos id\u00e9es et votre exp\u00e9rience.<\/p>\n<p><a href=\"https:\/\/forms.gle\/Gu1w3EU3QrkhwU3y7\" target=\"_blank\" rel=\"noopener\">Inscrivez-vous<\/a>\u00a0aux ateliers de la Quadriennale pour entrer en contact avec des coll\u00e8gues partageant les m\u00eames id\u00e9es que nous construisons un consortium d\u2019apprentissage et d\u2019action, apportant soins et savoir-faire pour influer sur les besoins de nos communaut\u00e9s. Nous serions ravis de vous y accueillir !<\/p>\n","protected":false},"author":24,"featured_media":24988,"template":"","meta":{"inline_featured_image":false,"ngg_post_thumbnail":0,"_EventAllDay":false,"_EventTimezone":"","_EventStartDate":"","_EventEndDate":"","_EventStartDateUTC":"","_EventEndDateUTC":"","_EventShowMap":false,"_EventShowMapLink":false,"_EventURL":"","_EventCost":"","_EventCostDescription":"","_EventCurrencySymbol":"","_EventCurrencyCode":"","_EventCurrencyPosition":"","_EventDateTimeSeparator":"","_EventTimeRangeSeparator":"","_EventOrganizerID":[],"_EventVenueID":[],"_OrganizerEmail":"","_OrganizerPhone":"","_OrganizerWebsite":"","_VenueAddress":"","_VenueCity":"","_VenueCountry":"","_VenueProvince":"","_VenueState":"","_VenueZip":"","_VenuePhone":"","_VenueURL":"","_VenueStateProvince":"","_VenueLat":"","_VenueLng":"","_VenueShowMap":false,"_VenueShowMapLink":false},"categories":[151,33],"tags":[208,382,381,273],"class_list":["post-25008","awf-news","type-awf-news","status-publish","has-post-thumbnail","hentry","category-event-fr","category-news-fr","tag-amerique-latine","tag-convocation-quadriennale","tag-ecuador-fr","tag-secours-et-developpement"],"_links":{"self":[{"href":"https:\/\/awf.world\/fr\/wp-json\/wp\/v2\/awf-news\/25008","targetHints":{"allow":["GET"]}}],"collection":[{"href":"https:\/\/awf.world\/fr\/wp-json\/wp\/v2\/awf-news"}],"about":[{"href":"https:\/\/awf.world\/fr\/wp-json\/wp\/v2\/types\/awf-news"}],"author":[{"embeddable":true,"href":"https:\/\/awf.world\/fr\/wp-json\/wp\/v2\/users\/24"}],"wp:featuredmedia":[{"embeddable":true,"href":"https:\/\/awf.world\/fr\/wp-json\/wp\/v2\/media\/24988"}],"wp:attachment":[{"href":"https:\/\/awf.world\/fr\/wp-json\/wp\/v2\/media?parent=25008"}],"wp:term":[{"taxonomy":"category","embeddable":true,"href":"https:\/\/awf.world\/fr\/wp-json\/wp\/v2\/categories?post=25008"},{"taxonomy":"post_tag","embeddable":true,"href":"https:\/\/awf.world\/fr\/wp-json\/wp\/v2\/tags?post=25008"}],"curies":[{"name":"wp","href":"https:\/\/api.w.org\/{rel}","templated":true}]}}