{"id":25006,"date":"2020-05-14T13:41:32","date_gmt":"2020-05-14T18:41:32","guid":{"rendered":"http:\/\/awf.world\/awf-news\/nous-ne-pourrons-pas-aider-tout-le-monde-mais-nous-pourrons-aider-ceux-qui-nont-rien\/"},"modified":"2020-05-28T12:07:38","modified_gmt":"2020-05-28T17:07:38","slug":"nous-ne-pourrons-pas-aider-tout-le-monde-mais-nous-pourrons-aider-ceux-qui-nont-rien","status":"publish","type":"awf-news","link":"https:\/\/awf.world\/fr\/awf-news\/nous-ne-pourrons-pas-aider-tout-le-monde-mais-nous-pourrons-aider-ceux-qui-nont-rien\/","title":{"rendered":"\u00ab Nous ne pourrons pas aider tout le monde, mais nous pourrons aider ceux qui n\u2019ont rien \u00bb"},"content":{"rendered":"<h3 style=\"text-align: justify;\">Cette phrase a \u00e9t\u00e9 prononc\u00e9e par le pr\u00e9sident d\u2019une \u00e9glise nationale africaine lors d\u2019une des quatre r\u00e9unions de cette semaine visant \u00e0 organiser une r\u00e9ponse mondiale \u00e0 la pand\u00e9mie de COVID-19. Il r\u00e9sume la compr\u00e9hension de nos dirigeants que le d\u00e9fi qui nous attend est au-del\u00e0 de nos capacit\u00e9s, mais Dieu a donn\u00e9 les dispositions n\u00e9cessaires \u00e0 Son peuple, et nous sommes d\u00e9termin\u00e9s \u00e0 le partager avec ceux qui en ont le plus besoin dans les communaut\u00e9s que nous servons.<\/h3>\n<figure id=\"attachment_25001\" aria-describedby=\"caption-attachment-25001\" style=\"width: 300px\" class=\"wp-caption alignleft\"><img loading=\"lazy\" decoding=\"async\" class=\"size-medium wp-image-25001\" src=\"http:\/\/awf.world\/wp-content\/uploads\/2020\/05\/Global-Response-COVID-19_CLA_2020-05-11-300x103.png\" alt=\"\" width=\"300\" height=\"103\" srcset=\"https:\/\/awf.world\/wp-content\/uploads\/2020\/05\/Global-Response-COVID-19_CLA_2020-05-11-300x103.png 300w, https:\/\/awf.world\/wp-content\/uploads\/2020\/05\/Global-Response-COVID-19_CLA_2020-05-11-768x264.png 768w, https:\/\/awf.world\/wp-content\/uploads\/2020\/05\/Global-Response-COVID-19_CLA_2020-05-11-1024x351.png 1024w, https:\/\/awf.world\/wp-content\/uploads\/2020\/05\/Global-Response-COVID-19_CLA_2020-05-11.png 1160w\" sizes=\"auto, (max-width: 300px) 100vw, 300px\" \/><figcaption id=\"caption-attachment-25001\" class=\"wp-caption-text\">Les dirigeants de la R\u00e9gion Am\u00e9rique latine lors de la r\u00e9union en ligne du 11 mai 2020<\/figcaption><\/figure>\n<p>De nombreuses \u00e9glises de l\u2019Alliance Chr\u00e9tienne et Missionnaire ont lanc\u00e9 toutes sortes de projets pour relever les d\u00e9fis pos\u00e9s par la pand\u00e9mie. Ils \u00e9duquent les communaut\u00e9s sur COVID-19, fabriquent et distribuent de la soupe, des masques et du gel alcoolique, servent des repas, visitent et aident les personnes \u00e2g\u00e9es, promeuvent l\u2019agriculture dans les zones rurales, distribuent des emballages alimentaires, etc. J\u00e9sus est un Sauveur compatissant et son \u00e9glise fait preuve de la m\u00eame compassion.<\/p>\n<p>Les \u00e9glises connaissent un renouveau et une croissance du nombre de personnes pr\u00e9sentes en ligne pendant la pand\u00e9mie. Des familles de membres d\u2019\u00e9glise, et m\u00eame des personnes inconnues de l\u2019\u00e9glise, assistent aux r\u00e9unions. Nous savions qu\u2019un Coll\u00e8ge Biblique au Moyen-Orient avait le nombre de ses \u00e9tudiants passant de 60 \u00e0 plus de 200 apr\u00e8s le d\u00e9but de la pand\u00e9mie. Les h\u00f4pitaux demandent des dizaines de bibles. Les pasteurs et les membres d\u2019\u00e9glise visitent, prient ou marchent avec des gens qui se sentent seuls. Dieu est \u00e0 l\u2019\u0153uvre et Son \u00c9glise exerce son minist\u00e8re en cons\u00e9quence.<\/p>\n<figure id=\"attachment_24995\" aria-describedby=\"caption-attachment-24995\" style=\"width: 300px\" class=\"wp-caption alignright\"><img loading=\"lazy\" decoding=\"async\" class=\"wp-image-24995 size-medium\" src=\"http:\/\/awf.world\/wp-content\/uploads\/2020\/05\/Global-Response-COVID-19_EMERALD_2020-05-12-300x135.png\" alt=\"\" width=\"300\" height=\"135\" srcset=\"https:\/\/awf.world\/wp-content\/uploads\/2020\/05\/Global-Response-COVID-19_EMERALD_2020-05-12-300x135.png 300w, https:\/\/awf.world\/wp-content\/uploads\/2020\/05\/Global-Response-COVID-19_EMERALD_2020-05-12-768x346.png 768w, https:\/\/awf.world\/wp-content\/uploads\/2020\/05\/Global-Response-COVID-19_EMERALD_2020-05-12-1024x462.png 1024w, https:\/\/awf.world\/wp-content\/uploads\/2020\/05\/Global-Response-COVID-19_EMERALD_2020-05-12.png 1191w\" sizes=\"auto, (max-width: 300px) 100vw, 300px\" \/><figcaption id=\"caption-attachment-24995\" class=\"wp-caption-text\">Les dirigeants des R\u00e9gions EMERALD et Am\u00e9rique du Nord lors de la r\u00e9union en ligne du 12 mai 2020<\/figcaption><\/figure>\n<p>Les pasteurs ont d\u00fb s\u2019adapter rapidement \u00e0 la nouvelle r\u00e9alit\u00e9 et beaucoup d\u2019entre eux travaillent encore plus pour prendre soin des membres de l\u2019\u00e9glise et r\u00e9pondre aux nouvelles demandes cr\u00e9\u00e9es par la pand\u00e9mie. Les pasteurs recherchent une formation suppl\u00e9mentaire sur la communication en ligne pour un pastorat et une sensibilisation plus efficaces.<\/p>\n<p>D\u2019un autre c\u00f4t\u00e9, les finances de l\u2019\u00e9glise ont \u00e9t\u00e9 grandement affect\u00e9es par la pand\u00e9mie, en particulier dans les r\u00e9gions moins dot\u00e9es en ressources o\u00f9 les membres de l\u2019\u00e9glise travaillent au jour le jour. D\u2019apr\u00e8s le t\u00e9moignage de nombreux pr\u00e9sidents d\u2019\u00e9glises nationaux, il est devenu clair que notre R\u00e9ponse Globale doit \u00e9galement prendre soin de notre cercle restreint de pasteurs et de familles de l\u2019Alliance. En plus des revers financiers, de nombreux pasteurs et dirigeants se sont sentis stress\u00e9s par la nouvelle situation et les exigences.<\/p>\n<figure id=\"attachment_24992\" aria-describedby=\"caption-attachment-24992\" style=\"width: 300px\" class=\"wp-caption alignleft\"><img loading=\"lazy\" decoding=\"async\" class=\"size-medium wp-image-24992\" src=\"http:\/\/awf.world\/wp-content\/uploads\/2020\/05\/Global-Response-COVID-19_APAC_2020-05-13-300x174.png\" alt=\"\" width=\"300\" height=\"174\" srcset=\"https:\/\/awf.world\/wp-content\/uploads\/2020\/05\/Global-Response-COVID-19_APAC_2020-05-13-300x174.png 300w, https:\/\/awf.world\/wp-content\/uploads\/2020\/05\/Global-Response-COVID-19_APAC_2020-05-13-768x446.png 768w, https:\/\/awf.world\/wp-content\/uploads\/2020\/05\/Global-Response-COVID-19_APAC_2020-05-13-1024x594.png 1024w, https:\/\/awf.world\/wp-content\/uploads\/2020\/05\/Global-Response-COVID-19_APAC_2020-05-13.png 1158w\" sizes=\"auto, (max-width: 300px) 100vw, 300px\" \/><figcaption id=\"caption-attachment-24992\" class=\"wp-caption-text\">Les dirigeants de la R\u00e9gion APAC lors de la r\u00e9union en ligne tenue le 13 mai 2020<\/figcaption><\/figure>\n<p>La premi\u00e8re \u00e9tape d\u2019une R\u00e9ponse Globale \u00e0 COVID-19 a \u00e9t\u00e9 r\u00e9alis\u00e9e alors que pr\u00e8s de 100 repr\u00e9sentants de 38 pays membres de l\u2019UMA se sont r\u00e9unis dans quatre r\u00e9unions diff\u00e9rentes du 11 au 13 mai pour partager leur point de vue et leurs exp\u00e9riences. Le 15 mai, un groupe de travail form\u00e9 par les repr\u00e9sentants des minist\u00e8res de secours et de d\u00e9veloppement des \u00c9tats-Unis, du Canada et des Pays-Bas, entre autres, rencontrera le comit\u00e9 ex\u00e9cutif de l\u2019Union Mondiale de l\u2019Alliance pour discerner ensemble les prochaines \u00e9tapes de ce projet.<\/p>\n<p>Nous comptons sur vos pri\u00e8res.<\/p>\n","protected":false},"author":24,"featured_media":24998,"template":"","meta":{"inline_featured_image":false,"ngg_post_thumbnail":0,"_EventAllDay":false,"_EventTimezone":"","_EventStartDate":"","_EventEndDate":"","_EventStartDateUTC":"","_EventEndDateUTC":"","_EventShowMap":false,"_EventShowMapLink":false,"_EventURL":"","_EventCost":"","_EventCostDescription":"","_EventCurrencySymbol":"","_EventCurrencyCode":"","_EventCurrencyPosition":"","_EventDateTimeSeparator":"","_EventTimeRangeSeparator":"","_EventOrganizerID":[],"_EventVenueID":[],"_OrganizerEmail":"","_OrganizerPhone":"","_OrganizerWebsite":"","_VenueAddress":"","_VenueCity":"","_VenueCountry":"","_VenueProvince":"","_VenueState":"","_VenueZip":"","_VenuePhone":"","_VenueURL":"","_VenueStateProvince":"","_VenueLat":"","_VenueLng":"","_VenueShowMap":false,"_VenueShowMapLink":false},"categories":[33],"tags":[277,208,196,228,200,682,204,273,272],"class_list":["post-25006","awf-news","type-awf-news","status-publish","has-post-thumbnail","hentry","category-news-fr","tag-afrique","tag-amerique-latine","tag-apac-fr","tag-cla-fr","tag-emerald-fr","tag-famille-de-lalliance-mondiale","tag-leadership-fr","tag-secours-et-developpement","tag-travail-social"],"_links":{"self":[{"href":"https:\/\/awf.world\/fr\/wp-json\/wp\/v2\/awf-news\/25006","targetHints":{"allow":["GET"]}}],"collection":[{"href":"https:\/\/awf.world\/fr\/wp-json\/wp\/v2\/awf-news"}],"about":[{"href":"https:\/\/awf.world\/fr\/wp-json\/wp\/v2\/types\/awf-news"}],"author":[{"embeddable":true,"href":"https:\/\/awf.world\/fr\/wp-json\/wp\/v2\/users\/24"}],"wp:featuredmedia":[{"embeddable":true,"href":"https:\/\/awf.world\/fr\/wp-json\/wp\/v2\/media\/24998"}],"wp:attachment":[{"href":"https:\/\/awf.world\/fr\/wp-json\/wp\/v2\/media?parent=25006"}],"wp:term":[{"taxonomy":"category","embeddable":true,"href":"https:\/\/awf.world\/fr\/wp-json\/wp\/v2\/categories?post=25006"},{"taxonomy":"post_tag","embeddable":true,"href":"https:\/\/awf.world\/fr\/wp-json\/wp\/v2\/tags?post=25006"}],"curies":[{"name":"wp","href":"https:\/\/api.w.org\/{rel}","templated":true}]}}