{"id":24963,"date":"2020-04-23T13:01:47","date_gmt":"2020-04-23T18:01:47","guid":{"rendered":"http:\/\/awf.world\/awf-news\/la-famille-de-lalliance-mondiale-travaille-sur-une-reponse-mondiale-au-covid-19\/"},"modified":"2020-05-28T12:17:15","modified_gmt":"2020-05-28T17:17:15","slug":"la-famille-de-lalliance-mondiale-travaille-sur-une-reponse-mondiale-au-covid-19","status":"publish","type":"awf-news","link":"https:\/\/awf.world\/fr\/awf-news\/la-famille-de-lalliance-mondiale-travaille-sur-une-reponse-mondiale-au-covid-19\/","title":{"rendered":"La Famille de l\u2019Alliance Mondiale Travaille sur une R\u00e9ponse Mondiale au COVID-19"},"content":{"rendered":"<p style=\"text-align: justify;\"><strong>L\u2019UMA et CAMA Services (Alliance Missions &#8211; USA) travaillent ensemble pour mobiliser une r\u00e9ponse mondiale \u00e0 la pand\u00e9mie de COVID-19. J\u00e9sus est un sauveur compatissant qui nous appelle \u00e0 l\u2019action. En priant ensemble, nous nous sommes sentis oblig\u00e9s de chercher une r\u00e9ponse rapide et efficace aux besoins des personnes les plus vuln\u00e9rables parmi celles desservies par les \u00e9glises de l\u2019Alliance dans le monde. Un\u00a0<a href=\"https:\/\/awf.world\/fr\/donner\/\" target=\"_blank\" rel=\"noopener\">lien de donation<\/a> vers le projet est d\u00e9j\u00e0 en place sur le site Web de l\u2019UMA.<\/strong><\/p>\n<p>L\u2019ampleur et la gravit\u00e9 de l\u2019impact de la pand\u00e9mie de COVID-19 sur le monde sont encore inconnues, mais la crise devrait d\u00e9vaster les personnes les plus vuln\u00e9rables. Le virus affecte d\u00e9j\u00e0 de mani\u00e8re disproportionn\u00e9e les pauvres des pays riches, o\u00f9 se concentrent les cas les plus connus.<\/p>\n<p>Le minist\u00e8re de la Compassion est au c\u0153ur du Mouvement Missionnaire de l\u2019Alliance Chr\u00e9tienne et Missionnaire depuis le d\u00e9but. CAMA Services (\u00c9tats-Unis), Compassion et Justice (Canada), CAMA Zending (Pays-Bas) et Mission de l\u2019Alliance de Hong Kong ont \u00e9t\u00e9 en premi\u00e8re ligne de ce minist\u00e8re. Alors que le mouvement de l\u2019Alliance se d\u00e9veloppe, nous recherchons l\u2019engagement de plus d\u2019\u00e9glises nationales pour multiplier ses ressources et \u00e9largir sa port\u00e9e.<\/p>\n<p>Afin d\u2019offrir une r\u00e9ponse unifi\u00e9e de l\u2019Alliance, nous invitons les Pr\u00e9sidents des \u00c9glises Nationales et les Directeurs des d\u00e9partements de Secours et de D\u00e9veloppement \u00e0 se r\u00e9unir en mai, dans diff\u00e9rentes langues et fuseaux horaires. L\u2019objectif de la r\u00e9union est de collecter des informations sur les besoins des communaut\u00e9s les plus vuln\u00e9rables desservies par l\u2019Alliance dans le monde et de discuter de r\u00e9ponses rapides et bien cibl\u00e9es. Les r\u00e9unions de deux heures se tiendront en anglais (deux r\u00e9unions), en espagnol et en fran\u00e7ais, du 11 au 13 mai.<\/p>\n<p>La rencontre fran\u00e7aise des R\u00e9gions Africaine et Europ\u00e9enne se tiendra le 11 mai, \u00e0 l&rsquo;heure suivante :<br \/>\nMinneapolis: Lundi, 11 Mai 2020, 9:00<br \/>\nS\u00e3o Paulo: Lundi, 11 Mai 2020, 11:00<br \/>\nConakry: Lundi, 11 Mai 2020, 14:00<br \/>\nAbidjan: Lundi, 11 Mai 2020, 14:00<br \/>\nBamako: Lundi, 11 Mai 2020, 14:00<br \/>\nLibreville: Lundi, 11 Mai 2020, 15:00<br \/>\nKinshasa: Lundi, 11 Mai 2020, 15:00<br \/>\nLuanda: Lundi, 11 Mai 2020, 15:00<br \/>\nBangkok: Lundi, 11 Mai 2020, 21:00<\/p>\n","protected":false},"author":24,"featured_media":24930,"template":"","meta":{"inline_featured_image":false,"ngg_post_thumbnail":0,"_EventAllDay":false,"_EventTimezone":"","_EventStartDate":"","_EventEndDate":"","_EventStartDateUTC":"","_EventEndDateUTC":"","_EventShowMap":false,"_EventShowMapLink":false,"_EventURL":"","_EventCost":"","_EventCostDescription":"","_EventCurrencySymbol":"","_EventCurrencyCode":"","_EventCurrencyPosition":"","_EventDateTimeSeparator":"","_EventTimeRangeSeparator":"","_EventOrganizerID":[],"_EventVenueID":[],"_OrganizerEmail":"","_OrganizerPhone":"","_OrganizerWebsite":"","_VenueAddress":"","_VenueCity":"","_VenueCountry":"","_VenueProvince":"","_VenueState":"","_VenueZip":"","_VenuePhone":"","_VenueURL":"","_VenueStateProvince":"","_VenueLat":"","_VenueLng":"","_VenueShowMap":false,"_VenueShowMapLink":false},"categories":[33],"tags":[682,273,272],"class_list":["post-24963","awf-news","type-awf-news","status-publish","has-post-thumbnail","hentry","category-news-fr","tag-famille-de-lalliance-mondiale","tag-secours-et-developpement","tag-travail-social"],"_links":{"self":[{"href":"https:\/\/awf.world\/fr\/wp-json\/wp\/v2\/awf-news\/24963","targetHints":{"allow":["GET"]}}],"collection":[{"href":"https:\/\/awf.world\/fr\/wp-json\/wp\/v2\/awf-news"}],"about":[{"href":"https:\/\/awf.world\/fr\/wp-json\/wp\/v2\/types\/awf-news"}],"author":[{"embeddable":true,"href":"https:\/\/awf.world\/fr\/wp-json\/wp\/v2\/users\/24"}],"wp:featuredmedia":[{"embeddable":true,"href":"https:\/\/awf.world\/fr\/wp-json\/wp\/v2\/media\/24930"}],"wp:attachment":[{"href":"https:\/\/awf.world\/fr\/wp-json\/wp\/v2\/media?parent=24963"}],"wp:term":[{"taxonomy":"category","embeddable":true,"href":"https:\/\/awf.world\/fr\/wp-json\/wp\/v2\/categories?post=24963"},{"taxonomy":"post_tag","embeddable":true,"href":"https:\/\/awf.world\/fr\/wp-json\/wp\/v2\/tags?post=24963"}],"curies":[{"name":"wp","href":"https:\/\/api.w.org\/{rel}","templated":true}]}}