{"id":24855,"date":"2020-04-01T12:50:13","date_gmt":"2020-04-01T17:50:13","guid":{"rendered":"http:\/\/awf.world\/awf-news\/le-comite-executif-de-luma-se-reunit-pour-planifier-les-prochaines-etapes-alors-que-le-monde-fait-face-a-une-pandemie\/"},"modified":"2020-04-01T12:50:13","modified_gmt":"2020-04-01T17:50:13","slug":"le-comite-executif-de-luma-se-reunit-pour-planifier-les-prochaines-etapes-alors-que-le-monde-fait-face-a-une-pandemie","status":"publish","type":"awf-news","link":"https:\/\/awf.world\/fr\/awf-news\/le-comite-executif-de-luma-se-reunit-pour-planifier-les-prochaines-etapes-alors-que-le-monde-fait-face-a-une-pandemie\/","title":{"rendered":"Le Comit\u00e9 Ex\u00e9cutif de l\u2019UMA se R\u00e9unit pour Planifier les Prochaines \u00c9tapes Alors que le Monde fait Face \u00e0 une Pand\u00e9mie"},"content":{"rendered":"<h3 style=\"text-align: justify;\">Le Comit\u00e9 Ex\u00e9cutif de l\u2019UMA s\u2019est r\u00e9uni la semaine derni\u00e8re \u00e0 l\u2019aide d\u2019un syst\u00e8me de vid\u00e9o-conf\u00e9rence au milieu de la plus grande crise sanitaire mondiale du si\u00e8cle. Les pr\u00e9paratifs de la Convocation Quadriennale de l\u2019UMA, qui aura lieu en octobre 2020, ont attir\u00e9 beaucoup d\u2019attention. Tout le monde s\u2019est r\u00e9joui de r\u00e9aliser que Dieu continue \u00e0 travailler en renfor\u00e7ant l\u2019identit\u00e9 de l\u2019Alliance et en formant de nombreux nouveaux projets missionnaires coop\u00e9ratifs \u00e0 travers le monde.<\/h3>\n<p>Ken Baldes (Tr\u00e9sorier de l\u2019UMA) a accept\u00e9 de se r\u00e9veiller avant 5 h 00 et Roland Lumawag (Coordinateur R\u00e9gional de l\u2019APAC) a accept\u00e9 de se coucher apr\u00e8s minuit. C\u2019est ainsi que le\u00a0<a href=\"http:\/\/awf.world\/fr\/comite-executif-de-la-awf\/\" target=\"_blank\" rel=\"noopener\">Comit\u00e9 Ex\u00e9cutif de l\u2019UMA<\/a> a pu se r\u00e9unir du 24 au 28 mars, cinq heures par jour, en utilisant un syst\u00e8me de vid\u00e9o-conf\u00e9rence qui s\u2019est bien d\u00e9roul\u00e9, gr\u00e2ce au Seigneur. La premi\u00e8re r\u00e9union, face \u00e0 face, devait avoir lieu \u00e0 Beyrouth, au Liban, mais a d\u00fb \u00eatre modifi\u00e9e en raison des instabilit\u00e9s politiques au Moyen-Orient \u00e0 la fin de l\u2019ann\u00e9e derni\u00e8re. Il a ensuite \u00e9t\u00e9 d\u00e9plac\u00e9 \u00e0 S\u00e9oul, en Cor\u00e9e du Sud, puis \u00e0 Madrid, en Espagne, en raison de l\u2019\u00e9pid\u00e9mie de COVID-19 jusqu\u2019\u00e0 ce que la r\u00e9union en face \u00e0 face soit annul\u00e9e lorsqu\u2019elle est devenue une pand\u00e9mie.<\/p>\n<p>Les recommandations suivantes seront pr\u00e9sent\u00e9es \u00e0 l\u2019Assembl\u00e9e G\u00e9n\u00e9rale de la <a href=\"https:\/\/awf2020.world\/fr\" target=\"_blank\" rel=\"noopener\">Convocation Quadriennale de l\u2019UMA<\/a>, qui a \u00e9t\u00e9 confirm\u00e9e en octobre de cette ann\u00e9e : Les demandes d\u2019adh\u00e9sion de l\u2019\u00c9glise de l\u2019Alliance de Cor\u00e9e et de l\u2019Alliance Chr\u00e9tienne et Missionnaire du N\u00e9pal ont \u00e9t\u00e9 accept\u00e9es. Et un amendement \u00e0 la Constitution de l\u2019UMA concernant le processus de nomination sera pr\u00e9sent\u00e9.<\/p>\n<p>Les r\u00e9gions de l\u2019UMA travailleront en \u00e9troite coop\u00e9ration avec la<a href=\"http:\/\/awf.world\/fr\/commission-deducation-theologique\/\" target=\"_blank\" rel=\"noopener\">Commission Internationale d\u2019\u00c9ducation Th\u00e9ologique<\/a> pour\u00a0organiser des s\u00e9minaires sur l\u2019Histoire et la Pens\u00e9e de l\u2019Alliance et des Symposiums Th\u00e9ologiques.<\/p>\n<p>La participation d\u2019hommes d\u2019affaires aux missions a \u00e9galement \u00e9t\u00e9 \u00e9voqu\u00e9e. Au lieu d\u2019\u00eatre le seul fournisseur de ressources financi\u00e8res, un mod\u00e8le a \u00e9t\u00e9 propos\u00e9 pour que les hommes d\u2019affaires jouent un r\u00f4le central dans l\u2019entreprise, envisageant, investissant et \u00e9tablissant une plate-forme \u00e0 long terme qui sera utilis\u00e9e pour effectuer des missions dans les pays \u00e0 \u00ab acc\u00e8s cr\u00e9atif \u00bb, en partenariat formel \u00e9troit avec l\u2019\u00e9glise nationale.<\/p>\n<p>De nombreux projets missionnaires en partenariat entre deux ou plusieurs \u00e9glises nationales ont \u00e9t\u00e9 pr\u00e9sent\u00e9s et discut\u00e9s. Ces projets concernent neuf groupes ethniques non atteints dispers\u00e9s en Afrique du Nord, en Asie centrale et en Asie du Sud-Est.<\/p>\n<p>La prochaine r\u00e9union du Comit\u00e9 Ex\u00e9cutif de l\u2019UMA aura lieu par vid\u00e9o-conf\u00e9rence le 22 juin 2020.<\/p>\n","protected":false},"author":24,"featured_media":24852,"template":"","meta":{"inline_featured_image":false,"ngg_post_thumbnail":0,"_EventAllDay":false,"_EventTimezone":"","_EventStartDate":"","_EventEndDate":"","_EventStartDateUTC":"","_EventEndDateUTC":"","_EventShowMap":false,"_EventShowMapLink":false,"_EventURL":"","_EventCost":"","_EventCostDescription":"","_EventCurrencySymbol":"","_EventCurrencyCode":"","_EventCurrencyPosition":"","_EventDateTimeSeparator":"","_EventTimeRangeSeparator":"","_EventOrganizerID":[],"_EventVenueID":[],"_OrganizerEmail":"","_OrganizerPhone":"","_OrganizerWebsite":"","_VenueAddress":"","_VenueCity":"","_VenueCountry":"","_VenueProvince":"","_VenueState":"","_VenueZip":"","_VenuePhone":"","_VenueURL":"","_VenueStateProvince":"","_VenueLat":"","_VenueLng":"","_VenueShowMap":false,"_VenueShowMapLink":false},"categories":[33],"tags":[677,382,204],"class_list":["post-24855","awf-news","type-awf-news","status-publish","has-post-thumbnail","hentry","category-news-fr","tag-comite-executif-de-luma","tag-convocation-quadriennale","tag-leadership-fr"],"_links":{"self":[{"href":"https:\/\/awf.world\/fr\/wp-json\/wp\/v2\/awf-news\/24855","targetHints":{"allow":["GET"]}}],"collection":[{"href":"https:\/\/awf.world\/fr\/wp-json\/wp\/v2\/awf-news"}],"about":[{"href":"https:\/\/awf.world\/fr\/wp-json\/wp\/v2\/types\/awf-news"}],"author":[{"embeddable":true,"href":"https:\/\/awf.world\/fr\/wp-json\/wp\/v2\/users\/24"}],"wp:featuredmedia":[{"embeddable":true,"href":"https:\/\/awf.world\/fr\/wp-json\/wp\/v2\/media\/24852"}],"wp:attachment":[{"href":"https:\/\/awf.world\/fr\/wp-json\/wp\/v2\/media?parent=24855"}],"wp:term":[{"taxonomy":"category","embeddable":true,"href":"https:\/\/awf.world\/fr\/wp-json\/wp\/v2\/categories?post=24855"},{"taxonomy":"post_tag","embeddable":true,"href":"https:\/\/awf.world\/fr\/wp-json\/wp\/v2\/tags?post=24855"}],"curies":[{"name":"wp","href":"https:\/\/api.w.org\/{rel}","templated":true}]}}