{"id":24849,"date":"2020-04-01T12:32:06","date_gmt":"2020-04-01T17:32:06","guid":{"rendered":"http:\/\/awf.world\/awf-news\/connaissez-esnilder-popo-le-nouveau-president-de-leglise-cma-de-la-colombie\/"},"modified":"2020-04-01T12:32:06","modified_gmt":"2020-04-01T17:32:06","slug":"connaissez-esnilder-popo-le-nouveau-president-de-leglise-cma-de-la-colombie","status":"publish","type":"awf-news","link":"https:\/\/awf.world\/fr\/awf-news\/connaissez-esnilder-popo-le-nouveau-president-de-leglise-cma-de-la-colombie\/","title":{"rendered":"Connaissez Esnilder Popo, le Nouveau Pr\u00e9sident de l\u2019\u00c9glise CMA de la Colombie"},"content":{"rendered":"<h3 style=\"text-align: justify;\">Esnilder Popo a grandi dans un foyer chr\u00e9tien, apprenant \u00e0 aimer et \u00e0 servir le Seigneur d\u00e8s son jeune \u00e2ge. En tant que pr\u00e9sident de l\u2019\u00c9glise nationale, il pr\u00e9voit de revitaliser les \u00e9glises, de renforcer et de d\u00e9velopper leurs minist\u00e8res et de se concentrer sur l\u2019implantation d\u2019\u00e9glises et les missions.<\/h3>\n<p>Le pasteur Esnilder Popo Colorado est n\u00e9 le 27 mai 1967, \u00e0 Santander de Quilichao Cauca et a grandi dans une maison avec des principes chr\u00e9tiens : ses grands-parents du c\u00f4t\u00e9 de son p\u00e8re \u00e9taient membres de l\u2019Alliance Chr\u00e9tienne et du c\u00f4t\u00e9 de sa m\u00e8re \u00e9taient membres de l\u2019Union Missionnaire. Lorsque ses parents se sont mari\u00e9s, ils ont fr\u00e9quent\u00e9 l\u2019\u00c9glise de l\u2019Alliance Chr\u00e9tienne et Missionnaire. Tous ses fr\u00e8res et s\u0153urs dirigent les \u00e9glises qu\u2019ils fr\u00e9quentent en Colombie. Il a \u00e9pous\u00e9 Irma Rivera Perdomo en 1998 et ils ont deux enfants : Zurisaday, 19 ans et Sneyder Camilo, 14 ans.<\/p>\n<p>Le r\u00e9v\u00e9rend Popo a commenc\u00e9 ses \u00e9tudes professionnelles \u00e0 l\u2019Universidad Nacional Abierta y a Distancia (UNAD), o\u00f9 il a re\u00e7u le titre de psychologue social communautaire. Il a commenc\u00e9 ses \u00e9tudes th\u00e9ologiques au S\u00e9minaire Biblique de l\u2019Alliance de Cali et a obtenu son baccalaur\u00e9at en Bible et en Th\u00e9ologie au S\u00e9minaire Biblique de l\u2019Alliance de Colombie (SEBAC). Il est entr\u00e9 au minist\u00e8re \u00e0 plein temps en 1993 en tant que pasteur adjoint \u00e0 l\u2019\u00c9glise de l\u2019Alliance Chr\u00e9tienne et Missionnaire de Santander \u00e0 Quilichao. En ao\u00fbt 1998, il a \u00e9t\u00e9 \u00e9lu pasteur principal de cette \u00e9glise.<\/p>\n<p>En ao\u00fbt 2003, le r\u00e9v\u00e9rend Popo a \u00e9t\u00e9 transf\u00e9r\u00e9 par la direction nationale au si\u00e8ge de l\u2019Alliance \u00e0 Popay\u00e1n pour \u00eatre le pasteur principal, et il y sert actuellement. Le pasteur Esnilder exerce \u00e9galement les fonctions de Directeur de la R\u00e9gion Sud de l\u2019Alliance en Colombie, form\u00e9e par les d\u00e9partements du Cauca et une partie de Nari\u00f1o. Cela fait de lui un membre du Conseil National d\u2019Administration (CODIN).<\/p>\n<p>Le pasteur Esnilder a \u00e9t\u00e9 \u00e9lu pour un mandat de quatre ans \u00e0 la pr\u00e9sidence de l\u2019\u00c9glise CMA en Colombie \u00e0 l\u2019Assembl\u00e9e Nationale en mars 2020. Au cours de cette p\u00e9riode (2020-2024), il pr\u00e9voit une revitalisation s\u00e9rieuse des \u00e9glises en Colombie. Ils souhaitent investir le temps n\u00e9cessaire dans le d\u00e9veloppement de la pastorale soins, le renforcement du travail d\u2019\u00e9quipe des organes pastoraux et administratifs, l\u2019implantation d\u2019\u00e9glises \u00e0 partir de l\u2019\u00e9glise locale et la projection d\u2019\u00e9glises multi-sites de l\u2019Alliance \u00e0 travers le pays. Ils veulent \u00e9galement commencer \u00e0 d\u00e9velopper et \u00e0 restructurer le centre de convention Ebenezer, ainsi qu\u2019\u00e0 cr\u00e9er une coop\u00e9rative qu\u2019ils ont pr\u00e9vue pour les ann\u00e9es pr\u00e9c\u00e9dentes.<\/p>\n<p>Ils pr\u00e9voient \u00e9galement de d\u00e9velopper et d\u2019\u00e9largir davantage leurs d\u00e9partements minist\u00e9riels et administratifs. \u00ab L\u2019id\u00e9e est qu\u2019au cours de cette p\u00e9riode, nous reproduisons les d\u00e9partements et minist\u00e8res des r\u00e9gions et des \u00e9glises locales avec l\u2019engagement et la qualit\u00e9 avec lesquels ils sont g\u00e9r\u00e9s au niveau national \u00bb, explique le r\u00e9v\u00e9rend Esnilder.<\/p>\n<p>Il nous demande de prier pour sa famille, afin qu\u2019ils puissent avoir une transition et une adaptation en douceur lorsqu\u2019ils d\u00e9m\u00e9nagent dans une autre ville. Il nous demande \u00e9galement de prier pour leur minist\u00e8re, afin que Dieu leur donne la sagesse et la capacit\u00e9 de diriger au milieu de cette formidable pand\u00e9mie mondiale. Priez aussi pour le si\u00e8ge national de l\u2019Alliance : que le Seigneur leur permette, en \u00e9quipe, de se d\u00e9velopper et de se connecter avec tous les pasteurs pour travailler ensemble \u00e0 la r\u00e9alisation des plans que Dieu a mis dans leur c\u0153ur.<\/p>\n","protected":false},"author":24,"featured_media":25042,"template":"","meta":{"inline_featured_image":false,"ngg_post_thumbnail":0,"_EventAllDay":false,"_EventTimezone":"","_EventStartDate":"","_EventEndDate":"","_EventStartDateUTC":"","_EventEndDateUTC":"","_EventShowMap":false,"_EventShowMapLink":false,"_EventURL":"","_EventCost":"","_EventCostDescription":"","_EventCurrencySymbol":"","_EventCurrencyCode":"","_EventCurrencyPosition":"","_EventDateTimeSeparator":"","_EventTimeRangeSeparator":"","_EventOrganizerID":[],"_EventVenueID":[],"_OrganizerEmail":"","_OrganizerPhone":"","_OrganizerWebsite":"","_VenueAddress":"","_VenueCity":"","_VenueCountry":"","_VenueProvince":"","_VenueState":"","_VenueZip":"","_VenuePhone":"","_VenueURL":"","_VenueStateProvince":"","_VenueLat":"","_VenueLng":"","_VenueShowMap":false,"_VenueShowMapLink":false},"categories":[152,33],"tags":[208,195],"class_list":["post-24849","awf-news","type-awf-news","status-publish","has-post-thumbnail","hentry","category-latin-america-fr","category-news-fr","tag-amerique-latine","tag-biography-fr"],"_links":{"self":[{"href":"https:\/\/awf.world\/fr\/wp-json\/wp\/v2\/awf-news\/24849","targetHints":{"allow":["GET"]}}],"collection":[{"href":"https:\/\/awf.world\/fr\/wp-json\/wp\/v2\/awf-news"}],"about":[{"href":"https:\/\/awf.world\/fr\/wp-json\/wp\/v2\/types\/awf-news"}],"author":[{"embeddable":true,"href":"https:\/\/awf.world\/fr\/wp-json\/wp\/v2\/users\/24"}],"wp:featuredmedia":[{"embeddable":true,"href":"https:\/\/awf.world\/fr\/wp-json\/wp\/v2\/media\/25042"}],"wp:attachment":[{"href":"https:\/\/awf.world\/fr\/wp-json\/wp\/v2\/media?parent=24849"}],"wp:term":[{"taxonomy":"category","embeddable":true,"href":"https:\/\/awf.world\/fr\/wp-json\/wp\/v2\/categories?post=24849"},{"taxonomy":"post_tag","embeddable":true,"href":"https:\/\/awf.world\/fr\/wp-json\/wp\/v2\/tags?post=24849"}],"curies":[{"name":"wp","href":"https:\/\/api.w.org\/{rel}","templated":true}]}}