{"id":24834,"date":"2020-03-19T15:04:09","date_gmt":"2020-03-19T20:04:09","guid":{"rendered":"http:\/\/awf.world\/awf-news\/une-vie-plus-profonde-et-des-missions-au-coeur-du-ministere-de-licte\/"},"modified":"2020-04-01T13:18:37","modified_gmt":"2020-04-01T18:18:37","slug":"une-vie-plus-profonde-et-des-missions-au-coeur-du-ministere-de-licte","status":"publish","type":"awf-news","link":"https:\/\/awf.world\/fr\/awf-news\/une-vie-plus-profonde-et-des-missions-au-coeur-du-ministere-de-licte\/","title":{"rendered":"Une Vie Plus Profonde et des Missions au C\u0153ur du Minist\u00e8re de l\u2019ICTE"},"content":{"rendered":"<h3 style=\"text-align: justify;\">La r\u00e9union de la Commission Internationale d\u2019\u00c9ducation Th\u00e9ologique (ICTE) a fait \u00e9cho au th\u00e8me de la prochaine convocation quadriennale de l\u2019UMA : l\u2019intersection entre la Vie Plus Profonde et les Missions. Le projet de D\u00e9claration de Guayaquil a \u00e9t\u00e9 conclu et les deux laur\u00e9ats du Prix de Th\u00e9ologie de l\u2019UMA ont \u00e9t\u00e9 s\u00e9lectionn\u00e9s.<\/h3>\n<p>La r\u00e9union pr\u00e9vue d\u2019<a href=\"https:\/\/awf.world\/fr\/commission-deducation-theologique\/\" target=\"_blank\" rel=\"noopener\">ICTE<\/a> \u00e0 Amsterdam a malheureusement \u00e9t\u00e9 annul\u00e9e en raison de la crise corona mondiale. Nous pouvions cependant nous r\u00e9unir en ligne par vid\u00e9o-conf\u00e9rence et nous avons pass\u00e9 un bon moment ensemble.<\/p>\n<p>Nous avons travaill\u00e9 sur les pr\u00e9paratifs de la\u00a0<a href=\"https:\/\/awf2020.world\/fr\" target=\"_blank\" rel=\"noopener\">Quadriennale de l\u2019UMA<\/a> \u00e0 Guayaquil, en \u00c9quateur, en octobre prochain. Ensemble, nous avons finalis\u00e9 la D\u00e9claration de Guayaquil qui accentue la Vie Plus Profonde et les Missions.<\/p>\n<p>De plus, nous avons travaill\u00e9 sur le contenu de l\u2019Atelier d\u2019\u00c9ducation Th\u00e9ologique qui sera offert pendant la p\u00e9riode quadriennale et nous avons choisi les deux articles gagnants pour le <a href=\"https:\/\/awf.world\/fr\/awf-news\/prix-de-theologie-de-lawf\/\" target=\"_blank\" rel=\"noopener\">Prix de Th\u00e9ologie de l\u2019UMA<\/a>. Les auteurs seront r\u00e9compens\u00e9s par une entr\u00e9e gratuite \u00e0 la Quadriennale.<\/p>\n<p>\u00c0 la Quadriennale, une nouvelle publication de A. B. Simpson sera lanc\u00e9e. L\u2019ICTE a compil\u00e9 un certain nombre d\u2019articles importants de Simpson et les a rassembl\u00e9s dans un livre en un volume qui sera disponible en anglais et en espagnol.<\/p>\n<p>Les pr\u00e9paratifs pr\u00e9liminaires ont \u00e9t\u00e9 faits pour une nouvelle\u00a0<a href=\"https:\/\/awf.world\/fr\/awf-news\/initiative-de-formation-de-lawf-icte-des-jeunes-etudiants\/\" target=\"_blank\" rel=\"noopener\">Initiative des Jeunes \u00c9tudiants<\/a> qui se tiendra au cours de l\u2019\u00e9t\u00e9 2021.<\/p>\n<p>Nous sommes tr\u00e8s heureux d\u2019entendre de nombreux retours positifs sur les diff\u00e9rents S\u00e9minaires de l\u2019Alliance qui ont eu lieu dans les diff\u00e9rentes r\u00e9gions. Le temps viendra o\u00f9 les voyages seront \u00e0 nouveau possibles, alors n\u2019h\u00e9sitez pas \u00e0 nous contacter pour organiser un S\u00e9minaire sur l\u2019ADN de l\u2019Alliance dans votre r\u00e9gion ou votre pays.<\/p>\n<p>Permettez-moi de conclure avec un mot d\u2019encouragement : le Psaume 46 : 10 dit : \u00ab Arr\u00eatez, et sachez que je suis Dieu \u00bb. En ces temps troublants, concentrons-nous et abandonnons-nous \u00e0 notre Seigneur : Christ notre Sauveur, Sanctificateur, Gu\u00e9risseur et Roi \u00e0 Venir.<\/p>\n","protected":false},"author":24,"featured_media":24830,"template":"","meta":{"inline_featured_image":false,"ngg_post_thumbnail":0,"_EventAllDay":false,"_EventTimezone":"","_EventStartDate":"","_EventEndDate":"","_EventStartDateUTC":"","_EventEndDateUTC":"","_EventShowMap":false,"_EventShowMapLink":false,"_EventURL":"","_EventCost":"","_EventCostDescription":"","_EventCurrencySymbol":"","_EventCurrencyCode":"","_EventCurrencyPosition":"","_EventDateTimeSeparator":"","_EventTimeRangeSeparator":"","_EventOrganizerID":[],"_EventVenueID":[],"_OrganizerEmail":"","_OrganizerPhone":"","_OrganizerWebsite":"","_VenueAddress":"","_VenueCity":"","_VenueCountry":"","_VenueProvince":"","_VenueState":"","_VenueZip":"","_VenuePhone":"","_VenueURL":"","_VenueStateProvince":"","_VenueLat":"","_VenueLng":"","_VenueShowMap":false,"_VenueShowMapLink":false},"categories":[33],"tags":[345,382,344,206],"class_list":["post-24834","awf-news","type-awf-news","status-publish","has-post-thumbnail","hentry","category-news-fr","tag-commission-internationale-pour-leducation-theologique","tag-convocation-quadriennale","tag-icte-fr","tag-missions-fr"],"_links":{"self":[{"href":"https:\/\/awf.world\/fr\/wp-json\/wp\/v2\/awf-news\/24834","targetHints":{"allow":["GET"]}}],"collection":[{"href":"https:\/\/awf.world\/fr\/wp-json\/wp\/v2\/awf-news"}],"about":[{"href":"https:\/\/awf.world\/fr\/wp-json\/wp\/v2\/types\/awf-news"}],"author":[{"embeddable":true,"href":"https:\/\/awf.world\/fr\/wp-json\/wp\/v2\/users\/24"}],"wp:featuredmedia":[{"embeddable":true,"href":"https:\/\/awf.world\/fr\/wp-json\/wp\/v2\/media\/24830"}],"wp:attachment":[{"href":"https:\/\/awf.world\/fr\/wp-json\/wp\/v2\/media?parent=24834"}],"wp:term":[{"taxonomy":"category","embeddable":true,"href":"https:\/\/awf.world\/fr\/wp-json\/wp\/v2\/categories?post=24834"},{"taxonomy":"post_tag","embeddable":true,"href":"https:\/\/awf.world\/fr\/wp-json\/wp\/v2\/tags?post=24834"}],"curies":[{"name":"wp","href":"https:\/\/api.w.org\/{rel}","templated":true}]}}