{"id":24799,"date":"2020-02-19T17:32:35","date_gmt":"2020-02-19T22:32:35","guid":{"rendered":"http:\/\/awf.world\/awf-news\/les-dirigeants-des-missions-dafrique-se-reunissent-pour-discerner-la-direction-de-dieu-pour-la-prochaine-decennie\/"},"modified":"2020-04-02T07:33:47","modified_gmt":"2020-04-02T12:33:47","slug":"les-dirigeants-des-missions-dafrique-se-reunissent-pour-discerner-la-direction-de-dieu-pour-la-prochaine-decennie","status":"publish","type":"awf-news","link":"https:\/\/awf.world\/fr\/awf-news\/les-dirigeants-des-missions-dafrique-se-reunissent-pour-discerner-la-direction-de-dieu-pour-la-prochaine-decennie\/","title":{"rendered":"Les Dirigeants des Missions d\u2019Afrique se R\u00e9unissent pour Discerner la Direction de Dieu pour la Prochaine D\u00e9cennie"},"content":{"rendered":"<h3 style=\"text-align: justify;\">L\u2019Alliance en Afrique est dispos\u00e9e \u00e0 \u00e9tendre son effort missionnaire, notamment en visant des groupes de personnes non atteints \u00e0 l\u2019int\u00e9rieur de leur pays, en Afrique du Nord et parmi la population de la diaspora. Telle est la conclusion du processus de discernement qui a eu lieu lors de la Consultation des Missions Africaines de l\u2019UMA \u00e0 Cotonou, B\u00e9nin, du 23 au 25 janvier.<\/h3>\n<p>Le premier jour, le pr\u00e9sident de l\u2019UMA, Jura Yanagihara, a pr\u00e9sent\u00e9 un aper\u00e7u des missions mondiales de l\u2019Alliance et des possibilit\u00e9 pour les \u00c9glises de l\u2019Alliance\u00a0Chr\u00e9tienne et Missionnaire en Afrique. L\u2019Afrique repr\u00e9sente 40 % de l\u2019ensemble des membres de l\u2019UMA. Ses 293 missionnaires, qui travaillent principalement dans des missions inter-culturelles \u00e0 l\u2019int\u00e9rieur de leur propre pays, repr\u00e9sentent 17 % du travail missionnaire de l\u2019Alliance mondiale. Il existe de nombreux groupes de personnes non atteints qui vivent dans, ou \u00e0 proximit\u00e9, des pays o\u00f9 l\u2019Alliance est pr\u00e9sente. C\u2019\u00e9tait l\u2019arri\u00e8re-plan du processus de discernement qui a eu lieu \u00e0 cette \u00e9poque.<\/p>\n<p><img loading=\"lazy\" decoding=\"async\" class=\"aligncenter wp-image-24795 size-full\" src=\"http:\/\/awf.world\/wp-content\/uploads\/2020\/02\/Mission-Consultation-Africa_Cotonou-Benin_2020-022.jpg\" alt=\"\" width=\"1500\" height=\"844\" srcset=\"https:\/\/awf.world\/wp-content\/uploads\/2020\/02\/Mission-Consultation-Africa_Cotonou-Benin_2020-022.jpg 1500w, https:\/\/awf.world\/wp-content\/uploads\/2020\/02\/Mission-Consultation-Africa_Cotonou-Benin_2020-022-300x169.jpg 300w, https:\/\/awf.world\/wp-content\/uploads\/2020\/02\/Mission-Consultation-Africa_Cotonou-Benin_2020-022-768x432.jpg 768w, https:\/\/awf.world\/wp-content\/uploads\/2020\/02\/Mission-Consultation-Africa_Cotonou-Benin_2020-022-1024x576.jpg 1024w\" sizes=\"auto, (max-width: 1500px) 100vw, 1500px\" \/><\/p>\n<p>Sous la direction du Coordinateur R\u00e9gional de l\u2019UMA Afrique, Celestin Koffi, trente repr\u00e9sentants des \u00c9glises de l\u2019Alliance du B\u00e9nin, du Burkina Faso, du Congo RDC, de la C\u00f4te d\u2019Ivoire, du Gabon, de la Guin\u00e9e Conakry, du Mali et du Togo ont pri\u00e9 et partag\u00e9 leurs points de vue sur six aspects de l\u2019\u0153uvre missionnaire : (1) Missions Int\u00e9rieures, (2) Missions en Afrique, (3) Missions de la Diaspora, (4) Formation Missionnaire, (5) Mobilisation des Ressources Humaines et (6) Collecte de Fonds pour les Missions. En cons\u00e9quence, une liste compl\u00e8te des actions strat\u00e9giques ont \u00e9t\u00e9 \u00e9labor\u00e9es par les six groupes de travail.<\/p>\n<p>L\u2019accent a \u00e9t\u00e9 mis sur : (1) plus d\u2019implantations d\u2019\u00e9glises parmi les personnes non atteintes \u00e0 l\u2019int\u00e9rieur de leurs pays respectifs, (2) tendant la main \u00e0 certains pays d\u2019Afrique du Nord ferm\u00e9s \u00e0 l\u2019\u00c9vangile, (3) ciblant la population de la diaspora non atteinte, (4) fournir une formation th\u00e9ologique et missiologique avec une formation professionnelle et d\u2019autres comp\u00e9tences telles que des comp\u00e9tences de narration, (5) renforcer les programmes de mobilisation de la mission dans les \u00e9glises et (6) am\u00e9liorer la collecte de fonds et la gestion des fonds.<\/p>\n<p>Il s\u2019agit de la deuxi\u00e8me r\u00e9union de ce type. Le premier s\u2019est produit \u00e0 Kinshasa, Congo RD, du 25 au 28 mai 2010, lorsque les objectifs d\u00e9cennaux et les actions des missions ont \u00e9t\u00e9 \u00e9tablies pour la p\u00e9riode 2010-2020.<\/p>\n","protected":false},"author":24,"featured_media":24793,"template":"","meta":{"inline_featured_image":false,"ngg_post_thumbnail":0,"_EventAllDay":false,"_EventTimezone":"","_EventStartDate":"","_EventEndDate":"","_EventStartDateUTC":"","_EventEndDateUTC":"","_EventShowMap":false,"_EventShowMapLink":false,"_EventURL":"","_EventCost":"","_EventCostDescription":"","_EventCurrencySymbol":"","_EventCurrencyCode":"","_EventCurrencyPosition":"","_EventDateTimeSeparator":"","_EventTimeRangeSeparator":"","_EventOrganizerID":[],"_EventVenueID":[],"_OrganizerEmail":"","_OrganizerPhone":"","_OrganizerWebsite":"","_VenueAddress":"","_VenueCity":"","_VenueCountry":"","_VenueProvince":"","_VenueState":"","_VenueZip":"","_VenuePhone":"","_VenueURL":"","_VenueStateProvince":"","_VenueLat":"","_VenueLng":"","_VenueShowMap":false,"_VenueShowMapLink":false},"categories":[284,33],"tags":[277,204,206],"class_list":["post-24799","awf-news","type-awf-news","status-publish","has-post-thumbnail","hentry","category-afrique","category-news-fr","tag-afrique","tag-leadership-fr","tag-missions-fr"],"_links":{"self":[{"href":"https:\/\/awf.world\/fr\/wp-json\/wp\/v2\/awf-news\/24799","targetHints":{"allow":["GET"]}}],"collection":[{"href":"https:\/\/awf.world\/fr\/wp-json\/wp\/v2\/awf-news"}],"about":[{"href":"https:\/\/awf.world\/fr\/wp-json\/wp\/v2\/types\/awf-news"}],"author":[{"embeddable":true,"href":"https:\/\/awf.world\/fr\/wp-json\/wp\/v2\/users\/24"}],"wp:featuredmedia":[{"embeddable":true,"href":"https:\/\/awf.world\/fr\/wp-json\/wp\/v2\/media\/24793"}],"wp:attachment":[{"href":"https:\/\/awf.world\/fr\/wp-json\/wp\/v2\/media?parent=24799"}],"wp:term":[{"taxonomy":"category","embeddable":true,"href":"https:\/\/awf.world\/fr\/wp-json\/wp\/v2\/categories?post=24799"},{"taxonomy":"post_tag","embeddable":true,"href":"https:\/\/awf.world\/fr\/wp-json\/wp\/v2\/tags?post=24799"}],"curies":[{"name":"wp","href":"https:\/\/api.w.org\/{rel}","templated":true}]}}