{"id":24790,"date":"2020-02-19T14:35:09","date_gmt":"2020-02-19T19:35:09","guid":{"rendered":"http:\/\/awf.world\/awf-news\/la-3e-conference-nafi-a-connu-une-croissance-et-un-rafraichissement-des-leaders-de-lalliance-en-inde\/"},"modified":"2020-04-02T07:39:08","modified_gmt":"2020-04-02T12:39:08","slug":"la-3e-conference-nafi-a-connu-une-croissance-et-un-rafraichissement-des-leaders-de-lalliance-en-inde","status":"publish","type":"awf-news","link":"https:\/\/awf.world\/fr\/awf-news\/la-3e-conference-nafi-a-connu-une-croissance-et-un-rafraichissement-des-leaders-de-lalliance-en-inde\/","title":{"rendered":"La 3e Conf\u00e9rence NAFI a Connu une Croissance et un Rafra\u00eechissement des Leaders de l\u2019Alliance en Inde"},"content":{"rendered":"<h3 style=\"text-align: justify;\">Pr\u00e8s de 50 pasteurs et dirigeants de l\u2019Alliance des \u00c9tats du Gujarat, du Maharashtra, de l\u2019Assam et de Calcutta se sont r\u00e9unis lors de la conf\u00e9rence sur le th\u00e8me \u00ab Vie Plus Profonde et Missions \u00bb. La conf\u00e9rence \u00e9tait la troisi\u00e8me r\u00e9union de la NAFI (Alliance Nationale Indienne), et la participation a doubl\u00e9 apr\u00e8s la deuxi\u00e8me r\u00e9union. De nombreux dirigeants du Maharashtra se sont joints pour la premi\u00e8re fois.<\/h3>\n<p><img loading=\"lazy\" decoding=\"async\" class=\"alignleft size-medium wp-image-24767\" src=\"http:\/\/awf.world\/wp-content\/uploads\/2020\/02\/NAFI-Meeting_2020-012-300x197.png\" alt=\"\" width=\"300\" height=\"197\" srcset=\"https:\/\/awf.world\/wp-content\/uploads\/2020\/02\/NAFI-Meeting_2020-012-300x197.png 300w, https:\/\/awf.world\/wp-content\/uploads\/2020\/02\/NAFI-Meeting_2020-012.png 523w\" sizes=\"auto, (max-width: 300px) 100vw, 300px\" \/><\/p>\n<p>Un pasteur a mentionn\u00e9 : \u00ab C\u2019est ma toute premi\u00e8re fois que j\u2019assiste \u00e0 ce rassemblement de pasteurs et de dirigeants apr\u00e8s 30 ans de pasteur au Synode du Maharashtra. Je suis tellement chanceux de pouvoir participer \u00e0 cette r\u00e9union de la NAFI. \u00bb<\/p>\n<p>Un autre a comment\u00e9 : \u00ab Il n\u2019y avait pas beaucoup de pasteurs qui \u00e9taient pr\u00e9sents \u00e0 la premi\u00e8re r\u00e9union de la NAFI parce que personne ne les avait invit\u00e9s. Comme ils ont \u00e9t\u00e9 invit\u00e9s cette fois, ils ont entendu des rumeurs, selon lesquelles il y aurait des d\u00e9cisions \u00e0 prendre en faveur de la NAFI. Mais apr\u00e8s avoir assist\u00e9 \u00e0 cette r\u00e9union, nous avons appris qu\u2019il n\u2019y a rien de politique, mais purement spirituel. Il est bon que nous soyons venus et tous nos malentendus et d\u00e9sinformations ont pris fin. Nous sommes heureux d\u2019avoir assist\u00e9 \u00e0 cette r\u00e9union. \u00bb<\/p>\n<p><img loading=\"lazy\" decoding=\"async\" class=\"alignright size-medium wp-image-24770\" src=\"http:\/\/awf.world\/wp-content\/uploads\/2020\/02\/NAFI-Meeting_2020-013-300x197.png\" alt=\"\" width=\"300\" height=\"197\" srcset=\"https:\/\/awf.world\/wp-content\/uploads\/2020\/02\/NAFI-Meeting_2020-013-300x197.png 300w, https:\/\/awf.world\/wp-content\/uploads\/2020\/02\/NAFI-Meeting_2020-013.png 495w\" sizes=\"auto, (max-width: 300px) 100vw, 300px\" \/><\/p>\n<p>Les participants ont trouv\u00e9 les messages des orateurs puissants, pertinents et opportuns. En outre, ils se sont sentis encourag\u00e9s en \u00e9coutant les histoires des uns et des autres sur l\u2019\u0153uvre de Dieu, malgr\u00e9 les d\u00e9fis auxquels ils \u00e9taient confront\u00e9s. Un pasteur a t\u00e9moign\u00e9 en disant : \u00ab J\u2019ai \u00e9t\u00e9 relanc\u00e9 spirituellement et rafra\u00eechi. Avant de venir \u00e0 l\u2019\u00e9v\u00e9nement, mon c\u0153ur \u00e9tait lourd. \u00bb Un autre pasteur a d\u00e9clar\u00e9 : \u00ab Ma vision et ma passion pour les missions ont \u00e9t\u00e9 renouvel\u00e9es lorsque j\u2019ai entendu les messages sur les missions et en entendant des t\u00e9moignages lors des rapports. \u00bb<\/p>\n<p>La conf\u00e9rence a eu lieu du 27 au 30 janvier \u00e0 Ahmedabad, Gujarat et les conf\u00e9renciers \u00e9taient le r\u00e9v\u00e9rend Jon Mitchell (Directeur Ex\u00e9cutif de l\u2019\u00c9cole de Pri\u00e8re Internationale) et le r\u00e9v\u00e9rend Aman Gupta (membre du Conseil d\u2019Administration de\u00a0l&rsquo;Alliance Chr\u00e9tienne et Missionnaire d\u2019Australie).<\/p>\n","protected":false},"author":24,"featured_media":24765,"template":"","meta":{"inline_featured_image":false,"ngg_post_thumbnail":0,"_EventAllDay":false,"_EventTimezone":"","_EventStartDate":"","_EventEndDate":"","_EventStartDateUTC":"","_EventEndDateUTC":"","_EventShowMap":false,"_EventShowMapLink":false,"_EventURL":"","_EventCost":"","_EventCostDescription":"","_EventCurrencySymbol":"","_EventCurrencyCode":"","_EventCurrencyPosition":"","_EventDateTimeSeparator":"","_EventTimeRangeSeparator":"","_EventOrganizerID":[],"_EventVenueID":[],"_OrganizerEmail":"","_OrganizerPhone":"","_OrganizerWebsite":"","_VenueAddress":"","_VenueCity":"","_VenueCountry":"","_VenueProvince":"","_VenueState":"","_VenueZip":"","_VenuePhone":"","_VenueURL":"","_VenueStateProvince":"","_VenueLat":"","_VenueLng":"","_VenueShowMap":false,"_VenueShowMapLink":false},"categories":[150,33],"tags":[196,260,204],"class_list":["post-24790","awf-news","type-awf-news","status-publish","has-post-thumbnail","hentry","category-asia-pacific","category-news-fr","tag-apac-fr","tag-inde","tag-leadership-fr"],"_links":{"self":[{"href":"https:\/\/awf.world\/fr\/wp-json\/wp\/v2\/awf-news\/24790","targetHints":{"allow":["GET"]}}],"collection":[{"href":"https:\/\/awf.world\/fr\/wp-json\/wp\/v2\/awf-news"}],"about":[{"href":"https:\/\/awf.world\/fr\/wp-json\/wp\/v2\/types\/awf-news"}],"author":[{"embeddable":true,"href":"https:\/\/awf.world\/fr\/wp-json\/wp\/v2\/users\/24"}],"wp:featuredmedia":[{"embeddable":true,"href":"https:\/\/awf.world\/fr\/wp-json\/wp\/v2\/media\/24765"}],"wp:attachment":[{"href":"https:\/\/awf.world\/fr\/wp-json\/wp\/v2\/media?parent=24790"}],"wp:term":[{"taxonomy":"category","embeddable":true,"href":"https:\/\/awf.world\/fr\/wp-json\/wp\/v2\/categories?post=24790"},{"taxonomy":"post_tag","embeddable":true,"href":"https:\/\/awf.world\/fr\/wp-json\/wp\/v2\/tags?post=24790"}],"curies":[{"name":"wp","href":"https:\/\/api.w.org\/{rel}","templated":true}]}}