{"id":24752,"date":"2020-02-10T08:58:30","date_gmt":"2020-02-10T13:58:30","guid":{"rendered":"http:\/\/awf.world\/awf-news\/connaissez-ivan-flores-le-nouveau-president-de-leglise-de-la-cma-du-chili\/"},"modified":"2020-04-02T07:41:49","modified_gmt":"2020-04-02T12:41:49","slug":"connaissez-ivan-flores-le-nouveau-president-de-leglise-de-la-cma-du-chili","status":"publish","type":"awf-news","link":"https:\/\/awf.world\/fr\/awf-news\/connaissez-ivan-flores-le-nouveau-president-de-leglise-de-la-cma-du-chili\/","title":{"rendered":"Connaissez Iv\u00e1n Flores, le Nouveau Pr\u00e9sident de l\u2019\u00c9glise de la CMA du Chili"},"content":{"rendered":"<h3 style=\"text-align: justify;\">Avec plus de 30 ans d\u2019exp\u00e9rience et une grande passion pour le Seigneur, le r\u00e9v\u00e9rend Iv\u00e1n Flores esp\u00e8re aider notre famille chilienne \u00e0 grandir, renforcer l\u2019identit\u00e9 de l\u2019Alliance, implanter de nouvelles \u00e9glises et \u00e9largir la vision missionnaire.<\/h3>\n<p>Le pasteur Iv\u00e1n Flores est n\u00e9 \u00e0 Osorno, au Chili, en septembre 1962. Ses parents, Carlos et Rosa, ont \u00e9t\u00e9 pasteurs de\u00a0l&rsquo;Alliance Chr\u00e9tienne et Missionnaire pendant 35 ans. Iv\u00e1n a cinq autres fr\u00e8res et s\u0153urs et il est mari\u00e9 \u00e0 Naara Mena Matamala, actuellement Secr\u00e9taire Nationale de l\u2019Union des Femmes de l\u2019Alliance du Chili. Ensemble, ils ont deux filles : Naara Eunice, 32 ans, mari\u00e9e et m\u00e8re d\u2019une fille, Ivanna, et Daniela, 30 ans, c\u00e9libataire et r\u00e9sidant en R\u00e9publique Dominicaine.<\/p>\n<p>Le r\u00e9v\u00e9rend Iv\u00e1n est dipl\u00f4m\u00e9 du S\u00e9minaire th\u00e9ologique de Temuco (baccalaur\u00e9at avanc\u00e9 en th\u00e9ologie) en 1984. Il a plus de 30 ans de minist\u00e8re et a \u00e9t\u00e9 pasteur au Chili, en R\u00e9publique Dominicaine et \u00e0 Cuba. Il a occup\u00e9 de nombreux postes importants, tels que celui de Secr\u00e9taire du District d\u2019Araucanie au Chili, de Secr\u00e9taire du Conseil National de la CMA Dominicaine, de directeur de l\u2019Institut Biblique de Cuba et d\u2019autres. Actuellement, il \u00e9tudie pour sa ma\u00eetrise en th\u00e9ologie au niveau de la th\u00e8se. Il a \u00e9galement \u00e9crit plusieurs livres.<\/p>\n<p>Iv\u00e1n Flores a \u00e9t\u00e9 \u00e9lu Pr\u00e9sident National lors d\u2019un vote secret lors de l\u2019assembl\u00e9e g\u00e9n\u00e9rale des 14 et 17 janvier 2020. Son mandat d\u00e9butera le 1er mars 2020 et durera quatre ans.<\/p>\n<p>L\u2019\u00e9glise chilienne \u00ab ach\u00e8ve notre nouvelle identit\u00e9 administrative, de la corporation \u00e0 l\u2019\u00e9glise. Nos plans se concentrent sur les missions, l\u2019implantation d\u2019\u00e9glises, la croissance interne des \u00e9glises et le leadership pastoral. Notre objectif sera de renforcer l\u2019identit\u00e9 de notre Alliance. \u00bb<\/p>\n<p>Le pasteur Iv\u00e1n nous demande de prier pour la force et la sagesse du Seigneur. Puisse le Seigneur nous guider pour vivre une vie de saintet\u00e9, dit-il, et \u00eatre un exemple de service chr\u00e9tien \u00e0 d\u2019autres \u00e9glises pour pr\u00e9parer le retour du Christ. Le Chili est confront\u00e9 \u00e0 de nombreux probl\u00e8mes sociaux complexes, veuillez donc prier pour que nous soyons l\u00e9gers et sal\u00e9s en ces temps difficiles.<\/p>\n","protected":false},"author":24,"featured_media":24749,"template":"","meta":{"inline_featured_image":false,"ngg_post_thumbnail":0,"_EventAllDay":false,"_EventTimezone":"","_EventStartDate":"","_EventEndDate":"","_EventStartDateUTC":"","_EventEndDateUTC":"","_EventShowMap":false,"_EventShowMapLink":false,"_EventURL":"","_EventCost":"","_EventCostDescription":"","_EventCurrencySymbol":"","_EventCurrencyCode":"","_EventCurrencyPosition":"","_EventDateTimeSeparator":"","_EventTimeRangeSeparator":"","_EventOrganizerID":[],"_EventVenueID":[],"_OrganizerEmail":"","_OrganizerPhone":"","_OrganizerWebsite":"","_VenueAddress":"","_VenueCity":"","_VenueCountry":"","_VenueProvince":"","_VenueState":"","_VenueZip":"","_VenuePhone":"","_VenueURL":"","_VenueStateProvince":"","_VenueLat":"","_VenueLng":"","_VenueShowMap":false,"_VenueShowMapLink":false},"categories":[152,33],"tags":[208,195,663,228],"class_list":["post-24752","awf-news","type-awf-news","status-publish","has-post-thumbnail","hentry","category-latin-america-fr","category-news-fr","tag-amerique-latine","tag-biography-fr","tag-chili-fr","tag-cla-fr"],"_links":{"self":[{"href":"https:\/\/awf.world\/fr\/wp-json\/wp\/v2\/awf-news\/24752","targetHints":{"allow":["GET"]}}],"collection":[{"href":"https:\/\/awf.world\/fr\/wp-json\/wp\/v2\/awf-news"}],"about":[{"href":"https:\/\/awf.world\/fr\/wp-json\/wp\/v2\/types\/awf-news"}],"author":[{"embeddable":true,"href":"https:\/\/awf.world\/fr\/wp-json\/wp\/v2\/users\/24"}],"wp:featuredmedia":[{"embeddable":true,"href":"https:\/\/awf.world\/fr\/wp-json\/wp\/v2\/media\/24749"}],"wp:attachment":[{"href":"https:\/\/awf.world\/fr\/wp-json\/wp\/v2\/media?parent=24752"}],"wp:term":[{"taxonomy":"category","embeddable":true,"href":"https:\/\/awf.world\/fr\/wp-json\/wp\/v2\/categories?post=24752"},{"taxonomy":"post_tag","embeddable":true,"href":"https:\/\/awf.world\/fr\/wp-json\/wp\/v2\/tags?post=24752"}],"curies":[{"name":"wp","href":"https:\/\/api.w.org\/{rel}","templated":true}]}}