{"id":24661,"date":"2019-11-13T12:24:45","date_gmt":"2019-11-13T17:24:45","guid":{"rendered":"http:\/\/awf.world\/?post_type=awf-news&#038;p=24661"},"modified":"2020-01-31T12:56:42","modified_gmt":"2020-01-31T17:56:42","slug":"leglise-equatorienne-celebre-120-ans-et-continue-loeuvre-de-dieu","status":"publish","type":"awf-news","link":"https:\/\/awf.world\/fr\/awf-news\/leglise-equatorienne-celebre-120-ans-et-continue-loeuvre-de-dieu\/","title":{"rendered":"L\u2019\u00c9glise \u00c9quatorienne C\u00e9l\u00e8bre 120 Ans et Continue l\u2019\u0152uvre de Dieu"},"content":{"rendered":"<h3 style=\"text-align: justify;\">Les travaux en \u00c9quateur ont d\u00e9but\u00e9 il y a 120 ans gr\u00e2ce aux efforts de Guillermo Fritz et Eduardo Tarbox. Plus tard, les missionnaires Homero Crisman et Guillermo Reed ont particip\u00e9 aux travaux. La CMA nationale a \u00e9t\u00e9 cr\u00e9\u00e9e en 1945. \u00c0 pr\u00e9sent, l\u2019\u00e9glise c\u00e9l\u00e8bre la 120e ann\u00e9e de son travail en \u00c9quateur, reconnaissante du soutien de Dieu \u00e0 chaque \u00e9tape. L\u2019\u00c9glise reste totalement attach\u00e9e \u00e0 poursuivre la t\u00e2che de voir un renouveau social en \u00c9quateur et \u00e0 forger et former des g\u00e9n\u00e9rations qui brillent pour la gloire de Dieu.<\/h3>\n<p>&nbsp;<\/p>\n<p>La CMA d&rsquo;\u00c9quateur a plusieurs minist\u00e8res :<\/p>\n<ul>\n<li><strong>le D\u00e9partement National des Missions Mondiales de la CMA (DNMM-ACyM) <\/strong>cherche \u00e0 canaliser les ressources des \u00e9glises nationales vers le travail missionnaire inter-culturel ; en particulier, envoyer des missionnaires aupr\u00e8s des peuples les moins atteints de la fen\u00eatre 10\/40, offrant un soutien spirituel et \u00e9conomique de la part des \u00e9glises.<\/li>\n<li><strong>le Conseil National de l&rsquo;\u00c9ducation Th\u00e9ologique (CONADET) <\/strong>est responsable de l&rsquo;administration et du fonctionnement du S\u00e9minaire Biblique de l&rsquo;Alliance de l&rsquo;\u00c9quateur et est supervis\u00e9 par le Conseil National.<\/li>\n<li><strong>le D\u00e9partement d&rsquo;\u00c9ducation Chr\u00e9tienne <\/strong>sert les \u00e9glises locales \u00e0 travers la formation d&rsquo;enseignants, la formation de disciple, l&rsquo;\u00e9vang\u00e9lisation et la fourniture de mat\u00e9riel pour enfants.<\/li>\n<li><strong>le D\u00e9partement d&rsquo;\u00c9vang\u00e9lisation<\/strong> est responsable de la promotion de l&rsquo;\u00e9vang\u00e9lisation \u00e0 travers la distribution de mat\u00e9riel et divers \u00e9v\u00e9nements.<\/li>\n<li><strong>le D\u00e9partement de Communication <\/strong>sert l&rsquo;\u00e9glise par le biais de la technologie en cr\u00e9ant de nouveaux canaux d&rsquo;information pour renforcer la communication entre les minist\u00e8res nationaux, les d\u00e9partements, les \u00e9glises locales et les congr\u00e9gations.<\/li>\n<li><strong>Associations <\/strong>:<br \/>\n<strong>&#8211; l&rsquo;Association Nationale de la Jeunesse \u00c9vang\u00e9lique (ANJE) <\/strong>travaille avec les \u00e9glises locales et leurs minist\u00e8res de la jeunesse.<br \/>\n<strong>&#8211; l\u2019ANAFE (Association Nationale des Femmes \u00c9quatoriennes) <\/strong>travaille avec les \u00e9glises locales et leurs minist\u00e8res pour les femmes.<\/li>\n<\/ul>\n<p>L&rsquo;Alliance en \u00c9quateur est divis\u00e9e en six r\u00e9gions qui r\u00e9alisent les plans de l&rsquo;\u00e9glise nationale.<\/p>\n<p>Points de Pri\u00e8re :<\/p>\n<ul>\n<li>Priez pour l&rsquo;unit\u00e9 au sein de l&rsquo;\u00e9glise nationale.<\/li>\n<li>Priez pour que plus de missionnaires soient envoy\u00e9s sur le terrain.<\/li>\n<li>Priez pour le Conseil d&rsquo;Administration National dans l&rsquo;exercice de son minist\u00e8re.<\/li>\n<\/ul>\n","protected":false},"author":24,"featured_media":24675,"template":"","meta":{"inline_featured_image":false,"ngg_post_thumbnail":0,"_EventAllDay":false,"_EventTimezone":"","_EventStartDate":"","_EventEndDate":"","_EventStartDateUTC":"","_EventEndDateUTC":"","_EventShowMap":false,"_EventShowMapLink":false,"_EventURL":"","_EventCost":"","_EventCostDescription":"","_EventCurrencySymbol":"","_EventCurrencyCode":"","_EventCurrencyPosition":"","_EventDateTimeSeparator":"","_EventTimeRangeSeparator":"","_EventOrganizerID":[],"_EventVenueID":[],"_OrganizerEmail":"","_OrganizerPhone":"","_OrganizerWebsite":"","_VenueAddress":"","_VenueCity":"","_VenueCountry":"","_VenueProvince":"","_VenueState":"","_VenueZip":"","_VenuePhone":"","_VenueURL":"","_VenueStateProvince":"","_VenueLat":"","_VenueLng":"","_VenueShowMap":false,"_VenueShowMapLink":false},"categories":[152,33],"tags":[208,228,229,201,381,204,322,266,206],"class_list":["post-24661","awf-news","type-awf-news","status-publish","has-post-thumbnail","hentry","category-latin-america-fr","category-news-fr","tag-amerique-latine","tag-cla-fr","tag-education-theologique","tag-church-planting-fr","tag-ecuador-fr","tag-leadership-fr","tag-ministere-de-la-jeunesse","tag-femmes-ministere","tag-missions-fr"],"_links":{"self":[{"href":"https:\/\/awf.world\/fr\/wp-json\/wp\/v2\/awf-news\/24661","targetHints":{"allow":["GET"]}}],"collection":[{"href":"https:\/\/awf.world\/fr\/wp-json\/wp\/v2\/awf-news"}],"about":[{"href":"https:\/\/awf.world\/fr\/wp-json\/wp\/v2\/types\/awf-news"}],"author":[{"embeddable":true,"href":"https:\/\/awf.world\/fr\/wp-json\/wp\/v2\/users\/24"}],"wp:featuredmedia":[{"embeddable":true,"href":"https:\/\/awf.world\/fr\/wp-json\/wp\/v2\/media\/24675"}],"wp:attachment":[{"href":"https:\/\/awf.world\/fr\/wp-json\/wp\/v2\/media?parent=24661"}],"wp:term":[{"taxonomy":"category","embeddable":true,"href":"https:\/\/awf.world\/fr\/wp-json\/wp\/v2\/categories?post=24661"},{"taxonomy":"post_tag","embeddable":true,"href":"https:\/\/awf.world\/fr\/wp-json\/wp\/v2\/tags?post=24661"}],"curies":[{"name":"wp","href":"https:\/\/api.w.org\/{rel}","templated":true}]}}