{"id":24652,"date":"2020-01-30T13:37:19","date_gmt":"2020-01-30T18:37:19","guid":{"rendered":"http:\/\/awf.world\/awf-news\/naissance-de-leglise-de-lalliance-soudanaise\/"},"modified":"2020-04-02T07:45:13","modified_gmt":"2020-04-02T12:45:13","slug":"naissance-de-leglise-de-lalliance-soudanaise","status":"publish","type":"awf-news","link":"https:\/\/awf.world\/fr\/awf-news\/naissance-de-leglise-de-lalliance-soudanaise\/","title":{"rendered":"Naissance de l\u2019\u00c9glise de l\u2019Alliance Soudanaise"},"content":{"rendered":"<h3 style=\"text-align: justify;\">La R\u00e9gion EMERALD (Europe et Moyen-Orient) de l\u2019UMA (Union Mondiale de l\u2019Alliance) a envoy\u00e9 l\u2019un des jeunes universitaires form\u00e9s l\u2019ann\u00e9e derni\u00e8re pour transmettre l\u2019ADN de l\u2019Alliance \u00e0 une ville d\u2019Afrique du Nord afin de pr\u00e9senter plus de 40 croyants r\u00e9fugi\u00e9s d\u2019un autre milieu \u00e0 notre histoire et \u00e0 nos particularit\u00e9s.<\/h3>\n<p>Deux jours de formation ont engendr\u00e9 une grande joie alors que se partageait le fondement \u00e0 deux volets de notre mouvement : une passion pour atteindre les perdus et vivre une vie de saintet\u00e9 comme le Seigneur a travaill\u00e9 par l\u2019interm\u00e9diaire de notre fondateur, A. B. Simpson. L\u2019ajustement de l\u2019Alliance a commenc\u00e9 par un accent sur les r\u00e9fugi\u00e9s italiens de New York et est parfait avec nos quatre bourses de r\u00e9fugi\u00e9s. Notre fr\u00e8re \u00e9tait ravi de rencontrer le peuple soudanais et l\u2019a embrass\u00e9 en dissipant chaleureusement les lacunes culturelles en tant que chr\u00e9tien arabe avec notre peuple qui a \u00e9chapp\u00e9 au g\u00e9nocide aux mains de dirigeants essayant de leur imposer une culture et une religion. La pr\u00e9sence du Seigneur \u00e9tait partout pr\u00e9sente et les r\u00e9unions se sont termin\u00e9es avec l\u2019un de nos dirigeants, qui a lav\u00e9 les pieds du fr\u00e8re arabe. Il n\u2019est peut-\u00eatre pas surprenant qu\u2019il ait r\u00e9pondu par une demande imm\u00e9diate de laver les pieds de l\u2019un des croyants &#8211; ce qu\u2019il a fait avec ardeur.<\/p>\n<p>Dieu le Saint-Esprit a en effet fait sortir \u00ab la beaut\u00e9 des cendres \u00bb (\u00c9sa\u00efe 61 : 3), tout comme le Messie le fera un jour. Il l\u2019a d\u00e9j\u00e0 fait pour nos 45 croyants. La beaut\u00e9 est vue de plusieurs mani\u00e8res. L\u2019\u00c9glise de l\u2019Alliance soudanaise est distincte en ce que tous les membres suivent une formation biblique pour diriger. Il y a six diacres et six diaconesses qui fonctionnent comme des leaders serviteurs, chacun initi\u00e9 par le lavage des pieds et la pri\u00e8re. En contraste complet avec leur pass\u00e9 &#8211; avec de multiples \u00e9pouses, l\u2019infid\u00e9lit\u00e9 et beaucoup d\u2019abus &#8211; 19 couples ont prononc\u00e9 les v\u0153ux de vie d\u2019un homme et d\u2019une femme pour la vie en Christ. Vingt-neuf enfants composent nos bourses et apprennent la Parole de Dieu. L\u2019adoration qui n\u2019avait inclus aucune musique dans leur pass\u00e9 est maintenant vibrante avec de nouvelles chansons \u00e9crites chaque semaine dans leur langue maternelle et accompagn\u00e9es d\u2019une danse d\u2019adoration. Quatre films ont \u00e9t\u00e9 produits avec l\u2019agence missionnaire Cru et la traduction de la Parole de Dieu est en bonne voie.<\/p>\n<p>L\u2019ADN de\u00a0l&rsquo;Alliance Chr\u00e9tienne et Missionnaire partag\u00e9 \u00e9tait : \u00ab Tout tourne autour de J\u00e9sus \u00bb. Son visage est clairement visible dans cette nouvelle famille de l\u2019Alliance.<\/p>\n","protected":false},"author":24,"featured_media":24649,"template":"","meta":{"inline_featured_image":false,"ngg_post_thumbnail":0,"_EventAllDay":false,"_EventTimezone":"","_EventStartDate":"","_EventEndDate":"","_EventStartDateUTC":"","_EventEndDateUTC":"","_EventShowMap":false,"_EventShowMapLink":false,"_EventURL":"","_EventCost":"","_EventCostDescription":"","_EventCurrencySymbol":"","_EventCurrencyCode":"","_EventCurrencyPosition":"","_EventDateTimeSeparator":"","_EventTimeRangeSeparator":"","_EventOrganizerID":[],"_EventVenueID":[],"_OrganizerEmail":"","_OrganizerPhone":"","_OrganizerWebsite":"","_VenueAddress":"","_VenueCity":"","_VenueCountry":"","_VenueProvince":"","_VenueState":"","_VenueZip":"","_VenuePhone":"","_VenueURL":"","_VenueStateProvince":"","_VenueLat":"","_VenueLng":"","_VenueShowMap":false,"_VenueShowMapLink":false},"categories":[284,33],"tags":[277,201,204],"class_list":["post-24652","awf-news","type-awf-news","status-publish","has-post-thumbnail","hentry","category-afrique","category-news-fr","tag-afrique","tag-church-planting-fr","tag-leadership-fr"],"_links":{"self":[{"href":"https:\/\/awf.world\/fr\/wp-json\/wp\/v2\/awf-news\/24652","targetHints":{"allow":["GET"]}}],"collection":[{"href":"https:\/\/awf.world\/fr\/wp-json\/wp\/v2\/awf-news"}],"about":[{"href":"https:\/\/awf.world\/fr\/wp-json\/wp\/v2\/types\/awf-news"}],"author":[{"embeddable":true,"href":"https:\/\/awf.world\/fr\/wp-json\/wp\/v2\/users\/24"}],"wp:featuredmedia":[{"embeddable":true,"href":"https:\/\/awf.world\/fr\/wp-json\/wp\/v2\/media\/24649"}],"wp:attachment":[{"href":"https:\/\/awf.world\/fr\/wp-json\/wp\/v2\/media?parent=24652"}],"wp:term":[{"taxonomy":"category","embeddable":true,"href":"https:\/\/awf.world\/fr\/wp-json\/wp\/v2\/categories?post=24652"},{"taxonomy":"post_tag","embeddable":true,"href":"https:\/\/awf.world\/fr\/wp-json\/wp\/v2\/tags?post=24652"}],"curies":[{"name":"wp","href":"https:\/\/api.w.org\/{rel}","templated":true}]}}