{"id":24620,"date":"2020-01-28T08:01:58","date_gmt":"2020-01-28T13:01:58","guid":{"rendered":"http:\/\/awf.world\/awf-news\/un-hommage-au-dr-arnold-cook\/"},"modified":"2020-01-28T08:01:58","modified_gmt":"2020-01-28T13:01:58","slug":"un-hommage-au-dr-arnold-cook","status":"publish","type":"awf-news","link":"https:\/\/awf.world\/fr\/awf-news\/un-hommage-au-dr-arnold-cook\/","title":{"rendered":"Un Hommage au Dr Arnold Cook"},"content":{"rendered":"<h3 style=\"text-align: justify;\">Le r\u00e9v\u00e9rend Arnold Lorne Cook, pr\u00e9sident de l\u2019Union Mondiale de l\u2019Alliance de 2000 \u00e0 2004, est pass\u00e9 paisiblement en pr\u00e9sence de Dieu, entour\u00e9 de sa famille et de ses amis le 23 janvier 2020 \u00e0 l\u2019\u00e2ge de 87 ans.<\/h3>\n<p>Le Dr Cook \u00e9tait un leader bien-aim\u00e9 de l\u2019Alliance, avec une profonde soif de r\u00e9veil et une grande passion pour les missions. Le r\u00e9v\u00e9rend Arie Verduijn, ancien pr\u00e9sident de l\u2019UMA de 2004 \u00e0 2016, se souvient : \u00ab Il \u00e9tait doux, sage et passionn\u00e9 par le Seigneur J\u00e9sus. Il demanderait toujours la renaissance de notre relation avec Lui. Parmi les choses que j\u2019ai apprises du Dr Arnold Cook, il y en a une qui m\u2019a profond\u00e9ment impressionn\u00e9 : lors de la c\u00e9l\u00e9bration de la C\u00e8ne, il exhortait toutes les personnes pr\u00e9sentes \u00e0 se souvenir de ceux pour qui la table n\u2019\u00e9tait pas encore dress\u00e9e. Partager l\u2019amour de Dieu avec les nations \u00e9tait son z\u00e8le. Il a transmis cette passion \u00e0 la famille de l\u2019Alliance internationale et \u00e0 moi personnellement. \u00bb<\/p>\n<p>Le Dr Cook \u00e9tait \u00e9galement une voix proph\u00e9tique et un penseur profond. Il avait une vision claire du pr\u00e9sent et de l\u2019avenir du mouvement de l\u2019Alliance chr\u00e9tienne et missionnaire. \u00c0 travers son livre, \u00ab D\u00e9rive Historique, Mon \u00c9glise Doit-elle Mourir ? \u00bb (<em>Historical Drift, Must My Church Die?<\/em>), et de nombreux articles et articles universitaires, il a trac\u00e9 la voie fondamentale pour que l\u2019Alliance, un mouvement missionnaire du XIXe si\u00e8cle, soit fid\u00e8le \u00e0 sa vocation au XXIe si\u00e8cle.<\/p>\n<p>Le Dr Cook est n\u00e9 \u00e0 Chesley, en Ontario, Canada, le 28 ao\u00fbt 1932 et est dipl\u00f4m\u00e9 du Coll\u00e8ge Biblique Canadien, du Coll\u00e8ge Canadien de Th\u00e9ologie et du S\u00e9minaire Th\u00e9ologique Fuller, o\u00f9 il a obtenu un doctorat en missiologie. Il a \u00e9t\u00e9 pasteur au Canada ; un missionnaire en Colombie, en Argentine et au P\u00e9rou ; membre du corps professoral du Coll\u00e8ge Biblique Canadien et du S\u00e9minaire Th\u00e9ologique Canadien ; en tant que vice-pr\u00e9sident du personnel et des missions ; et en tant que pr\u00e9sident de la CMA au Canada de 1992 \u00e0 2000.<\/p>\n<p>Le Dr Cook laisse dans le deuil son \u00e9pouse, Mary-Lou (Catto) ; ses enfants Charles (Darla), Tim (Sandy), Mike (Sandy), John (Beth) et Beth-Ann (Walter), ainsi que huit petits-enfants et cinq arri\u00e8re-petits-enfants.<\/p>\n<p>Prions sinc\u00e8rement pour que le Seigneur apporte r\u00e9confort, paix et force \u00e0 la famille du Dr Cook alors qu\u2019ils naviguent \u00e0 travers des bons souvenirs et des \u00e9motions indescriptibles.<\/p>\n<p>Des informations \u00e0 jour sur les d\u00e9tails des fun\u00e9railles du Dr Cook sont disponibles sur le site Web suivant :\u00a0<a href=\"https:\/\/www.cmacan.org\/in-memory-of-dr-arnold-cook\/\" target=\"_blank\" rel=\"noopener\">https:\/\/www.cmacan.org\/in-memory-of-dr-arnold-cook\/<\/a><\/p>\n","protected":false},"author":24,"featured_media":24614,"template":"","meta":{"inline_featured_image":false,"ngg_post_thumbnail":0,"_EventAllDay":false,"_EventTimezone":"","_EventStartDate":"","_EventEndDate":"","_EventStartDateUTC":"","_EventEndDateUTC":"","_EventShowMap":false,"_EventShowMapLink":false,"_EventURL":"","_EventCost":"","_EventCostDescription":"","_EventCurrencySymbol":"","_EventCurrencyCode":"","_EventCurrencyPosition":"","_EventDateTimeSeparator":"","_EventTimeRangeSeparator":"","_EventOrganizerID":[],"_EventVenueID":[],"_OrganizerEmail":"","_OrganizerPhone":"","_OrganizerWebsite":"","_VenueAddress":"","_VenueCity":"","_VenueCountry":"","_VenueProvince":"","_VenueState":"","_VenueZip":"","_VenuePhone":"","_VenueURL":"","_VenueStateProvince":"","_VenueLat":"","_VenueLng":"","_VenueShowMap":false,"_VenueShowMapLink":false},"categories":[334,33],"tags":[328,410,204,206],"class_list":["post-24620","awf-news","type-awf-news","status-publish","has-post-thumbnail","hentry","category-amerique-du-nord","category-news-fr","tag-amerique-du-nord","tag-canada-fr","tag-leadership-fr","tag-missions-fr"],"_links":{"self":[{"href":"https:\/\/awf.world\/fr\/wp-json\/wp\/v2\/awf-news\/24620","targetHints":{"allow":["GET"]}}],"collection":[{"href":"https:\/\/awf.world\/fr\/wp-json\/wp\/v2\/awf-news"}],"about":[{"href":"https:\/\/awf.world\/fr\/wp-json\/wp\/v2\/types\/awf-news"}],"author":[{"embeddable":true,"href":"https:\/\/awf.world\/fr\/wp-json\/wp\/v2\/users\/24"}],"wp:featuredmedia":[{"embeddable":true,"href":"https:\/\/awf.world\/fr\/wp-json\/wp\/v2\/media\/24614"}],"wp:attachment":[{"href":"https:\/\/awf.world\/fr\/wp-json\/wp\/v2\/media?parent=24620"}],"wp:term":[{"taxonomy":"category","embeddable":true,"href":"https:\/\/awf.world\/fr\/wp-json\/wp\/v2\/categories?post=24620"},{"taxonomy":"post_tag","embeddable":true,"href":"https:\/\/awf.world\/fr\/wp-json\/wp\/v2\/tags?post=24620"}],"curies":[{"name":"wp","href":"https:\/\/api.w.org\/{rel}","templated":true}]}}