{"id":24595,"date":"2020-01-22T12:35:01","date_gmt":"2020-01-22T17:35:01","guid":{"rendered":"http:\/\/awf.world\/awf-news\/connaissez-mafe-une-enfant-de-pasteur-qui-est-retourne-au-christ-et-atteint-maintenant-des-milliers-de-personnes-via-youtube\/"},"modified":"2020-04-02T07:53:19","modified_gmt":"2020-04-02T12:53:19","slug":"connaissez-mafe-une-enfant-de-pasteur-qui-est-retourne-au-christ-et-atteint-maintenant-des-milliers-de-personnes-via-youtube","status":"publish","type":"awf-news","link":"https:\/\/awf.world\/fr\/awf-news\/connaissez-mafe-une-enfant-de-pasteur-qui-est-retourne-au-christ-et-atteint-maintenant-des-milliers-de-personnes-via-youtube\/","title":{"rendered":"Connaissez Mafe, une Enfant de Pasteur qui est retourn\u00e9 au Christ et atteint maintenant des milliers de personnes via YouTube"},"content":{"rendered":"<h3 style=\"text-align: justify;\">Maria Fe est une P\u00e9ruvienne de 21 ans qui vit en Espagne et elle \u00ab pr\u00eache \u00bb via les r\u00e9seaux sociaux. Sa cha\u00eene sur YouTube, \u00ab Be the Light \u00bb (Soyez la Lumi\u00e8re), compte pr\u00e8s de 100 000 abonn\u00e9s. Elle a re\u00e7u des millions de vues. Mais tout au long de son adolescence, \u00ab Mafe \u00bb a \u00e9t\u00e9 marginalis\u00e9e en raison de son appartenance ethnique et de sa foi, la laissant perdue, se sentant indigne et \u00e9loign\u00e9e de Dieu.<\/h3>\n<figure id=\"attachment_24591\" aria-describedby=\"caption-attachment-24591\" style=\"width: 300px\" class=\"wp-caption alignleft\"><img loading=\"lazy\" decoding=\"async\" class=\"wp-image-24591 size-medium\" src=\"http:\/\/awf.world\/wp-content\/uploads\/2020\/01\/Mafe_Betania1-300x200.jpg\" alt=\"\" width=\"300\" height=\"200\" srcset=\"https:\/\/awf.world\/wp-content\/uploads\/2020\/01\/Mafe_Betania1-300x200.jpg 300w, https:\/\/awf.world\/wp-content\/uploads\/2020\/01\/Mafe_Betania1-768x513.jpg 768w, https:\/\/awf.world\/wp-content\/uploads\/2020\/01\/Mafe_Betania1-1024x684.jpg 1024w, https:\/\/awf.world\/wp-content\/uploads\/2020\/01\/Mafe_Betania1-391x260.jpg 391w, https:\/\/awf.world\/wp-content\/uploads\/2020\/01\/Mafe_Betania1-272x182.jpg 272w, https:\/\/awf.world\/wp-content\/uploads\/2020\/01\/Mafe_Betania1.jpg 1500w\" sizes=\"auto, (max-width: 300px) 100vw, 300px\" \/><figcaption id=\"caption-attachment-24591\" class=\"wp-caption-text\">\u00ab\u00a0Mafe\u00a0\u00bb Maria Fe<\/figcaption><\/figure>\n<p>Les parents de Maria Fe sont des missionnaires de la CMA du P\u00e9rou qui servent en Espagne. Grandir dans une famille chr\u00e9tienne ethniquement p\u00e9ruvienne \u00e9tait difficile en Espagne o\u00f9 la religion majoritaire est le catholicisme romain. Mafe a \u00e9t\u00e9 mal comprise et raill\u00e9e pour son appartenance ethnique, ainsi que pour le travail de sa famille.<\/p>\n<p>Initialement passionn\u00e9e par sa foi, les sentiments de marginalisation de Mafe se sont manifest\u00e9s par des probl\u00e8mes d\u2019identit\u00e9 qui lui ont fait honte. Comme adolescente, son d\u00e9sir d\u2019appartenir \u00e0 ses amis l\u2019a conduit \u00e0 mentir. Elle se sentait coupable, indigne et effray\u00e9e d\u2019approcher Dieu. Elle dit : \u00ab Je suis devenue une fille si triste, j\u2019ai perdu espoir et ma foi. M\u00eame si j\u2019\u00e9tais un enfant de pasteur, je n\u2019\u00e9tais pas du tout une Chr\u00e9tienne. \u00bb<\/p>\n<p>\u00c0 l\u2019\u00e9t\u00e9 2015, ses parents ont cr\u00e9\u00e9 l\u2019\u00e9cole d\u2019\u00e9t\u00e9 pour jeunes \u00ab Bethany \u00bb \u00e0 Alicante, en Espagne. Ils l\u2019ont encourag\u00e9e \u00e0 se pr\u00e9senter en lui proposant de la payer en \u00e9change de son aide \u00e0 la cuisine. Un jour, apr\u00e8s avoir termin\u00e9 ses fonctions, Mafe s\u2019est ennuy\u00e9e et s\u2019est assise dans un cours d\u2019apolog\u00e9tique. Elle se souvient : \u00ab J\u2019avais tellement de doutes dans ma t\u00eate \u00e0 propos de Dieu &#8230; Mais dans cette classe, j\u2019ai r\u00e9solu la plupart d\u2019entre eux, les plus importants. \u00bb Dans les jours qui ont suivi, elle s\u2019est donn\u00e9e au Seigneur : \u00ab Je lui ai tout donn\u00e9 ; mon esprit et mon c\u0153ur, ma vie. \u00bb C\u2019est l\u00e0 qu\u2019elle a re\u00e7u l\u2019appel \u00e0 pr\u00eacher, en utilisant YouTube pour toucher des milliers de personnes avec son histoire et la bonne nouvelle de J\u00e9sus.<\/p>\n<p>Maintenant, Maria Fe participe \u00e0 l\u2019organisation des \u00e9coles d\u2019\u00e9t\u00e9 de la mission \u00e0 proximit\u00e9 et participera au programme annuel qui commence en octobre 2020. Elle \u00e9tudie \u00e0 l\u2019Institut Biblique de\u00a0l&rsquo;Alliance Chr\u00e9tienne et Missionnaire en Espagne.<\/p>\n<p>Sa cha\u00eene se trouve sur : <a href=\"https:\/\/youtu.be\/iUb_ERJh2ag\" target=\"_blank\" rel=\"noopener\">https:\/\/youtu.be\/iUb_ERJh2ag<\/a><\/p>\n","protected":false},"author":24,"featured_media":24589,"template":"","meta":{"inline_featured_image":false,"ngg_post_thumbnail":0,"_EventAllDay":false,"_EventTimezone":"","_EventStartDate":"","_EventEndDate":"","_EventStartDateUTC":"","_EventEndDateUTC":"","_EventShowMap":false,"_EventShowMapLink":false,"_EventURL":"","_EventCost":"","_EventCostDescription":"","_EventCurrencySymbol":"","_EventCurrencyCode":"","_EventCurrencyPosition":"","_EventDateTimeSeparator":"","_EventTimeRangeSeparator":"","_EventOrganizerID":[],"_EventVenueID":[],"_OrganizerEmail":"","_OrganizerPhone":"","_OrganizerWebsite":"","_VenueAddress":"","_VenueCity":"","_VenueCountry":"","_VenueProvince":"","_VenueState":"","_VenueZip":"","_VenuePhone":"","_VenueURL":"","_VenueStateProvince":"","_VenueLat":"","_VenueLng":"","_VenueShowMap":false,"_VenueShowMapLink":false},"categories":[145,33],"tags":[200,235],"class_list":["post-24595","awf-news","type-awf-news","status-publish","has-post-thumbnail","hentry","category-europe-middle-east","category-news-fr","tag-emerald-fr","tag-espagne"],"_links":{"self":[{"href":"https:\/\/awf.world\/fr\/wp-json\/wp\/v2\/awf-news\/24595","targetHints":{"allow":["GET"]}}],"collection":[{"href":"https:\/\/awf.world\/fr\/wp-json\/wp\/v2\/awf-news"}],"about":[{"href":"https:\/\/awf.world\/fr\/wp-json\/wp\/v2\/types\/awf-news"}],"author":[{"embeddable":true,"href":"https:\/\/awf.world\/fr\/wp-json\/wp\/v2\/users\/24"}],"wp:featuredmedia":[{"embeddable":true,"href":"https:\/\/awf.world\/fr\/wp-json\/wp\/v2\/media\/24589"}],"wp:attachment":[{"href":"https:\/\/awf.world\/fr\/wp-json\/wp\/v2\/media?parent=24595"}],"wp:term":[{"taxonomy":"category","embeddable":true,"href":"https:\/\/awf.world\/fr\/wp-json\/wp\/v2\/categories?post=24595"},{"taxonomy":"post_tag","embeddable":true,"href":"https:\/\/awf.world\/fr\/wp-json\/wp\/v2\/tags?post=24595"}],"curies":[{"name":"wp","href":"https:\/\/api.w.org\/{rel}","templated":true}]}}